{"id":9692,"date":"2026-03-18T16:14:43","date_gmt":"2026-03-18T15:14:43","guid":{"rendered":"https:\/\/snudifo37.fr\/?p=9692"},"modified":"2026-03-18T16:14:54","modified_gmt":"2026-03-18T15:14:54","slug":"echos-des-mobilisations-partout-parents-enseignants-personnels-elus-se-mobilisent-contre-les-4000-suppressions-de-postes-et-toutes-les-restrictions-budgetaires-qui-vont-mettre-encore-plus-a-mal","status":"publish","type":"post","link":"https:\/\/snudifo37.fr\/index.php\/2026\/03\/18\/echos-des-mobilisations-partout-parents-enseignants-personnels-elus-se-mobilisent-contre-les-4000-suppressions-de-postes-et-toutes-les-restrictions-budgetaires-qui-vont-mettre-encore-plus-a-mal\/","title":{"rendered":"ECHOS DES MOBILISATIONS : partout, parents, enseignants, personnels, \u00e9lus se mobilisent contre les 4000 suppressions de postes et toutes les restrictions budg\u00e9taires qui vont mettre encore plus \u00e0 mal l&rsquo;Ecole publique!"},"content":{"rendered":"\n<p>Au coll\u00e8ge de Loches, les personnels se sont rassembl\u00e9s le 12 mars massivement devant leur \u00e9tablissement. Plusieurs audiences d&rsquo;\u00e9tablissements ont eu lieu ou ont lieu cette semaine, Esvres, Corneille. Une rencontre professeurs parents est pr\u00e9vue sur Amboise le jeudi 19 mars \u00e0 18H \u00e0 l&rsquo;UL FO d&rsquo;Amboise pour d\u00e9cider des moyens d&rsquo;action.<\/p>\n\n\n\n<div data-wp-interactive=\"core\/file\" class=\"wp-block-file\"><object data-wp-bind--hidden=\"!state.hasPdfPreview\" hidden class=\"wp-block-file__embed\" data=\"https:\/\/snudifo37.fr\/wp-content\/uploads\/2026\/03\/Echos-des-mobilisations.pdf\" type=\"application\/pdf\" style=\"width:100%;height:600px\" aria-label=\"Contenu embarqu\u00e9 Echos des mobilisations.\"><\/object><a id=\"wp-block-file--media-0001ee37-9589-4511-a811-0e9a95cd2ea2\" href=\"https:\/\/snudifo37.fr\/wp-content\/uploads\/2026\/03\/Echos-des-mobilisations.pdf\">Echos des mobilisations<\/a><a href=\"https:\/\/snudifo37.fr\/wp-content\/uploads\/2026\/03\/Echos-des-mobilisations.pdf\" class=\"wp-block-file__button wp-element-button\" download aria-describedby=\"wp-block-file--media-0001ee37-9589-4511-a811-0e9a95cd2ea2\">T\u00e9l\u00e9charger<\/a><\/div>\n\n\n\n<div data-wp-interactive=\"core\/file\" class=\"wp-block-file\"><object data-wp-bind--hidden=\"!state.hasPdfPreview\" hidden class=\"wp-block-file__embed\" data=\"https:\/\/snudifo37.fr\/wp-content\/uploads\/2026\/03\/Echos-des-mobilisations-2.pdf\" type=\"application\/pdf\" style=\"width:100%;height:600px\" aria-label=\"Contenu embarqu\u00e9 Echos des mobilisations 2.\"><\/object><a id=\"wp-block-file--media-3adcd550-1dd7-44d2-9308-e5968a01aa46\" href=\"https:\/\/snudifo37.fr\/wp-content\/uploads\/2026\/03\/Echos-des-mobilisations-2.pdf\">Echos des mobilisations 2<\/a><a href=\"https:\/\/snudifo37.fr\/wp-content\/uploads\/2026\/03\/Echos-des-mobilisations-2.pdf\" class=\"wp-block-file__button wp-element-button\" download aria-describedby=\"wp-block-file--media-3adcd550-1dd7-44d2-9308-e5968a01aa46\">T\u00e9l\u00e9charger<\/a><\/div>\n<a class=\"synved-social-button synved-social-button-share synved-social-size-32 synved-social-resolution-single synved-social-provider-facebook nolightbox\" data-provider=\"facebook\" target=\"_blank\" rel=\"nofollow\" title=\"Faites le savoir \u00e0 vos amis via Facebook \" href=\"https:\/\/www.facebook.com\/sharer.php?u=https%3A%2F%2Fsnudifo37.fr%2Findex.php%2Fwp-json%2Fwp%2Fv2%2Fposts%2F9692&#038;t=ECHOS%20DES%20MOBILISATIONS%20%3A%20partout%2C%20parents%2C%20enseignants%2C%20personnels%2C%20%C3%A9lus%20se%20mobilisent%20contre%20les%204000%20suppressions%20de%20postes%20et%20toutes%20les%20restrictions%20budg%C3%A9taires%20qui%20vont%20mettre%20encore%20plus%20%C3%A0%20mal%20l%E2%80%99Ecole%20publique%21&#038;s=100&#038;p&#091;url&#093;=https%3A%2F%2Fsnudifo37.fr%2Findex.php%2Fwp-json%2Fwp%2Fv2%2Fposts%2F9692&#038;p&#091;images&#093;&#091;0&#093;=https%3A%2F%2Fsnudifo37.fr%2Fwp-content%2Fuploads%2F2026%2F01%2Fcolm-rythmes-274x300-1-2.png&#038;p&#091;title&#093;=ECHOS%20DES%20MOBILISATIONS%20%3A%20partout%2C%20parents%2C%20enseignants%2C%20personnels%2C%20%C3%A9lus%20se%20mobilisent%20contre%20les%204000%20suppressions%20de%20postes%20et%20toutes%20les%20restrictions%20budg%C3%A9taires%20qui%20vont%20mettre%20encore%20plus%20%C3%A0%20mal%20l%E2%80%99Ecole%20publique%21\" style=\"font-size: 0px;width:32px;height:32px;margin:0;margin-bottom:20px;margin-right:20px\"><img loading=\"lazy\" decoding=\"async\" alt=\"Facebook\" title=\"Faites le savoir \u00e0 vos amis via Facebook \" class=\"synved-share-image synved-social-image synved-social-image-share\" width=\"32\" height=\"32\" style=\"display: inline;width:32px;height:32px;margin: 0;padding: 0;border: none;box-shadow: none\" src=\"https:\/\/snudifo37.fr\/wp-content\/plugins\/social-media-feather\/synved-social\/image\/social\/regular\/64x64\/facebook.png\" \/><\/a><a class=\"synved-social-button synved-social-button-share synved-social-size-32 synved-social-resolution-single synved-social-provider-twitter nolightbox\" data-provider=\"twitter\" target=\"_blank\" rel=\"nofollow\" title=\"Informez-en vos amis via Twitter\" href=\"https:\/\/twitter.com\/intent\/tweet?url=https%3A%2F%2Fsnudifo37.fr%2Findex.php%2Fwp-json%2Fwp%2Fv2%2Fposts%2F9692&#038;text=Le%20Snudi-Fo%20vous%20informe%3A\" style=\"font-size: 0px;width:32px;height:32px;margin:0;margin-bottom:20px;margin-right:20px\"><img loading=\"lazy\" decoding=\"async\" alt=\"twitter\" title=\"Informez-en vos amis via Twitter\" class=\"synved-share-image synved-social-image synved-social-image-share\" width=\"32\" height=\"32\" style=\"display: inline;width:32px;height:32px;margin: 0;padding: 0;border: none;box-shadow: none\" src=\"https:\/\/snudifo37.fr\/wp-content\/plugins\/social-media-feather\/synved-social\/image\/social\/regular\/64x64\/twitter.png\" \/><\/a><a class=\"synved-social-button synved-social-button-share synved-social-size-32 synved-social-resolution-single synved-social-provider-mail nolightbox\" data-provider=\"mail\" rel=\"nofollow\" title=\"Les derni\u00e8res informations du Snudi-Fo 37\" href=\"mailto:?subject=ECHOS%20DES%20MOBILISATIONS%20%3A%20partout%2C%20parents%2C%20enseignants%2C%20personnels%2C%20%C3%A9lus%20se%20mobilisent%20contre%20les%204000%20suppressions%20de%20postes%20et%20toutes%20les%20restrictions%20budg%C3%A9taires%20qui%20vont%20mettre%20encore%20plus%20%C3%A0%20mal%20l%E2%80%99Ecole%20publique%21&#038;body=Le%20Snudi-Fo%20vous%20informe%3A:%20https%3A%2F%2Fsnudifo37.fr%2Findex.php%2Fwp-json%2Fwp%2Fv2%2Fposts%2F9692\" style=\"font-size: 0px;width:32px;height:32px;margin:0;margin-bottom:20px\"><img loading=\"lazy\" decoding=\"async\" alt=\"mail\" title=\"Les derni\u00e8res informations du Snudi-Fo 37\" class=\"synved-share-image synved-social-image synved-social-image-share\" width=\"32\" height=\"32\" style=\"display: inline;width:32px;height:32px;margin: 0;padding: 0;border: none;box-shadow: none\" src=\"https:\/\/snudifo37.fr\/wp-content\/plugins\/social-media-feather\/synved-social\/image\/social\/regular\/64x64\/mail.png\" \/><\/a>","protected":false},"excerpt":{"rendered":"<p>Au coll\u00e8ge de Loches, les personnels se sont rassembl\u00e9s le 12 mars massivement devant leur \u00e9tablissement. Plusieurs audiences d&rsquo;\u00e9tablissements ont eu lieu ou ont lieu cette semaine, Esvres, Corneille. Une&#8230;<\/p>\n","protected":false},"author":1,"featured_media":9535,"comment_status":"closed","ping_status":"closed","sticky":true,"template":"","format":"standard","meta":{"footnotes":""},"categories":[1],"tags":[],"class_list":["post-9692","post","type-post","status-publish","format-standard","has-post-thumbnail","hentry","category-non-classe"],"_links":{"self":[{"href":"https:\/\/snudifo37.fr\/index.php\/wp-json\/wp\/v2\/posts\/9692","targetHints":{"allow":["GET"]}}],"collection":[{"href":"https:\/\/snudifo37.fr\/index.php\/wp-json\/wp\/v2\/posts"}],"about":[{"href":"https:\/\/snudifo37.fr\/index.php\/wp-json\/wp\/v2\/types\/post"}],"author":[{"embeddable":true,"href":"https:\/\/snudifo37.fr\/index.php\/wp-json\/wp\/v2\/users\/1"}],"replies":[{"embeddable":true,"href":"https:\/\/snudifo37.fr\/index.php\/wp-json\/wp\/v2\/comments?post=9692"}],"version-history":[{"count":1,"href":"https:\/\/snudifo37.fr\/index.php\/wp-json\/wp\/v2\/posts\/9692\/revisions"}],"predecessor-version":[{"id":9695,"href":"https:\/\/snudifo37.fr\/index.php\/wp-json\/wp\/v2\/posts\/9692\/revisions\/9695"}],"wp:featuredmedia":[{"embeddable":true,"href":"https:\/\/snudifo37.fr\/index.php\/wp-json\/wp\/v2\/media\/9535"}],"wp:attachment":[{"href":"https:\/\/snudifo37.fr\/index.php\/wp-json\/wp\/v2\/media?parent=9692"}],"wp:term":[{"taxonomy":"category","embeddable":true,"href":"https:\/\/snudifo37.fr\/index.php\/wp-json\/wp\/v2\/categories?post=9692"},{"taxonomy":"post_tag","embeddable":true,"href":"https:\/\/snudifo37.fr\/index.php\/wp-json\/wp\/v2\/tags?post=9692"}],"curies":[{"name":"wp","href":"https:\/\/api.w.org\/{rel}","templated":true}]}}