{"id":9686,"date":"2026-03-16T12:22:42","date_gmt":"2026-03-16T11:22:42","guid":{"rendered":"https:\/\/snudifo37.fr\/?p=9686"},"modified":"2026-03-16T12:27:48","modified_gmt":"2026-03-16T11:27:48","slug":"les-enfants-porteurs-dun-handicap-de-plus-de-16-ans-nouvrent-plus-droit-a-ces-autorisations-dabsence","status":"publish","type":"post","link":"https:\/\/snudifo37.fr\/index.php\/2026\/03\/16\/les-enfants-porteurs-dun-handicap-de-plus-de-16-ans-nouvrent-plus-droit-a-ces-autorisations-dabsence\/","title":{"rendered":"30 000 \u00e9l\u00e8ves qui devraient \u00eatre scolaris\u00e9s en ESMS n\u2019y sont pas faute de place\u202650 000 \u00e9l\u00e8ves notifi\u00e9s n\u2019ont aucun suivi AESH\u2026\u00c7a suffit ! Construisons le rapport de force !"},"content":{"rendered":"\n<p>La FNEC FP-FO intervient sans rel\u00e2che en d\u00e9fense de l\u2019enseignement sp\u00e9cialis\u00e9, contre le dogme de <br>l\u2019inclusion syst\u00e9matique et forc\u00e9e. La FNEC FP-FO a exig\u00e9 et obtenu que cette question soit mise \u00e0 <br>l\u2019ordre du jour de la Formation sp\u00e9cialis\u00e9e minist\u00e9rielle.<\/p>\n\n\n\n<div data-wp-interactive=\"core\/file\" class=\"wp-block-file\"><object data-wp-bind--hidden=\"!state.hasPdfPreview\" hidden class=\"wp-block-file__embed\" data=\"https:\/\/snudifo37.fr\/wp-content\/uploads\/2026\/03\/com-inclusion.pdf\" type=\"application\/pdf\" style=\"width:100%;height:600px\" aria-label=\"Contenu embarqu\u00e9 com-inclusion.\"><\/object><a id=\"wp-block-file--media-a3ba37aa-59e6-4781-b7ef-b327d8ee8d15\" href=\"https:\/\/snudifo37.fr\/wp-content\/uploads\/2026\/03\/com-inclusion.pdf\">com-inclusion<\/a><a href=\"https:\/\/snudifo37.fr\/wp-content\/uploads\/2026\/03\/com-inclusion.pdf\" class=\"wp-block-file__button wp-element-button\" download aria-describedby=\"wp-block-file--media-a3ba37aa-59e6-4781-b7ef-b327d8ee8d15\">T\u00e9l\u00e9charger<\/a><\/div>\n<a class=\"synved-social-button synved-social-button-share synved-social-size-32 synved-social-resolution-single synved-social-provider-facebook nolightbox\" data-provider=\"facebook\" target=\"_blank\" rel=\"nofollow\" title=\"Faites le savoir \u00e0 vos amis via Facebook \" href=\"https:\/\/www.facebook.com\/sharer.php?u=https%3A%2F%2Fsnudifo37.fr%2Findex.php%2Fwp-json%2Fwp%2Fv2%2Fposts%2F9686&#038;t=30%20000%20%C3%A9l%C3%A8ves%20qui%20devraient%20%C3%AAtre%20scolaris%C3%A9s%20en%20ESMS%20n%E2%80%99y%20sont%20pas%20faute%20de%20place%E2%80%A650%20000%20%C3%A9l%C3%A8ves%20notifi%C3%A9s%20n%E2%80%99ont%20aucun%20suivi%20AESH%E2%80%A6%C3%87a%20suffit%20%21%20Construisons%20le%20rapport%20de%20force%20%21&#038;s=100&#038;p&#091;url&#093;=https%3A%2F%2Fsnudifo37.fr%2Findex.php%2Fwp-json%2Fwp%2Fv2%2Fposts%2F9686&#038;p&#091;images&#093;&#091;0&#093;=https%3A%2F%2Fsnudifo37.fr%2Fwp-content%2Fuploads%2F2026%2F03%2Fbienvenu_e_jpg__1965399.jpg&#038;p&#091;title&#093;=30%20000%20%C3%A9l%C3%A8ves%20qui%20devraient%20%C3%AAtre%20scolaris%C3%A9s%20en%20ESMS%20n%E2%80%99y%20sont%20pas%20faute%20de%20place%E2%80%A650%20000%20%C3%A9l%C3%A8ves%20notifi%C3%A9s%20n%E2%80%99ont%20aucun%20suivi%20AESH%E2%80%A6%C3%87a%20suffit%20%21%20Construisons%20le%20rapport%20de%20force%20%21\" style=\"font-size: 0px;width:32px;height:32px;margin:0;margin-bottom:20px;margin-right:20px\"><img loading=\"lazy\" decoding=\"async\" alt=\"Facebook\" title=\"Faites le savoir \u00e0 vos amis via Facebook \" class=\"synved-share-image synved-social-image synved-social-image-share\" width=\"32\" height=\"32\" style=\"display: inline;width:32px;height:32px;margin: 0;padding: 0;border: none;box-shadow: none\" src=\"https:\/\/snudifo37.fr\/wp-content\/plugins\/social-media-feather\/synved-social\/image\/social\/regular\/64x64\/facebook.png\" \/><\/a><a class=\"synved-social-button synved-social-button-share synved-social-size-32 synved-social-resolution-single synved-social-provider-twitter nolightbox\" data-provider=\"twitter\" target=\"_blank\" rel=\"nofollow\" title=\"Informez-en vos amis via Twitter\" href=\"https:\/\/twitter.com\/intent\/tweet?url=https%3A%2F%2Fsnudifo37.fr%2Findex.php%2Fwp-json%2Fwp%2Fv2%2Fposts%2F9686&#038;text=Le%20Snudi-Fo%20vous%20informe%3A\" style=\"font-size: 0px;width:32px;height:32px;margin:0;margin-bottom:20px;margin-right:20px\"><img loading=\"lazy\" decoding=\"async\" alt=\"twitter\" title=\"Informez-en vos amis via Twitter\" class=\"synved-share-image synved-social-image synved-social-image-share\" width=\"32\" height=\"32\" style=\"display: inline;width:32px;height:32px;margin: 0;padding: 0;border: none;box-shadow: none\" src=\"https:\/\/snudifo37.fr\/wp-content\/plugins\/social-media-feather\/synved-social\/image\/social\/regular\/64x64\/twitter.png\" \/><\/a><a class=\"synved-social-button synved-social-button-share synved-social-size-32 synved-social-resolution-single synved-social-provider-mail nolightbox\" data-provider=\"mail\" rel=\"nofollow\" title=\"Les derni\u00e8res informations du Snudi-Fo 37\" href=\"mailto:?subject=30%20000%20%C3%A9l%C3%A8ves%20qui%20devraient%20%C3%AAtre%20scolaris%C3%A9s%20en%20ESMS%20n%E2%80%99y%20sont%20pas%20faute%20de%20place%E2%80%A650%20000%20%C3%A9l%C3%A8ves%20notifi%C3%A9s%20n%E2%80%99ont%20aucun%20suivi%20AESH%E2%80%A6%C3%87a%20suffit%20%21%20Construisons%20le%20rapport%20de%20force%20%21&#038;body=Le%20Snudi-Fo%20vous%20informe%3A:%20https%3A%2F%2Fsnudifo37.fr%2Findex.php%2Fwp-json%2Fwp%2Fv2%2Fposts%2F9686\" style=\"font-size: 0px;width:32px;height:32px;margin:0;margin-bottom:20px\"><img loading=\"lazy\" decoding=\"async\" alt=\"mail\" title=\"Les derni\u00e8res informations du Snudi-Fo 37\" class=\"synved-share-image synved-social-image synved-social-image-share\" width=\"32\" height=\"32\" style=\"display: inline;width:32px;height:32px;margin: 0;padding: 0;border: none;box-shadow: none\" src=\"https:\/\/snudifo37.fr\/wp-content\/plugins\/social-media-feather\/synved-social\/image\/social\/regular\/64x64\/mail.png\" \/><\/a>","protected":false},"excerpt":{"rendered":"<p>La FNEC FP-FO intervient sans rel\u00e2che en d\u00e9fense de l\u2019enseignement sp\u00e9cialis\u00e9, contre le dogme de l\u2019inclusion syst\u00e9matique et forc\u00e9e. La FNEC FP-FO a exig\u00e9 et obtenu que cette question soit&#8230;<\/p>\n","protected":false},"author":1,"featured_media":9689,"comment_status":"closed","ping_status":"closed","sticky":true,"template":"","format":"standard","meta":{"footnotes":""},"categories":[1],"tags":[],"class_list":["post-9686","post","type-post","status-publish","format-standard","has-post-thumbnail","hentry","category-non-classe"],"_links":{"self":[{"href":"https:\/\/snudifo37.fr\/index.php\/wp-json\/wp\/v2\/posts\/9686","targetHints":{"allow":["GET"]}}],"collection":[{"href":"https:\/\/snudifo37.fr\/index.php\/wp-json\/wp\/v2\/posts"}],"about":[{"href":"https:\/\/snudifo37.fr\/index.php\/wp-json\/wp\/v2\/types\/post"}],"author":[{"embeddable":true,"href":"https:\/\/snudifo37.fr\/index.php\/wp-json\/wp\/v2\/users\/1"}],"replies":[{"embeddable":true,"href":"https:\/\/snudifo37.fr\/index.php\/wp-json\/wp\/v2\/comments?post=9686"}],"version-history":[{"count":2,"href":"https:\/\/snudifo37.fr\/index.php\/wp-json\/wp\/v2\/posts\/9686\/revisions"}],"predecessor-version":[{"id":9691,"href":"https:\/\/snudifo37.fr\/index.php\/wp-json\/wp\/v2\/posts\/9686\/revisions\/9691"}],"wp:featuredmedia":[{"embeddable":true,"href":"https:\/\/snudifo37.fr\/index.php\/wp-json\/wp\/v2\/media\/9689"}],"wp:attachment":[{"href":"https:\/\/snudifo37.fr\/index.php\/wp-json\/wp\/v2\/media?parent=9686"}],"wp:term":[{"taxonomy":"category","embeddable":true,"href":"https:\/\/snudifo37.fr\/index.php\/wp-json\/wp\/v2\/categories?post=9686"},{"taxonomy":"post_tag","embeddable":true,"href":"https:\/\/snudifo37.fr\/index.php\/wp-json\/wp\/v2\/tags?post=9686"}],"curies":[{"name":"wp","href":"https:\/\/api.w.org\/{rel}","templated":true}]}}