{"id":9465,"date":"2025-11-19T10:52:54","date_gmt":"2025-11-19T09:52:54","guid":{"rendered":"https:\/\/snudifo37.fr\/?p=9465"},"modified":"2025-11-22T09:31:32","modified_gmt":"2025-11-22T08:31:32","slug":"motion-des-personnels-reunis-en-ris-remplacant-et-etat-du-remplacement","status":"publish","type":"post","link":"https:\/\/snudifo37.fr\/index.php\/2025\/11\/19\/motion-des-personnels-reunis-en-ris-remplacant-et-etat-du-remplacement\/","title":{"rendered":"Motion des personnels r\u00e9unis en RIS \u00ab\u00a0rempla\u00e7ants et \u00e9tat du remplacement\u00a0\u00bb"},"content":{"rendered":"\n<p><strong>Les personnels syndiqu\u00e9s et non syndiqu\u00e9s r\u00e9unis \u00e0 la RIS organis\u00e9e par le SNUDI-FO ont pris connaissance de l\u2019avis du SNUIPP pr\u00e9sent\u00e9 lors de la Formation Sp\u00e9cialis\u00e9e Sant\u00e9 et S\u00e9curit\u00e9 au travail du 4 novembre 2025&nbsp;:<\/strong><\/p>\n\n\n\n<p><strong>\u00ab&nbsp;La F3SCT du 37 se prononce pour la cr\u00e9ation d\u2019une brigade de coll\u00e8gues volontaires destin\u00e9s \u00e0 l\u2019appui des \u00e9quipes confront\u00e9es \u00e0 des situations complexes et\/ou urgentes.&nbsp; \u00bb<\/strong><\/p>\n\n\n\n<p><strong>Nous avons appris que dans l\u2019une de leurs communications \u00ab&nbsp;ses volontaires ne seraient pas QUE des coll\u00e8gues rempla\u00e7ants&nbsp;\u00bb. Que veut dire \u00ab\u00a0brigade\u00a0\u00bb alors&nbsp;? Il s\u2019agit, donc, d\u2019exposer tous les coll\u00e8gues \u00e0 des conditions de travail tr\u00e8s d\u00e9grad\u00e9es li\u00e9es \u00e0 l\u2019acte 2 de l\u2019\u00e9cole inclusive&nbsp;?<\/strong><\/p>\n\n\n\n<p><strong>Nous demandons \u00e0 cette organisation syndicale de retirer cet avis contraire aux revendications des rempla\u00e7ants d\u00e9j\u00e0 victimes de la fusion ZIL\/BD et de la casse de leur statut.<\/strong><\/p>\n\n\n\n<p><strong>De plus en plus de missions de remplacement concernent des renforts ASH en suppl\u00e9ance de l\u2019enseignant, faute d\u2019AESH ou de places dans les \u00e9tablissements sp\u00e9cialis\u00e9s&nbsp;! Ce n\u2019est pas notre m\u00e9tier&nbsp;!<\/strong><\/p>\n\n\n\n<p><strong>Cela veut dire que pour les personnels enseignants absents de leur classe, leur remplacement se complique car, en renfort AESH, le rempla\u00e7ant ne peut remplacer cette absence\u2026<\/strong><\/p>\n\n\n\n<p><strong>Par ailleurs, la fusion a entra\u00een\u00e9 la disparition des missions sp\u00e9cifiques ASH, alors que nous revendiquons le retour de nos missions&nbsp;!<\/strong><\/p>\n\n\n\n<p><strong>Beaucoup d\u2019absences d\u2019enseignants ont \u00e9t\u00e9 recens\u00e9es non remplac\u00e9es&nbsp;!&nbsp;<\/strong><strong>Nous exigeons que tous les personnels soient remplac\u00e9s&nbsp;!<\/strong><\/p>\n\n\n\n<p><strong>Nous demandons le retour \u00e0 la gestion de proximit\u00e9 pour r\u00e9pondre aux besoins des \u00e9coles et des circonscriptions ! Nous d\u00e9non\u00e7ons la gestion des autorisations d\u2019absence tardive ou compliqu\u00e9e, rendant difficiles les remplacements.<\/strong><\/p>\n\n\n\n<p><strong>Nous ne pallierons pas les manquements d\u2019une politique de casse de l\u2019\u00c9cole publique voulue par Macron\/Lecornu\/Geffray&nbsp;! Retour de nos missions de remplacement&nbsp;! Des enseignants dans les classes&nbsp;! Stop aux actes 1 et 2 de l\u2019\u00e9cole inclusive qui mettent \u00e0 mal la profession&nbsp;! Un vrai statut et un vrai salaire pour les AESH&nbsp;!<\/strong><\/p>\n\n\n\n<p><strong>Nous appelons tous nos coll\u00e8gues \u00e0 se rassembler devant la pr\u00e9fecture lundi 24 novembre 2025, jour du CDEN, \u00e0 17h pour faire valoir nos revendications&nbsp;!<\/strong><\/p>\n<a class=\"synved-social-button synved-social-button-share synved-social-size-32 synved-social-resolution-single synved-social-provider-facebook nolightbox\" data-provider=\"facebook\" target=\"_blank\" rel=\"nofollow\" title=\"Faites le savoir \u00e0 vos amis via Facebook \" href=\"https:\/\/www.facebook.com\/sharer.php?u=https%3A%2F%2Fsnudifo37.fr%2Findex.php%2Fwp-json%2Fwp%2Fv2%2Fposts%2F9465&#038;t=Motion%20des%20personnels%20r%C3%A9unis%20en%20RIS%20%C2%AB%C2%A0rempla%C3%A7ants%20et%20%C3%A9tat%20du%20remplacement%C2%A0%C2%BB&#038;s=100&#038;p&#091;url&#093;=https%3A%2F%2Fsnudifo37.fr%2Findex.php%2Fwp-json%2Fwp%2Fv2%2Fposts%2F9465&#038;p&#091;images&#093;&#091;0&#093;=https%3A%2F%2Fsnudifo37.fr%2Fwp-content%2Fuploads%2F2025%2F02%2Fbouton_d_arre__t_jpg__2016928.jpg&#038;p&#091;title&#093;=Motion%20des%20personnels%20r%C3%A9unis%20en%20RIS%20%C2%AB%C2%A0rempla%C3%A7ants%20et%20%C3%A9tat%20du%20remplacement%C2%A0%C2%BB\" style=\"font-size: 0px;width:32px;height:32px;margin:0;margin-bottom:20px;margin-right:20px\"><img loading=\"lazy\" decoding=\"async\" alt=\"Facebook\" title=\"Faites le savoir \u00e0 vos amis via Facebook \" class=\"synved-share-image synved-social-image synved-social-image-share\" width=\"32\" height=\"32\" style=\"display: inline;width:32px;height:32px;margin: 0;padding: 0;border: none;box-shadow: none\" src=\"https:\/\/snudifo37.fr\/wp-content\/plugins\/social-media-feather\/synved-social\/image\/social\/regular\/64x64\/facebook.png\" \/><\/a><a class=\"synved-social-button synved-social-button-share synved-social-size-32 synved-social-resolution-single synved-social-provider-twitter nolightbox\" data-provider=\"twitter\" target=\"_blank\" rel=\"nofollow\" title=\"Informez-en vos amis via Twitter\" href=\"https:\/\/twitter.com\/intent\/tweet?url=https%3A%2F%2Fsnudifo37.fr%2Findex.php%2Fwp-json%2Fwp%2Fv2%2Fposts%2F9465&#038;text=Le%20Snudi-Fo%20vous%20informe%3A\" style=\"font-size: 0px;width:32px;height:32px;margin:0;margin-bottom:20px;margin-right:20px\"><img loading=\"lazy\" decoding=\"async\" alt=\"twitter\" title=\"Informez-en vos amis via Twitter\" class=\"synved-share-image synved-social-image synved-social-image-share\" width=\"32\" height=\"32\" style=\"display: inline;width:32px;height:32px;margin: 0;padding: 0;border: none;box-shadow: none\" src=\"https:\/\/snudifo37.fr\/wp-content\/plugins\/social-media-feather\/synved-social\/image\/social\/regular\/64x64\/twitter.png\" \/><\/a><a class=\"synved-social-button synved-social-button-share synved-social-size-32 synved-social-resolution-single synved-social-provider-mail nolightbox\" data-provider=\"mail\" rel=\"nofollow\" title=\"Les derni\u00e8res informations du Snudi-Fo 37\" href=\"mailto:?subject=Motion%20des%20personnels%20r%C3%A9unis%20en%20RIS%20%C2%AB%C2%A0rempla%C3%A7ants%20et%20%C3%A9tat%20du%20remplacement%C2%A0%C2%BB&#038;body=Le%20Snudi-Fo%20vous%20informe%3A:%20https%3A%2F%2Fsnudifo37.fr%2Findex.php%2Fwp-json%2Fwp%2Fv2%2Fposts%2F9465\" style=\"font-size: 0px;width:32px;height:32px;margin:0;margin-bottom:20px\"><img loading=\"lazy\" decoding=\"async\" alt=\"mail\" title=\"Les derni\u00e8res informations du Snudi-Fo 37\" class=\"synved-share-image synved-social-image synved-social-image-share\" width=\"32\" height=\"32\" style=\"display: inline;width:32px;height:32px;margin: 0;padding: 0;border: none;box-shadow: none\" src=\"https:\/\/snudifo37.fr\/wp-content\/plugins\/social-media-feather\/synved-social\/image\/social\/regular\/64x64\/mail.png\" \/><\/a>","protected":false},"excerpt":{"rendered":"<p>Les personnels syndiqu\u00e9s et non syndiqu\u00e9s r\u00e9unis \u00e0 la RIS organis\u00e9e par le SNUDI-FO ont pris connaissance de l\u2019avis du SNUIPP pr\u00e9sent\u00e9 lors de la Formation Sp\u00e9cialis\u00e9e Sant\u00e9 et S\u00e9curit\u00e9&#8230;<\/p>\n","protected":false},"author":1,"featured_media":8793,"comment_status":"closed","ping_status":"closed","sticky":true,"template":"","format":"standard","meta":{"footnotes":""},"categories":[1],"tags":[],"class_list":["post-9465","post","type-post","status-publish","format-standard","has-post-thumbnail","hentry","category-non-classe"],"_links":{"self":[{"href":"https:\/\/snudifo37.fr\/index.php\/wp-json\/wp\/v2\/posts\/9465","targetHints":{"allow":["GET"]}}],"collection":[{"href":"https:\/\/snudifo37.fr\/index.php\/wp-json\/wp\/v2\/posts"}],"about":[{"href":"https:\/\/snudifo37.fr\/index.php\/wp-json\/wp\/v2\/types\/post"}],"author":[{"embeddable":true,"href":"https:\/\/snudifo37.fr\/index.php\/wp-json\/wp\/v2\/users\/1"}],"replies":[{"embeddable":true,"href":"https:\/\/snudifo37.fr\/index.php\/wp-json\/wp\/v2\/comments?post=9465"}],"version-history":[{"count":2,"href":"https:\/\/snudifo37.fr\/index.php\/wp-json\/wp\/v2\/posts\/9465\/revisions"}],"predecessor-version":[{"id":9477,"href":"https:\/\/snudifo37.fr\/index.php\/wp-json\/wp\/v2\/posts\/9465\/revisions\/9477"}],"wp:featuredmedia":[{"embeddable":true,"href":"https:\/\/snudifo37.fr\/index.php\/wp-json\/wp\/v2\/media\/8793"}],"wp:attachment":[{"href":"https:\/\/snudifo37.fr\/index.php\/wp-json\/wp\/v2\/media?parent=9465"}],"wp:term":[{"taxonomy":"category","embeddable":true,"href":"https:\/\/snudifo37.fr\/index.php\/wp-json\/wp\/v2\/categories?post=9465"},{"taxonomy":"post_tag","embeddable":true,"href":"https:\/\/snudifo37.fr\/index.php\/wp-json\/wp\/v2\/tags?post=9465"}],"curies":[{"name":"wp","href":"https:\/\/api.w.org\/{rel}","templated":true}]}}