{"id":9463,"date":"2025-11-19T10:47:49","date_gmt":"2025-11-19T09:47:49","guid":{"rendered":"https:\/\/snudifo37.fr\/?p=9463"},"modified":"2025-11-19T10:48:50","modified_gmt":"2025-11-19T09:48:50","slug":"compte-rendu-audience-dasen-du-vendredi-14-novembre","status":"publish","type":"post","link":"https:\/\/snudifo37.fr\/index.php\/2025\/11\/19\/compte-rendu-audience-dasen-du-vendredi-14-novembre\/","title":{"rendered":"Compte-rendu audience DASEN du vendredi 14 novembre"},"content":{"rendered":"\n<p>Le SNUDI-FO a \u00e9t\u00e9 re\u00e7u ce vendredi soir. Nous avons d\u00e9fendu les droits des personnels. Retrouvez le compte-rendu ci-dessous.<\/p>\n\n\n\n<p><strong>Autorisations d\u2019absence : <\/strong>de nombreux coll\u00e8gues ont rencontr\u00e9 des probl\u00e8mes concernant la validation de leur autorisation d\u2019absence. Nous sommes intervenus pour que les autorisations soient valid\u00e9es rapidement afin de rassurer les personnels et permettre leur remplacement !<\/p>\n\n\n\n<p>Le SNUDI-FO est revenu sur les autorisations d\u2019absence valid\u00e9es apr\u00e8s la journ\u00e9e demand\u00e9e !<\/p>\n\n\n\n<p>Certaines circonscriptions exigent des doubles justificatifs pour les journ\u00e9es garde d\u2019enfant (et non journ\u00e9e garde d\u2019enfant malade). Le SNUDI-FO a rappel\u00e9 qu\u2019une attestation des personnels suffisait ! Aucune pression ne sera tol\u00e9r\u00e9e ! <strong>Nous invitons tous les coll\u00e8gues \u00e0 nous faire remonter depuis la rentr\u00e9e les probl\u00e8mes li\u00e9s aux journ\u00e9es de garde d&rsquo;enfant&nbsp; au <\/strong><a target=\"_blank\" rel=\"noreferrer noopener\" href=\"mailto:snudi.fo37@gmail.com\"><strong>snudi.fo37@gmail.com<\/strong><\/a><\/p>\n\n\n\n<p>Nous avons d\u00e9nonc\u00e9 les proc\u00e9dures chronophages pour les coll\u00e8gues qui re\u00e7oivent des ordres de mission de la part de l\u2019administration \u00e0 saisir sur AA1D. Tout cela pour d\u00e9clencher un remplacement&nbsp;! L\u2019administration a reconnu qu\u2019il s\u2019agissait d\u2019une cons\u00e9quence de la fusion ZIL\/BD, car le remplacement \u00e9tait g\u00e9r\u00e9 en circonscription auparavant&nbsp;! <strong>Le SNUDI-FO S\u2019OPPOSE TOUJOURS \u00c0 LA FUSION ZIL\/BD. POUR UN VRAI STATUT DU REMPLA\u00c7ANT !<\/strong><\/p>\n\n\n\n<p><strong>Pour tout probl\u00e8me depuis le d\u00e9but de l&rsquo;ann\u00e9e sur vos autorisations d&rsquo;absence, contactez-nous au <\/strong><a target=\"_blank\" rel=\"noreferrer noopener\" href=\"mailto:snudi.fo37@gmail.com\"><strong>snudi.fo37@gmail.com !<\/strong><\/a><\/p>\n\n\n\n<p><strong>Remplacement : <\/strong>le SNUDI-FO a \u00e9t\u00e9 alert\u00e9 par de nombreux coll\u00e8gues qui n\u2019\u00e9taient pas remplac\u00e9s et ce depuis le d\u00e9but de l\u2019ann\u00e9e. De plus, les SEGPA ne seraient pas prioritaires ! Nous avons largement d\u00e9nonc\u00e9 cette mesure injuste !<strong>Des rempla\u00e7ants pour tous !&nbsp;<\/strong><\/p>\n\n\n\n<p><strong>Accidents du travail&nbsp;: <\/strong>beaucoup de personnels sont en attente de r\u00e9ponse quant \u00e0 leur demande d\u2019accident du travail. Nous avons d\u00e9nonc\u00e9 les convocations d&rsquo;expertise quasi automatiques chez des m\u00e9decins lib\u00e9raux agr\u00e9\u00e9s des personnels, alors victimes pour la plupart de l\u2019inclusion syst\u00e9matique et forc\u00e9e. Non les RV chez les experts ne sont pas automatiques !!!&nbsp; Pour tout probl\u00e8me et pour un suivi de vos accidents du travail, contactez-nous au <a target=\"_blank\" rel=\"noreferrer noopener\" href=\"mailto:snudi.fo37@gmail.com\">snudi.fo37@gmail.com<\/a><\/p>\n\n\n\n<p><strong>Accompagnements (li\u00e9s \u00e0 PPCR) : <\/strong>nous sommes revenus sur les accompagnements et la nouvelle formule des <em>r\u00e9sidences p\u00e9dagogiques<\/em> install\u00e9es entre autres dans la circonscription de Tours\/Nord\/Sud. Les personnels, \u00e0 bout, \u00e0 cause de l\u2019inclusion syst\u00e9matique et forc\u00e9e, ont des visites renforc\u00e9es des CPC et de l&rsquo;IEN qui s\u2019installent quelques jours dans l\u2019\u00e9cole dans le cadre de leurs 18 h d\u2019animations p\u00e9dagogiques ! Nous n\u2019accepterons pas que se d\u00e9ploient des pressions suppl\u00e9mentaires envers des personnels \u00e9prouv\u00e9s par leurs conditions de travail ! Retrouvez notre 4 pages ORS qui d\u00e9nonce largement ces dispositifs. &nbsp; Nous sommes \u00e9galement intervenus sur les formations organis\u00e9es tardivement les mercredis, n\u00e9cessitant un long trajet !<\/p>\n\n\n\n<p><strong>Continuez de nous saisir pour faire valoir vos droits !!! <\/strong><a target=\"_blank\" rel=\"noreferrer noopener\" href=\"mailto:snudi.fo37@gmail.com\"><strong>snudi.fo37@gmail.com<\/strong><\/a><\/p>\n<a class=\"synved-social-button synved-social-button-share synved-social-size-32 synved-social-resolution-single synved-social-provider-facebook nolightbox\" data-provider=\"facebook\" target=\"_blank\" rel=\"nofollow\" title=\"Faites le savoir \u00e0 vos amis via Facebook \" href=\"https:\/\/www.facebook.com\/sharer.php?u=https%3A%2F%2Fsnudifo37.fr%2Findex.php%2Fwp-json%2Fwp%2Fv2%2Fposts%2F9463&#038;t=Compte-rendu%20audience%20DASEN%20du%20vendredi%2014%20novembre&#038;s=100&#038;p&#091;url&#093;=https%3A%2F%2Fsnudifo37.fr%2Findex.php%2Fwp-json%2Fwp%2Fv2%2Fposts%2F9463&#038;p&#091;images&#093;&#091;0&#093;=https%3A%2F%2Fsnudifo37.fr%2Fwp-content%2Fuploads%2F2025%2F01%2Fphare_fo_jpg__1445487-1-2.jpg&#038;p&#091;title&#093;=Compte-rendu%20audience%20DASEN%20du%20vendredi%2014%20novembre\" style=\"font-size: 0px;width:32px;height:32px;margin:0;margin-bottom:20px;margin-right:20px\"><img loading=\"lazy\" decoding=\"async\" alt=\"Facebook\" title=\"Faites le savoir \u00e0 vos amis via Facebook \" class=\"synved-share-image synved-social-image synved-social-image-share\" width=\"32\" height=\"32\" style=\"display: inline;width:32px;height:32px;margin: 0;padding: 0;border: none;box-shadow: none\" src=\"https:\/\/snudifo37.fr\/wp-content\/plugins\/social-media-feather\/synved-social\/image\/social\/regular\/64x64\/facebook.png\" \/><\/a><a class=\"synved-social-button synved-social-button-share synved-social-size-32 synved-social-resolution-single synved-social-provider-twitter nolightbox\" data-provider=\"twitter\" target=\"_blank\" rel=\"nofollow\" title=\"Informez-en vos amis via Twitter\" href=\"https:\/\/twitter.com\/intent\/tweet?url=https%3A%2F%2Fsnudifo37.fr%2Findex.php%2Fwp-json%2Fwp%2Fv2%2Fposts%2F9463&#038;text=Le%20Snudi-Fo%20vous%20informe%3A\" style=\"font-size: 0px;width:32px;height:32px;margin:0;margin-bottom:20px;margin-right:20px\"><img loading=\"lazy\" decoding=\"async\" alt=\"twitter\" title=\"Informez-en vos amis via Twitter\" class=\"synved-share-image synved-social-image synved-social-image-share\" width=\"32\" height=\"32\" style=\"display: inline;width:32px;height:32px;margin: 0;padding: 0;border: none;box-shadow: none\" src=\"https:\/\/snudifo37.fr\/wp-content\/plugins\/social-media-feather\/synved-social\/image\/social\/regular\/64x64\/twitter.png\" \/><\/a><a class=\"synved-social-button synved-social-button-share synved-social-size-32 synved-social-resolution-single synved-social-provider-mail nolightbox\" data-provider=\"mail\" rel=\"nofollow\" title=\"Les derni\u00e8res informations du Snudi-Fo 37\" href=\"mailto:?subject=Compte-rendu%20audience%20DASEN%20du%20vendredi%2014%20novembre&#038;body=Le%20Snudi-Fo%20vous%20informe%3A:%20https%3A%2F%2Fsnudifo37.fr%2Findex.php%2Fwp-json%2Fwp%2Fv2%2Fposts%2F9463\" style=\"font-size: 0px;width:32px;height:32px;margin:0;margin-bottom:20px\"><img loading=\"lazy\" decoding=\"async\" alt=\"mail\" title=\"Les derni\u00e8res informations du Snudi-Fo 37\" class=\"synved-share-image synved-social-image synved-social-image-share\" width=\"32\" height=\"32\" style=\"display: inline;width:32px;height:32px;margin: 0;padding: 0;border: none;box-shadow: none\" src=\"https:\/\/snudifo37.fr\/wp-content\/plugins\/social-media-feather\/synved-social\/image\/social\/regular\/64x64\/mail.png\" \/><\/a>","protected":false},"excerpt":{"rendered":"<p>Le SNUDI-FO a \u00e9t\u00e9 re\u00e7u ce vendredi soir. Nous avons d\u00e9fendu les droits des personnels. Retrouvez le compte-rendu ci-dessous. Autorisations d\u2019absence : de nombreux coll\u00e8gues ont rencontr\u00e9 des probl\u00e8mes concernant&#8230;<\/p>\n","protected":false},"author":1,"featured_media":8618,"comment_status":"closed","ping_status":"closed","sticky":true,"template":"","format":"standard","meta":{"footnotes":""},"categories":[1],"tags":[],"class_list":["post-9463","post","type-post","status-publish","format-standard","has-post-thumbnail","hentry","category-non-classe"],"_links":{"self":[{"href":"https:\/\/snudifo37.fr\/index.php\/wp-json\/wp\/v2\/posts\/9463","targetHints":{"allow":["GET"]}}],"collection":[{"href":"https:\/\/snudifo37.fr\/index.php\/wp-json\/wp\/v2\/posts"}],"about":[{"href":"https:\/\/snudifo37.fr\/index.php\/wp-json\/wp\/v2\/types\/post"}],"author":[{"embeddable":true,"href":"https:\/\/snudifo37.fr\/index.php\/wp-json\/wp\/v2\/users\/1"}],"replies":[{"embeddable":true,"href":"https:\/\/snudifo37.fr\/index.php\/wp-json\/wp\/v2\/comments?post=9463"}],"version-history":[{"count":1,"href":"https:\/\/snudifo37.fr\/index.php\/wp-json\/wp\/v2\/posts\/9463\/revisions"}],"predecessor-version":[{"id":9464,"href":"https:\/\/snudifo37.fr\/index.php\/wp-json\/wp\/v2\/posts\/9463\/revisions\/9464"}],"wp:featuredmedia":[{"embeddable":true,"href":"https:\/\/snudifo37.fr\/index.php\/wp-json\/wp\/v2\/media\/8618"}],"wp:attachment":[{"href":"https:\/\/snudifo37.fr\/index.php\/wp-json\/wp\/v2\/media?parent=9463"}],"wp:term":[{"taxonomy":"category","embeddable":true,"href":"https:\/\/snudifo37.fr\/index.php\/wp-json\/wp\/v2\/categories?post=9463"},{"taxonomy":"post_tag","embeddable":true,"href":"https:\/\/snudifo37.fr\/index.php\/wp-json\/wp\/v2\/tags?post=9463"}],"curies":[{"name":"wp","href":"https:\/\/api.w.org\/{rel}","templated":true}]}}