{"id":9461,"date":"2025-11-18T12:05:32","date_gmt":"2025-11-18T11:05:32","guid":{"rendered":"https:\/\/snudifo37.fr\/?p=9461"},"modified":"2025-11-18T12:05:32","modified_gmt":"2025-11-18T11:05:32","slug":"permutations-mutations-le-snudi-fo-37-a-vos-cotes","status":"publish","type":"post","link":"https:\/\/snudifo37.fr\/index.php\/2025\/11\/18\/permutations-mutations-le-snudi-fo-37-a-vos-cotes\/","title":{"rendered":"Permutations, mutations, le SNUDI-FO 37 \u00e0 vos c\u00f4t\u00e9s !"},"content":{"rendered":"\n<p><strong>Les taux de mutation sont en baisse r\u00e9guli\u00e8re depuis 2016<\/strong>, cons\u00e9quence directe des 10 000 suppressions de postes d&rsquo;enseignants et la volont\u00e9 du gouvernement d\u2019augmenter le nombre de contractuels.<\/p>\n\n\n\n<p>Depuis 2020 et l\u2019application de la loi de Transformation de la Fonction Publique, les organisations syndicales ne disposent plus des tableaux pr\u00e9paratoires aux op\u00e9rations de mutations ni des r\u00e9sultats. <\/p>\n\n\n\n<p>Si vous souhaitez formuler une demande de changement de d\u00e9partement pour la rentr\u00e9e prochaine, b\u00e9n\u00e9ficiez des conseils avis\u00e9s des d\u00e9l\u00e9gu\u00e9s du SNUDI-FO pour mettre toutes les chances de votre c\u00f4t\u00e9 pour obtenir satisfaction !\u00a0<strong>Contactez-nous<\/strong> au 07 81 83 97 22 ou au 06 64 50 43 57 ou par mail \u00e0\u00a0<a href=\"mailto:snudi.fo37@gmail.com\" target=\"_blank\" rel=\"noreferrer noopener\">snudi.fo37@gmail.com<\/a>.<\/p>\n\n\n\n<p>Nous vous enverrons en retour notre dossier sp\u00e9cial.\u00a0<\/p>\n\n\n\n<p><strong>Calendrier du mouvement interacad\u00e9mique 2026 :<\/strong><\/p>\n\n\n\n<ul class=\"wp-block-list\">\n<li>ouverture du serveur SIAM sur I-Prof du\u00a0<strong>mercredi 5 novembre 2025<\/strong>\u00a0<strong>\u00e0 12h00 au mercredi 26 novembre 2025 \u00e0 12h00 ;<\/strong><\/li>\n\n\n\n<li>t\u00e9l\u00e9versement du dossier de mutation (avec les pi\u00e8ces justificatives)\u00a0<strong>du 27 novembre 2025<\/strong>\u00a0<strong>au 11 d\u00e9cembre<\/strong>\u00a0<strong>2025<\/strong>\u00a0(23h59) sur le\u00a0<a href=\"https:\/\/portail-versailles.colibris.education.gouv.fr\/personnels-enseignants-deducation-et-psy\/\" target=\"_blank\" rel=\"noreferrer noopener\">portail Colibris<\/a>\u00a0;<\/li>\n\n\n\n<li>Dernier d\u00e9lai pour les demandes tardives pour rapprochement de conjoints ou des demandes de modifications de la situation familiale :\u00a0<strong>lundi 12 janvier 2026.<\/strong><\/li>\n\n\n\n<li>affichage du bar\u00e8me retenu\u00a0<strong>mercredi 14 janvier 2026 \u00e0 16h00 sur\u00a0<\/strong><a href=\"https:\/\/extranet.ac-versailles.fr\/iprof\/servletiprofe\" target=\"_blank\" rel=\"noreferrer noopener\"><strong>I-Prof<\/strong><\/a><strong>;<\/strong> <\/li>\n\n\n\n<li><a href=\"https:\/\/fo-snudi.fr\/permutations\/\" target=\"_blank\" rel=\"noreferrer noopener\"><mark style=\"background-color:rgba(0, 0, 0, 0)\" class=\"has-inline-color has-vivid-red-color\"><strong>Pour simuler votre bar\u00e8me, cliquez ici !<\/strong><\/mark><\/a><\/li>\n\n\n\n<li>transmission des demandes de correction des bar\u00e8mes entre le\u00a0<strong>mercredi 14 janvier et le mercredi 28 janvier 2026 \u00e0 23h59<\/strong>, toujours sur le\u00a0<a href=\"https:\/\/portail-versailles.colibris.education.gouv.fr\/personnels-enseignants-deducation-et-psy\/\" target=\"_blank\" rel=\"noreferrer noopener\">portail Colibris<\/a>\u00a0;<\/li>\n\n\n\n<li>Affichage des bar\u00e8mes d\u00e9finitifs le\u00a0<strong>4 f\u00e9vrier 2026<\/strong>\u00a0;<\/li>\n\n\n\n<li>Mardi 3 f\u00e9vrier 2026\u00a0: date limite de demande d\u2019annulation de participation.<\/li>\n\n\n\n<li>r\u00e9sultat du mouvement le\u00a0<strong>mercredi 11 mars 2026<\/strong>.<\/li>\n<\/ul>\n\n\n\n<p><\/p>\n\n\n\n<p>\u00a0<\/p>\n\n\n\n<p><\/p>\n<a class=\"synved-social-button synved-social-button-share synved-social-size-32 synved-social-resolution-single synved-social-provider-facebook nolightbox\" data-provider=\"facebook\" target=\"_blank\" rel=\"nofollow\" title=\"Faites le savoir \u00e0 vos amis via Facebook \" href=\"https:\/\/www.facebook.com\/sharer.php?u=https%3A%2F%2Fsnudifo37.fr%2Findex.php%2Fwp-json%2Fwp%2Fv2%2Fposts%2F9461&#038;t=Permutations%2C%20mutations%2C%20le%20SNUDI-FO%2037%20%C3%A0%20vos%20c%C3%B4t%C3%A9s%20%21&#038;s=100&#038;p&#091;url&#093;=https%3A%2F%2Fsnudifo37.fr%2Findex.php%2Fwp-json%2Fwp%2Fv2%2Fposts%2F9461&#038;p&#091;images&#093;&#091;0&#093;=https%3A%2F%2Fsnudifo37.fr%2Fwp-content%2Fuploads%2F2019%2F06%2FIMG_20190613_181829.jpg&#038;p&#091;title&#093;=Permutations%2C%20mutations%2C%20le%20SNUDI-FO%2037%20%C3%A0%20vos%20c%C3%B4t%C3%A9s%20%21\" style=\"font-size: 0px;width:32px;height:32px;margin:0;margin-bottom:20px;margin-right:20px\"><img loading=\"lazy\" decoding=\"async\" alt=\"Facebook\" title=\"Faites le savoir \u00e0 vos amis via Facebook \" class=\"synved-share-image synved-social-image synved-social-image-share\" width=\"32\" height=\"32\" style=\"display: inline;width:32px;height:32px;margin: 0;padding: 0;border: none;box-shadow: none\" src=\"https:\/\/snudifo37.fr\/wp-content\/plugins\/social-media-feather\/synved-social\/image\/social\/regular\/64x64\/facebook.png\" \/><\/a><a class=\"synved-social-button synved-social-button-share synved-social-size-32 synved-social-resolution-single synved-social-provider-twitter nolightbox\" data-provider=\"twitter\" target=\"_blank\" rel=\"nofollow\" title=\"Informez-en vos amis via Twitter\" href=\"https:\/\/twitter.com\/intent\/tweet?url=https%3A%2F%2Fsnudifo37.fr%2Findex.php%2Fwp-json%2Fwp%2Fv2%2Fposts%2F9461&#038;text=Le%20Snudi-Fo%20vous%20informe%3A\" style=\"font-size: 0px;width:32px;height:32px;margin:0;margin-bottom:20px;margin-right:20px\"><img loading=\"lazy\" decoding=\"async\" alt=\"twitter\" title=\"Informez-en vos amis via Twitter\" class=\"synved-share-image synved-social-image synved-social-image-share\" width=\"32\" height=\"32\" style=\"display: inline;width:32px;height:32px;margin: 0;padding: 0;border: none;box-shadow: none\" src=\"https:\/\/snudifo37.fr\/wp-content\/plugins\/social-media-feather\/synved-social\/image\/social\/regular\/64x64\/twitter.png\" \/><\/a><a class=\"synved-social-button synved-social-button-share synved-social-size-32 synved-social-resolution-single synved-social-provider-mail nolightbox\" data-provider=\"mail\" rel=\"nofollow\" title=\"Les derni\u00e8res informations du Snudi-Fo 37\" href=\"mailto:?subject=Permutations%2C%20mutations%2C%20le%20SNUDI-FO%2037%20%C3%A0%20vos%20c%C3%B4t%C3%A9s%20%21&#038;body=Le%20Snudi-Fo%20vous%20informe%3A:%20https%3A%2F%2Fsnudifo37.fr%2Findex.php%2Fwp-json%2Fwp%2Fv2%2Fposts%2F9461\" style=\"font-size: 0px;width:32px;height:32px;margin:0;margin-bottom:20px\"><img loading=\"lazy\" decoding=\"async\" alt=\"mail\" title=\"Les derni\u00e8res informations du Snudi-Fo 37\" class=\"synved-share-image synved-social-image synved-social-image-share\" width=\"32\" height=\"32\" style=\"display: inline;width:32px;height:32px;margin: 0;padding: 0;border: none;box-shadow: none\" src=\"https:\/\/snudifo37.fr\/wp-content\/plugins\/social-media-feather\/synved-social\/image\/social\/regular\/64x64\/mail.png\" \/><\/a>","protected":false},"excerpt":{"rendered":"<p>Les taux de mutation sont en baisse r\u00e9guli\u00e8re depuis 2016, cons\u00e9quence directe des 10 000 suppressions de postes d&rsquo;enseignants et la volont\u00e9 du gouvernement d\u2019augmenter le nombre de contractuels. Depuis&#8230;<\/p>\n","protected":false},"author":1,"featured_media":496,"comment_status":"closed","ping_status":"closed","sticky":true,"template":"","format":"standard","meta":{"footnotes":""},"categories":[1],"tags":[],"class_list":["post-9461","post","type-post","status-publish","format-standard","has-post-thumbnail","hentry","category-non-classe"],"_links":{"self":[{"href":"https:\/\/snudifo37.fr\/index.php\/wp-json\/wp\/v2\/posts\/9461","targetHints":{"allow":["GET"]}}],"collection":[{"href":"https:\/\/snudifo37.fr\/index.php\/wp-json\/wp\/v2\/posts"}],"about":[{"href":"https:\/\/snudifo37.fr\/index.php\/wp-json\/wp\/v2\/types\/post"}],"author":[{"embeddable":true,"href":"https:\/\/snudifo37.fr\/index.php\/wp-json\/wp\/v2\/users\/1"}],"replies":[{"embeddable":true,"href":"https:\/\/snudifo37.fr\/index.php\/wp-json\/wp\/v2\/comments?post=9461"}],"version-history":[{"count":1,"href":"https:\/\/snudifo37.fr\/index.php\/wp-json\/wp\/v2\/posts\/9461\/revisions"}],"predecessor-version":[{"id":9462,"href":"https:\/\/snudifo37.fr\/index.php\/wp-json\/wp\/v2\/posts\/9461\/revisions\/9462"}],"wp:featuredmedia":[{"embeddable":true,"href":"https:\/\/snudifo37.fr\/index.php\/wp-json\/wp\/v2\/media\/496"}],"wp:attachment":[{"href":"https:\/\/snudifo37.fr\/index.php\/wp-json\/wp\/v2\/media?parent=9461"}],"wp:term":[{"taxonomy":"category","embeddable":true,"href":"https:\/\/snudifo37.fr\/index.php\/wp-json\/wp\/v2\/categories?post=9461"},{"taxonomy":"post_tag","embeddable":true,"href":"https:\/\/snudifo37.fr\/index.php\/wp-json\/wp\/v2\/tags?post=9461"}],"curies":[{"name":"wp","href":"https:\/\/api.w.org\/{rel}","templated":true}]}}