{"id":9447,"date":"2025-11-17T09:44:02","date_gmt":"2025-11-17T08:44:02","guid":{"rendered":"https:\/\/snudifo37.fr\/?p=9447"},"modified":"2025-11-17T10:01:09","modified_gmt":"2025-11-17T09:01:09","slug":"compte-rendu-de-laudience-groupe-de-travail-direction-decole-nouvelle-ris-le-10-decembre","status":"publish","type":"post","link":"https:\/\/snudifo37.fr\/index.php\/2025\/11\/17\/compte-rendu-de-laudience-groupe-de-travail-direction-decole-nouvelle-ris-le-10-decembre\/","title":{"rendered":"Compte-rendu de l&rsquo;audience groupe de travail direction d&rsquo;\u00e9cole. RIS le 10 d\u00e9cembre \u00e0 9h !"},"content":{"rendered":"\n<p>Ce jeudi soir, un groupe de travail s&rsquo;est tenu sur la direction d&rsquo;\u00e9cole. 3 repr\u00e9sentantes du SNUDI-FO ont d\u00e9fendu les revendications des directeurs !&nbsp;<\/p>\n\n\n\n<p>FO 3\/4, SNUIPPP 3\/5, UNSA 0<\/p>\n\n\n\n<p><strong>Abrogation de Loi Rilhac ! Non aux pressions exerc\u00e9es sur les personnels de direction et les \u00e9quipes enseignantes !&nbsp;<\/strong><\/p>\n\n\n\n<p>Nous sommes intervenus sur la multiplication des t\u00e2ches suppl\u00e9mentaires demand\u00e9s aux directeurs pour \u00ab\u00a0piloter\u00a0\u00bb les \u00e9quipes p\u00e9dagogiques, notamment dans la circonscription de Tours-Nord-Sud ! La FNEC-FP-FO a rappel\u00e9 que les documents demand\u00e9s par l&rsquo;IEN notamment les prises en charge APC avec objectif par \u00e9l\u00e8ve&nbsp; n&rsquo;\u00e9taient pas r\u00e9glementaires&nbsp; ! <strong>Respect de la libert\u00e9 p\u00e9dagogique ! Stop aux pressions ! Stop au flicage des personnels !<\/strong><\/p>\n\n\n\n<p><strong>Pour tout probl\u00e8me contactez le SNUDI-FO 37 : <a href=\"mailto:snudi.fo37@gmail.com\" target=\"_blank\" rel=\"noreferrer noopener\">snudi.fo37@gmail.com<\/a><\/strong><\/p>\n\n\n\n<p>Nous avons \u00e9galement d\u00e9nonc\u00e9 la gestion des parts de pacte par les directeurs !<\/p>\n\n\n\n<p>Pour tout probl\u00e8me contactez le SNUDI-FO 37 : <a href=\"mailto:snudi.fo37@gmail.com\" target=\"_blank\" rel=\"noreferrer noopener\">snudi.fo37@gmail.com<\/a><\/p>\n\n\n\n<p><strong>Respect des 108 h !<\/strong><\/p>\n\n\n\n<p>Nous avons exig\u00e9 3h pour les r\u00e9unions Directeurs\/IEN soient d\u00e9compt\u00e9es des 18h d\u2019actions de formation. Comme cela \u00e9tait le cas auparavant.<\/p>\n\n\n\n<p>R\u00e9union de pr\u00e9sentation du dispositif \u00ab \u00e9valuation d\u2019\u00e9cole \u00bb propos\u00e9e aux Directeurs en d\u00e9but d\u2019ann\u00e9e scolaire : nous avons demand\u00e9 que cette r\u00e9union soit bien comprise dans les 18h contrairement \u00e0 ce qui a \u00e9t\u00e9 annonc\u00e9 !<\/p>\n\n\n\n<p><strong>Formations : la FNEC-FP-FO a demand\u00e9 le retour au libre choix !<\/strong><\/p>\n\n\n\n<p>Nous avons demand\u00e9 que les directeurs puissent s\u2019inscrire aux formations ! Pas de pressions sur les directeurs concernant les \u00e9valuations d&rsquo;\u00e9cole qui ne sont pas r\u00e9glementaires !<\/p>\n\n\n\n<p class=\"has-medium-font-size\"><strong>VICTOIRE POUR LE RPI D&rsquo;HOMMES SORTI DE L&rsquo;EVALUATION D&rsquo;ECOLE AVEC LE SOUTIEN DU SNUDI-FO !<\/strong><\/p>\n\n\n\n<p><strong>Remplacement :&nbsp;<\/strong><\/p>\n\n\n\n<p>Nous sommes intervenus pour que les circonscriptions communiquent aux directeurs lorsqu\u2018il y a des rempla\u00e7ants disponibles. Notamment pour les directeurs des petites \u00e9coles qui ne b\u00e9n\u00e9ficient que d\u2019une journ\u00e9e de d\u00e9charge par mois.<\/p>\n\n\n\n<p><strong>PPMS, Probl\u00e8mes ONDE, EANA&#8230;.<\/strong><strong> participez tous \u00e0 la RIS DIRECTION d&rsquo;ECOLE&nbsp; pour un compte-rendu complet&nbsp; !&nbsp;<\/strong><\/p>\n\n\n\n<p><strong>Nous revendiquons :&nbsp;<\/strong><\/p>\n\n\n\n<p><strong>&#8211; L\u2019abrogation de de la loi Rilhac et de ses textes d\u2019application !<\/strong><br><strong>&#8211; L\u2019arr\u00eat des t\u00e2ches suppl\u00e9mentaires impos\u00e9es aux directrices et directeurs d\u2019\u00e9cole !<\/strong><br><strong>&#8211; Le respect de la libert\u00e9 p\u00e9dagogique des enseignants<\/strong><br><strong>&#8211; La satisfaction des revendications concernant la direction d\u2019\u00e9cole : augmentation des d\u00e9charges, aide administrative&nbsp;<\/strong><strong>statutaire dans chaque \u00e9cole, 100 points d\u2019indice pour toutes les directrices et les directeurs\u2026<\/strong><\/p>\n\n\n\n<p class=\"has-medium-font-size\"><strong>Inscrivez-vous \u00e0 la RIS le 10 d\u00e9cembre \u00e0 9h <\/strong><a href=\"https:\/\/framaforms.org\/inscription-visioris-speciale-direction-decole-mercredi-10-decembre-9h-1746624482\" data-type=\"link\" data-id=\"https:\/\/framaforms.org\/inscription-visioris-speciale-direction-decole-mercredi-10-decembre-9h-1746624482\">ici.<\/a><\/p>\n\n\n\n<div data-wp-interactive=\"core\/file\" class=\"wp-block-file\"><object data-wp-bind--hidden=\"!state.hasPdfPreview\" hidden class=\"wp-block-file__embed\" data=\"https:\/\/snudifo37.fr\/wp-content\/uploads\/2025\/11\/250207-Journal-SNUDI-FO-Direction.pdf\" type=\"application\/pdf\" style=\"width:100%;height:600px\" aria-label=\"Contenu embarqu\u00e9 250207-Journal-SNUDI-FO-Direction.\"><\/object><a id=\"wp-block-file--media-e33ff41d-f335-41c2-925c-bd68e7027144\" href=\"https:\/\/snudifo37.fr\/wp-content\/uploads\/2025\/11\/250207-Journal-SNUDI-FO-Direction.pdf\">250207-Journal-SNUDI-FO-Direction<\/a><a href=\"https:\/\/snudifo37.fr\/wp-content\/uploads\/2025\/11\/250207-Journal-SNUDI-FO-Direction.pdf\" class=\"wp-block-file__button wp-element-button\" download aria-describedby=\"wp-block-file--media-e33ff41d-f335-41c2-925c-bd68e7027144\">T\u00e9l\u00e9charger<\/a><\/div>\n<a class=\"synved-social-button synved-social-button-share synved-social-size-32 synved-social-resolution-single synved-social-provider-facebook nolightbox\" data-provider=\"facebook\" target=\"_blank\" rel=\"nofollow\" title=\"Faites le savoir \u00e0 vos amis via Facebook \" href=\"https:\/\/www.facebook.com\/sharer.php?u=https%3A%2F%2Fsnudifo37.fr%2Findex.php%2Fwp-json%2Fwp%2Fv2%2Fposts%2F9447&#038;t=Compte-rendu%20de%20l%E2%80%99audience%20groupe%20de%20travail%20direction%20d%E2%80%99%C3%A9cole.%20RIS%20le%2010%20d%C3%A9cembre%20%C3%A0%209h%20%21&#038;s=100&#038;p&#091;url&#093;=https%3A%2F%2Fsnudifo37.fr%2Findex.php%2Fwp-json%2Fwp%2Fv2%2Fposts%2F9447&#038;p&#091;images&#093;&#091;0&#093;=https%3A%2F%2Fsnudifo37.fr%2Fwp-content%2Fuploads%2F2024%2F04%2Fformation-bis.jpg&#038;p&#091;title&#093;=Compte-rendu%20de%20l%E2%80%99audience%20groupe%20de%20travail%20direction%20d%E2%80%99%C3%A9cole.%20RIS%20le%2010%20d%C3%A9cembre%20%C3%A0%209h%20%21\" style=\"font-size: 0px;width:32px;height:32px;margin:0;margin-bottom:20px;margin-right:20px\"><img loading=\"lazy\" decoding=\"async\" alt=\"Facebook\" title=\"Faites le savoir \u00e0 vos amis via Facebook \" class=\"synved-share-image synved-social-image synved-social-image-share\" width=\"32\" height=\"32\" style=\"display: inline;width:32px;height:32px;margin: 0;padding: 0;border: none;box-shadow: none\" src=\"https:\/\/snudifo37.fr\/wp-content\/plugins\/social-media-feather\/synved-social\/image\/social\/regular\/64x64\/facebook.png\" \/><\/a><a class=\"synved-social-button synved-social-button-share synved-social-size-32 synved-social-resolution-single synved-social-provider-twitter nolightbox\" data-provider=\"twitter\" target=\"_blank\" rel=\"nofollow\" title=\"Informez-en vos amis via Twitter\" href=\"https:\/\/twitter.com\/intent\/tweet?url=https%3A%2F%2Fsnudifo37.fr%2Findex.php%2Fwp-json%2Fwp%2Fv2%2Fposts%2F9447&#038;text=Le%20Snudi-Fo%20vous%20informe%3A\" style=\"font-size: 0px;width:32px;height:32px;margin:0;margin-bottom:20px;margin-right:20px\"><img loading=\"lazy\" decoding=\"async\" alt=\"twitter\" title=\"Informez-en vos amis via Twitter\" class=\"synved-share-image synved-social-image synved-social-image-share\" width=\"32\" height=\"32\" style=\"display: inline;width:32px;height:32px;margin: 0;padding: 0;border: none;box-shadow: none\" src=\"https:\/\/snudifo37.fr\/wp-content\/plugins\/social-media-feather\/synved-social\/image\/social\/regular\/64x64\/twitter.png\" \/><\/a><a class=\"synved-social-button synved-social-button-share synved-social-size-32 synved-social-resolution-single synved-social-provider-mail nolightbox\" data-provider=\"mail\" rel=\"nofollow\" title=\"Les derni\u00e8res informations du Snudi-Fo 37\" href=\"mailto:?subject=Compte-rendu%20de%20l%E2%80%99audience%20groupe%20de%20travail%20direction%20d%E2%80%99%C3%A9cole.%20RIS%20le%2010%20d%C3%A9cembre%20%C3%A0%209h%20%21&#038;body=Le%20Snudi-Fo%20vous%20informe%3A:%20https%3A%2F%2Fsnudifo37.fr%2Findex.php%2Fwp-json%2Fwp%2Fv2%2Fposts%2F9447\" style=\"font-size: 0px;width:32px;height:32px;margin:0;margin-bottom:20px\"><img loading=\"lazy\" decoding=\"async\" alt=\"mail\" title=\"Les derni\u00e8res informations du Snudi-Fo 37\" class=\"synved-share-image synved-social-image synved-social-image-share\" width=\"32\" height=\"32\" style=\"display: inline;width:32px;height:32px;margin: 0;padding: 0;border: none;box-shadow: none\" src=\"https:\/\/snudifo37.fr\/wp-content\/plugins\/social-media-feather\/synved-social\/image\/social\/regular\/64x64\/mail.png\" \/><\/a>","protected":false},"excerpt":{"rendered":"<p>Ce jeudi soir, un groupe de travail s&rsquo;est tenu sur la direction d&rsquo;\u00e9cole. 3 repr\u00e9sentantes du SNUDI-FO ont d\u00e9fendu les revendications des directeurs !&nbsp; FO 3\/4, SNUIPPP 3\/5, UNSA 0&#8230;<\/p>\n","protected":false},"author":1,"featured_media":7843,"comment_status":"closed","ping_status":"closed","sticky":true,"template":"","format":"standard","meta":{"footnotes":""},"categories":[1],"tags":[],"class_list":["post-9447","post","type-post","status-publish","format-standard","has-post-thumbnail","hentry","category-non-classe"],"_links":{"self":[{"href":"https:\/\/snudifo37.fr\/index.php\/wp-json\/wp\/v2\/posts\/9447","targetHints":{"allow":["GET"]}}],"collection":[{"href":"https:\/\/snudifo37.fr\/index.php\/wp-json\/wp\/v2\/posts"}],"about":[{"href":"https:\/\/snudifo37.fr\/index.php\/wp-json\/wp\/v2\/types\/post"}],"author":[{"embeddable":true,"href":"https:\/\/snudifo37.fr\/index.php\/wp-json\/wp\/v2\/users\/1"}],"replies":[{"embeddable":true,"href":"https:\/\/snudifo37.fr\/index.php\/wp-json\/wp\/v2\/comments?post=9447"}],"version-history":[{"count":5,"href":"https:\/\/snudifo37.fr\/index.php\/wp-json\/wp\/v2\/posts\/9447\/revisions"}],"predecessor-version":[{"id":9456,"href":"https:\/\/snudifo37.fr\/index.php\/wp-json\/wp\/v2\/posts\/9447\/revisions\/9456"}],"wp:featuredmedia":[{"embeddable":true,"href":"https:\/\/snudifo37.fr\/index.php\/wp-json\/wp\/v2\/media\/7843"}],"wp:attachment":[{"href":"https:\/\/snudifo37.fr\/index.php\/wp-json\/wp\/v2\/media?parent=9447"}],"wp:term":[{"taxonomy":"category","embeddable":true,"href":"https:\/\/snudifo37.fr\/index.php\/wp-json\/wp\/v2\/categories?post=9447"},{"taxonomy":"post_tag","embeddable":true,"href":"https:\/\/snudifo37.fr\/index.php\/wp-json\/wp\/v2\/tags?post=9447"}],"curies":[{"name":"wp","href":"https:\/\/api.w.org\/{rel}","templated":true}]}}