{"id":9433,"date":"2025-11-11T07:05:22","date_gmt":"2025-11-11T06:05:22","guid":{"rendered":"https:\/\/snudifo37.fr\/?p=9433"},"modified":"2025-11-11T07:06:37","modified_gmt":"2025-11-11T06:06:37","slug":"decalaration-de-la-f3sct-du-4-novembre-2025","status":"publish","type":"post","link":"https:\/\/snudifo37.fr\/index.php\/2025\/11\/11\/decalaration-de-la-f3sct-du-4-novembre-2025\/","title":{"rendered":"D\u00e9calaration de la F3SCT du 4 novembre 2025"},"content":{"rendered":"\n<p>D\u00e9claration des repr\u00e9sentants de la FNEC-FP-FO 37 F3SCT-D du 4\/11\/2025<\/p>\n\n\n\n<p><br>La FNEC-FP-FO a pris connaissance du projet de budget propos\u00e9 par le premier<br>ministre Lecornu pour 2026. Ce projet de budget est inacceptable tant il contient de<br>mesures qui s\u2019attaquent frontalement aux services publics, aux droits et aux conditions de<br>travail et de sant\u00e9 des personnels. En particulier, la FNEC-FP-FO refuse une ann\u00e9e blanche<br>pour les prestations sociales et du point d\u2019indice dans la fonction publique, le maintien de<br>l\u2019indemnisation \u00e0 90% des jours d\u2019arr\u00eat maladie, la suppression de 3 000 postes dans la<br>Fonction publique d\u2019Etat, le gel du bar\u00e8me de l\u2019imp\u00f4t sur le revenu, le gel des pensions pour<br>2026 et la sous indexation les ann\u00e9es suivantes, le doublement des franchises m\u00e9dicales\u2026<br>Concernant la r\u00e9forme des retraites, notre organisation syndicale n\u2019est pas dupe des<br>annonces du 1er ministre Lecornu cons\u00e9cutives \u00e0 des tractations politiciennes : il ne s\u2019agit<br>m\u00eame pas d\u2019une suspension de la r\u00e9forme Macron-Borne, mais d\u2019un simple d\u00e9calage<br>comme l\u2019a rappel\u00e9 le pr\u00e9sident Macron. Nous rappelons l\u2019exigence qui a soud\u00e9 des millions<br>de travailleurs en 2023 dans les gr\u00e8ves et les manifestations : le retrait puis l\u2019abrogation de<br>la r\u00e9forme Macron-Borne sur les retraites !<br>Lors du dernier groupe de travail \u00ab fiches RSST \u00bb, la FNEC-FP-FO a d\u00e9nonc\u00e9 la remise en<br>cause du droit \u00e0 la sant\u00e9 et s\u00e9curit\u00e9 au travail inscrit dans le code du travail. En effet, nous<br>contestons la mise en place des fiches RSST d\u00e9mat\u00e9rialis\u00e9es qui ne rev\u00eat aucun caract\u00e8re<br>obligatoire ! Aucune forme de pression aupr\u00e8s des personnels ne peut \u00eatre exerc\u00e9e :<br>aucune consigne donn\u00e9e en ce sens aux directeurs ne sera tol\u00e9r\u00e9e !<br>Des personnels nous informent que leurs fiches RSST papier sont r\u00e9\u00e9crites dans le registre<br>d\u00e9mat\u00e9rialis\u00e9. Ces proc\u00e9d\u00e9s ne sont pas l\u00e9gaux. Nous n\u2019accepterons pas que cela se<br>reproduise !<br>Nous ne sommes pas dupes, nous savons tr\u00e8s bien les desseins qui se cachent derri\u00e8re cette<br>tentative d\u2019imposer les fiches RSST d\u00e9mat\u00e9rialis\u00e9es. Car il s\u2019agit bien de taire les conditions<br>de travail tr\u00e8s d\u00e9grad\u00e9es dues \u00e0 la politique gouvernementale et aux diff\u00e9rentes contrer\u00e9formes<br>Macron \u2013 en particulier l\u2019acte 2 de l\u2019\u00e9cole inclusive qui met \u00e0 mal notre<br>profession ! Les proc\u00e9dures pour r\u00e9diger une fiche RSST, longues, complexes\u2026freinent les<br>personnels \u00e0 se saisir du registre !<br>Tout cela pour tenter de r\u00e9duire le nombre de fiches RSST ! Pour rappel, lors de la F3SCT-A<br>du 23 novembre 2023, un avis conjoint FSU\/UNSA avait \u00e9t\u00e9 pr\u00e9sent\u00e9 : \u00ab il demande que la<br>d\u00e9mat\u00e9rialisation des RSST soit une priorit\u00e9 acad\u00e9mique \u00bb.<br>Malgr\u00e9 notre alerte, la FNEC-FP-FO est toujours discrimin\u00e9e dans l\u2019exercice de son mandat<br>puisqu\u2019elle est priv\u00e9e des fiches RSST \u00ab d\u00e9mat\u00e9rialis\u00e9es \u00bb. Ceci est une entrave au droit<br>syndical.<br>Cette situation est inacceptable et les personnels en sont les premi\u00e8res victimes puisqu\u2019ils<br>ne peuvent voir leurs droits d\u00e9fendus par des d\u00e9l\u00e9gu\u00e9s ind\u00e9pendants du minist\u00e8re, ceux de<br>la FNEC-FP-FO. A un an des \u00e9lections professionnelles, il s\u2019agit d\u2019un parti pris de l\u2019inspecteur<br>d\u2019acad\u00e9mie pour favoriser une autre organisation syndicale, la FSU pour ne pas la nommer.<br>Nous exigeons que toutes les fiches RSST soient envoy\u00e9es \u00e0 l\u2019ensemble des organisations<br>syndicales, et ce d\u00e8s r\u00e9ception par l\u2019administration, sans quoi la FNEC-FP-FO appuy\u00e9e par<br>l\u2019UD FO 37 saisira l\u2019inspection du travail !<br>Par ailleurs, nous demandons que l\u2019\u00e9tude des fiches du registre SST apparaissent comme le<br>premier point \u00e0 l\u2019ordre du jour dans les instances et non comme \u00ab observations \u00bb SST qui<br>minimisent les situations affectant la sant\u00e9 et la s\u00e9curit\u00e9 au travail.<br>Concernant les accidents du travail, de nombreux coll\u00e8gues nous alertent sur des d\u00e9lais de<br>r\u00e9ponse tardifs. Nous nous inqui\u00e9tons \u00e9galement sur le nombre de refus qu\u2019essuient nos<br>coll\u00e8gues pourtant victimes de conditions de travail tr\u00e8s d\u00e9grad\u00e9es. La reconnaissance de<br>l\u2019accident de travail n\u2019est pas discutable alors m\u00eame que la France est le deuxi\u00e8me pays<br>europ\u00e9en qui compte le plus de morts au travail ! Le renvoi quasi automatique envers les<br>experts m\u00e9dicaux, qui rallonge les d\u00e9lais de traitement, stressent les personnels et les<br>fatiguent d\u2019autant plus. Nous demandons que chaque accident de travail soit reconnu<br>imm\u00e9diatement.<br>Nous pr\u00e9sentons les avis suivants :<br>1 &#8211; \u00ab\u00a0La F3SCT-D demande le respect de l&rsquo;\u00e9galit\u00e9 de traitement des organisations syndicales<br>repr\u00e9sentatives ce qui signifie que les fiches des RSST d\u00e9mat\u00e9rialis\u00e9es doivent \u00eatre<br>adress\u00e9es \u00e0 tous les d\u00e9l\u00e9gu\u00e9s du personnel dans les m\u00eames conditions\u00a0\u00bb.<br>2 &#8211; \u00ab\u00a0La F3SCT-D demande l&rsquo;abandon des PAS et des DAR issus de l&rsquo;acte 2 de l&rsquo;\u00e9cole inclusive<br>en Indre-et-Loire\u00a0\u00bb.<br>3 &#8211; \u00ab\u00a0La F3SCT-D demande que tous les postes de tous les RASED comme celui de Saint-<br>Pierre-des-Corps soient pourvus\u00a0\u00bb.<br>4- La F3SCT rappelle que toutes les fiches RSST papier doivent parvenir aux membres de la<br>F3SCT.<br>5- La F3SCT, consid\u00e9rant les conditions de travail tr\u00e8s d\u00e9grad\u00e9es des AESH, li\u00e9es aux<br>manques d\u2019AESH dans les \u00e9tablissements scolaires et de leur mutualisation aupr\u00e8s des<br>\u00e9l\u00e8ves, demande que le nombre de postes d\u2019AESH soit abond\u00e9 en fonction des besoins<br>figurant sur les notifications de la MDPH.<\/p>\n<a class=\"synved-social-button synved-social-button-share synved-social-size-32 synved-social-resolution-single synved-social-provider-facebook nolightbox\" data-provider=\"facebook\" target=\"_blank\" rel=\"nofollow\" title=\"Faites le savoir \u00e0 vos amis via Facebook \" href=\"https:\/\/www.facebook.com\/sharer.php?u=https%3A%2F%2Fsnudifo37.fr%2Findex.php%2Fwp-json%2Fwp%2Fv2%2Fposts%2F9433&#038;t=D%C3%A9calaration%20de%20la%20F3SCT%20du%204%20novembre%202025&#038;s=100&#038;p&#091;url&#093;=https%3A%2F%2Fsnudifo37.fr%2Findex.php%2Fwp-json%2Fwp%2Fv2%2Fposts%2F9433&#038;p&#091;images&#093;&#091;0&#093;=https%3A%2F%2Fsnudifo37.fr%2Fwp-content%2Fuploads%2F2025%2F09%2Fun_pas_w_jpg__2031288-1-1.jpg&#038;p&#091;title&#093;=D%C3%A9calaration%20de%20la%20F3SCT%20du%204%20novembre%202025\" style=\"font-size: 0px;width:32px;height:32px;margin:0;margin-bottom:20px;margin-right:20px\"><img loading=\"lazy\" decoding=\"async\" alt=\"Facebook\" title=\"Faites le savoir \u00e0 vos amis via Facebook \" class=\"synved-share-image synved-social-image synved-social-image-share\" width=\"32\" height=\"32\" style=\"display: inline;width:32px;height:32px;margin: 0;padding: 0;border: none;box-shadow: none\" src=\"https:\/\/snudifo37.fr\/wp-content\/plugins\/social-media-feather\/synved-social\/image\/social\/regular\/64x64\/facebook.png\" \/><\/a><a class=\"synved-social-button synved-social-button-share synved-social-size-32 synved-social-resolution-single synved-social-provider-twitter nolightbox\" data-provider=\"twitter\" target=\"_blank\" rel=\"nofollow\" title=\"Informez-en vos amis via Twitter\" href=\"https:\/\/twitter.com\/intent\/tweet?url=https%3A%2F%2Fsnudifo37.fr%2Findex.php%2Fwp-json%2Fwp%2Fv2%2Fposts%2F9433&#038;text=Le%20Snudi-Fo%20vous%20informe%3A\" style=\"font-size: 0px;width:32px;height:32px;margin:0;margin-bottom:20px;margin-right:20px\"><img loading=\"lazy\" decoding=\"async\" alt=\"twitter\" title=\"Informez-en vos amis via Twitter\" class=\"synved-share-image synved-social-image synved-social-image-share\" width=\"32\" height=\"32\" style=\"display: inline;width:32px;height:32px;margin: 0;padding: 0;border: none;box-shadow: none\" src=\"https:\/\/snudifo37.fr\/wp-content\/plugins\/social-media-feather\/synved-social\/image\/social\/regular\/64x64\/twitter.png\" \/><\/a><a class=\"synved-social-button synved-social-button-share synved-social-size-32 synved-social-resolution-single synved-social-provider-mail nolightbox\" data-provider=\"mail\" rel=\"nofollow\" title=\"Les derni\u00e8res informations du Snudi-Fo 37\" href=\"mailto:?subject=D%C3%A9calaration%20de%20la%20F3SCT%20du%204%20novembre%202025&#038;body=Le%20Snudi-Fo%20vous%20informe%3A:%20https%3A%2F%2Fsnudifo37.fr%2Findex.php%2Fwp-json%2Fwp%2Fv2%2Fposts%2F9433\" style=\"font-size: 0px;width:32px;height:32px;margin:0;margin-bottom:20px\"><img loading=\"lazy\" decoding=\"async\" alt=\"mail\" title=\"Les derni\u00e8res informations du Snudi-Fo 37\" class=\"synved-share-image synved-social-image synved-social-image-share\" width=\"32\" height=\"32\" style=\"display: inline;width:32px;height:32px;margin: 0;padding: 0;border: none;box-shadow: none\" src=\"https:\/\/snudifo37.fr\/wp-content\/plugins\/social-media-feather\/synved-social\/image\/social\/regular\/64x64\/mail.png\" \/><\/a>","protected":false},"excerpt":{"rendered":"<p>D\u00e9claration des repr\u00e9sentants de la FNEC-FP-FO 37 F3SCT-D du 4\/11\/2025 La FNEC-FP-FO a pris connaissance du projet de budget propos\u00e9 par le premierministre Lecornu pour 2026. Ce projet de budget&#8230;<\/p>\n","protected":false},"author":1,"featured_media":9363,"comment_status":"closed","ping_status":"closed","sticky":false,"template":"","format":"standard","meta":{"footnotes":""},"categories":[12],"tags":[],"class_list":["post-9433","post","type-post","status-publish","format-standard","has-post-thumbnail","hentry","category-chsct"],"_links":{"self":[{"href":"https:\/\/snudifo37.fr\/index.php\/wp-json\/wp\/v2\/posts\/9433","targetHints":{"allow":["GET"]}}],"collection":[{"href":"https:\/\/snudifo37.fr\/index.php\/wp-json\/wp\/v2\/posts"}],"about":[{"href":"https:\/\/snudifo37.fr\/index.php\/wp-json\/wp\/v2\/types\/post"}],"author":[{"embeddable":true,"href":"https:\/\/snudifo37.fr\/index.php\/wp-json\/wp\/v2\/users\/1"}],"replies":[{"embeddable":true,"href":"https:\/\/snudifo37.fr\/index.php\/wp-json\/wp\/v2\/comments?post=9433"}],"version-history":[{"count":1,"href":"https:\/\/snudifo37.fr\/index.php\/wp-json\/wp\/v2\/posts\/9433\/revisions"}],"predecessor-version":[{"id":9434,"href":"https:\/\/snudifo37.fr\/index.php\/wp-json\/wp\/v2\/posts\/9433\/revisions\/9434"}],"wp:featuredmedia":[{"embeddable":true,"href":"https:\/\/snudifo37.fr\/index.php\/wp-json\/wp\/v2\/media\/9363"}],"wp:attachment":[{"href":"https:\/\/snudifo37.fr\/index.php\/wp-json\/wp\/v2\/media?parent=9433"}],"wp:term":[{"taxonomy":"category","embeddable":true,"href":"https:\/\/snudifo37.fr\/index.php\/wp-json\/wp\/v2\/categories?post=9433"},{"taxonomy":"post_tag","embeddable":true,"href":"https:\/\/snudifo37.fr\/index.php\/wp-json\/wp\/v2\/tags?post=9433"}],"curies":[{"name":"wp","href":"https:\/\/api.w.org\/{rel}","templated":true}]}}