{"id":9012,"date":"2025-04-25T08:15:49","date_gmt":"2025-04-25T06:15:49","guid":{"rendered":"https:\/\/snudifo37.fr\/?p=9012"},"modified":"2025-04-25T08:18:54","modified_gmt":"2025-04-25T06:18:54","slug":"9012","status":"publish","type":"post","link":"https:\/\/snudifo37.fr\/index.php\/2025\/04\/25\/9012\/","title":{"rendered":"Motion de Vernou"},"content":{"rendered":"\n<p>Motion contre les projets de r\u00e9formes, les protocoles qui les accompagnent et les<br>obligations au sein de la formation continue<br>Nous, coll\u00e8gues de la maternelle Roger Lecott\u00e9 \u00e0 Vernou-Sur-Brenne, r\u00e9unies en conseil des<br>ma\u00eetresses ce 14 novembre 2024, contestons les 3 jours de carence et les 90% du salaire les jours<br>suivants que le gouvernement veut imposer aux fonctionnaires.<br>Parce que, comment ose-t-il faire une telle proposition, \u00e0 moins de penser que nous soyons :<\/p>\n\n\n\n<ul class=\"wp-block-list\">\n<li>des fain\u00e9ants ?,<\/li>\n\n\n\n<li>des menteurs (comme, au passage, les m\u00e9decins qui nous prescrivent nos arr\u00eats maladie) ?,<\/li>\n\n\n\n<li>trop pay\u00e9s (pour pouvoir nous permettre de perdre sans difficult\u00e9 trois jours de salaire puis 10 %<br>des jours suivants lorsque nous sommes malades, maladie que nous avons souvent contract\u00e9e sur<br>notre lieu de travail et de par notre travail) ?<\/li>\n\n\n\n<li>non contagieux lorsque notre maladie l&rsquo;est pourtant ?,<br>ou que nous pouvons t\u00e9l\u00e9-travailler malades pour ne pas perdre de jour de carence tout en \u00e9vitant de<br>contaminer nos \u00e9l\u00e8ves ?<br>Nous d\u00e9non\u00e7ons les suites de mesures insultantes que le gouvernement a prises et continue<br>de prendre \u00e0 notre \u00e9gard, le manque de moyens dans nos \u00e9coles et la d\u00e9gradation de nos conditions<br>de travail li\u00e9es en particulier \u00e0 l\u2019acte 2 de l\u2019\u00e9cole inclusive. Nous d\u00e9non\u00e7ons aussi les protocoles<br>absurdes li\u00e9s \u00e0 cet acte 2 (r\u00e9dig\u00e9s parfois avec la complaisance et m\u00eame l&rsquo;appui de syndicats qui<br>n&rsquo;\u00e9coutent pas en cela les revendications de ceux qu&rsquo;ils sont sens\u00e9s repr\u00e9senter), protocoles qui ne<br>nous aident en rien et ne font que nous rajouter du travail inutile lorsque nous en sommes d\u00e9j\u00e0<br>surcharg\u00e9s. Et nous demandons \u00e0 tous les syndicats de ne pas participer \u00e0 cette mascarade.<br>Nous demandons que cessent toutes les r\u00e9formes \u00ab Macron \u00bb qui nous mettent \u00e0 mal et nous<br>exigeons :<\/li>\n\n\n\n<li>La prise en charge \u00e0 100% des journ\u00e9es de maladie sans jour de carence ;<\/li>\n\n\n\n<li>L\u2019abandon du projet des 4000 suppressions de postes pour la rentr\u00e9e 2025 ;<\/li>\n\n\n\n<li>L\u2019abrogation de l\u2019acte 2 de l\u2019\u00e9cole de l\u2019\u00e9cole inclusive ;<\/li>\n\n\n\n<li>L\u2019abrogation de la loi Rilhac et des \u00e9valuations d&rsquo;\u00e9coles, de directeurs, comme d&rsquo;\u00e9l\u00e8ves qui<br>surchargent les \u00e9quipes enseignantes ;<\/li>\n\n\n\n<li>Le respect des \u00e9quipes sur le terrain, de leur expertise et de leur libert\u00e9 p\u00e9dagogique dans le choix<br>de leur formation continue comme dans la mise en \u0153uvre qu&rsquo;il doivent faire aupr\u00e8s de leurs \u00e9l\u00e8ves.<br>Nous appelons les coll\u00e8gues \u00e0 partager cette motion (dans les conseils des ma\u00eetres, les RIS etc) et \u00e0<br>engager une mobilisation (une vraie, une longue et une continue) contre ces attaques sans pr\u00e9c\u00e9dent<br>dans la Fonction Publique.<\/li>\n<\/ul>\n<a class=\"synved-social-button synved-social-button-share synved-social-size-32 synved-social-resolution-single synved-social-provider-facebook nolightbox\" data-provider=\"facebook\" target=\"_blank\" rel=\"nofollow\" title=\"Faites le savoir \u00e0 vos amis via Facebook \" href=\"https:\/\/www.facebook.com\/sharer.php?u=https%3A%2F%2Fsnudifo37.fr%2Findex.php%2Fwp-json%2Fwp%2Fv2%2Fposts%2F9012&#038;t=Motion%20de%20Vernou&#038;s=100&#038;p&#091;url&#093;=https%3A%2F%2Fsnudifo37.fr%2Findex.php%2Fwp-json%2Fwp%2Fv2%2Fposts%2F9012&#038;p&#091;images&#093;&#091;0&#093;=&#038;p&#091;title&#093;=Motion%20de%20Vernou\" style=\"font-size: 0px;width:32px;height:32px;margin:0;margin-bottom:20px;margin-right:20px\"><img loading=\"lazy\" decoding=\"async\" alt=\"Facebook\" title=\"Faites le savoir \u00e0 vos amis via Facebook \" class=\"synved-share-image synved-social-image synved-social-image-share\" width=\"32\" height=\"32\" style=\"display: inline;width:32px;height:32px;margin: 0;padding: 0;border: none;box-shadow: none\" src=\"https:\/\/snudifo37.fr\/wp-content\/plugins\/social-media-feather\/synved-social\/image\/social\/regular\/64x64\/facebook.png\" \/><\/a><a class=\"synved-social-button synved-social-button-share synved-social-size-32 synved-social-resolution-single synved-social-provider-twitter nolightbox\" data-provider=\"twitter\" target=\"_blank\" rel=\"nofollow\" title=\"Informez-en vos amis via Twitter\" href=\"https:\/\/twitter.com\/intent\/tweet?url=https%3A%2F%2Fsnudifo37.fr%2Findex.php%2Fwp-json%2Fwp%2Fv2%2Fposts%2F9012&#038;text=Le%20Snudi-Fo%20vous%20informe%3A\" style=\"font-size: 0px;width:32px;height:32px;margin:0;margin-bottom:20px;margin-right:20px\"><img loading=\"lazy\" decoding=\"async\" alt=\"twitter\" title=\"Informez-en vos amis via Twitter\" class=\"synved-share-image synved-social-image synved-social-image-share\" width=\"32\" height=\"32\" style=\"display: inline;width:32px;height:32px;margin: 0;padding: 0;border: none;box-shadow: none\" src=\"https:\/\/snudifo37.fr\/wp-content\/plugins\/social-media-feather\/synved-social\/image\/social\/regular\/64x64\/twitter.png\" \/><\/a><a class=\"synved-social-button synved-social-button-share synved-social-size-32 synved-social-resolution-single synved-social-provider-mail nolightbox\" data-provider=\"mail\" rel=\"nofollow\" title=\"Les derni\u00e8res informations du Snudi-Fo 37\" href=\"mailto:?subject=Motion%20de%20Vernou&#038;body=Le%20Snudi-Fo%20vous%20informe%3A:%20https%3A%2F%2Fsnudifo37.fr%2Findex.php%2Fwp-json%2Fwp%2Fv2%2Fposts%2F9012\" style=\"font-size: 0px;width:32px;height:32px;margin:0;margin-bottom:20px\"><img loading=\"lazy\" decoding=\"async\" alt=\"mail\" title=\"Les derni\u00e8res informations du Snudi-Fo 37\" class=\"synved-share-image synved-social-image synved-social-image-share\" width=\"32\" height=\"32\" style=\"display: inline;width:32px;height:32px;margin: 0;padding: 0;border: none;box-shadow: none\" src=\"https:\/\/snudifo37.fr\/wp-content\/plugins\/social-media-feather\/synved-social\/image\/social\/regular\/64x64\/mail.png\" \/><\/a>","protected":false},"excerpt":{"rendered":"<p>Motion contre les projets de r\u00e9formes, les protocoles qui les accompagnent et lesobligations au sein de la formation continueNous, coll\u00e8gues de la maternelle Roger Lecott\u00e9 \u00e0 Vernou-Sur-Brenne, r\u00e9unies en conseil&#8230;<\/p>\n","protected":false},"author":1,"featured_media":0,"comment_status":"closed","ping_status":"closed","sticky":false,"template":"","format":"standard","meta":{"footnotes":""},"categories":[1],"tags":[],"class_list":["post-9012","post","type-post","status-publish","format-standard","hentry","category-non-classe"],"_links":{"self":[{"href":"https:\/\/snudifo37.fr\/index.php\/wp-json\/wp\/v2\/posts\/9012","targetHints":{"allow":["GET"]}}],"collection":[{"href":"https:\/\/snudifo37.fr\/index.php\/wp-json\/wp\/v2\/posts"}],"about":[{"href":"https:\/\/snudifo37.fr\/index.php\/wp-json\/wp\/v2\/types\/post"}],"author":[{"embeddable":true,"href":"https:\/\/snudifo37.fr\/index.php\/wp-json\/wp\/v2\/users\/1"}],"replies":[{"embeddable":true,"href":"https:\/\/snudifo37.fr\/index.php\/wp-json\/wp\/v2\/comments?post=9012"}],"version-history":[{"count":2,"href":"https:\/\/snudifo37.fr\/index.php\/wp-json\/wp\/v2\/posts\/9012\/revisions"}],"predecessor-version":[{"id":9015,"href":"https:\/\/snudifo37.fr\/index.php\/wp-json\/wp\/v2\/posts\/9012\/revisions\/9015"}],"wp:attachment":[{"href":"https:\/\/snudifo37.fr\/index.php\/wp-json\/wp\/v2\/media?parent=9012"}],"wp:term":[{"taxonomy":"category","embeddable":true,"href":"https:\/\/snudifo37.fr\/index.php\/wp-json\/wp\/v2\/categories?post=9012"},{"taxonomy":"post_tag","embeddable":true,"href":"https:\/\/snudifo37.fr\/index.php\/wp-json\/wp\/v2\/tags?post=9012"}],"curies":[{"name":"wp","href":"https:\/\/api.w.org\/{rel}","templated":true}]}}