{"id":8720,"date":"2025-02-04T06:45:00","date_gmt":"2025-02-04T05:45:00","guid":{"rendered":"https:\/\/snudifo37.fr\/?p=8720"},"modified":"2025-02-04T06:45:22","modified_gmt":"2025-02-04T05:45:22","slug":"inclusion-un-nouveau-groupe-de-travail-qui-deraille","status":"publish","type":"post","link":"https:\/\/snudifo37.fr\/index.php\/2025\/02\/04\/inclusion-un-nouveau-groupe-de-travail-qui-deraille\/","title":{"rendered":"Inclusion : un nouveau groupe de travail qui d\u00e9raille!\u00a0"},"content":{"rendered":"\n<p>Jeudi dernier c&rsquo;est tenu un troisi\u00e8me groupe de travail dont le th\u00e8me \u00e9tait : \u00ab\u00a0protocole d\u00e9partemental de gestions des situations individuelles complexes\u00a0\u00bb : encore un euph\u00e9misme pour tenter de camoufler les probl\u00e8mes li\u00e9s aux inclusions syst\u00e9matiques et forc\u00e9es!<\/p>\n\n\n\n<p>La FNEC FP FO a rappel\u00e9 le refus total du protocole par les personnels. Pour certaines \u00e9coles, l&rsquo;application du protocole a conduit \u00e0 des signalements de dangers graves et imminents, laissant les coll\u00e8gues sans solution. Le SNUIPP, l&rsquo;UNSA et l&rsquo;administration, r\u00e9dacteurs de ce protocole, ont du faire le m\u00eame constat : le rejet est unanime! Pourtant ces organisations syndicales persistent et signent en \u00e9laborant un nouveau protocole avec l&rsquo;administration&#8230;&nbsp;<\/p>\n\n\n\n<p>La FNEC FP FO rappelle qu&rsquo;elle a re\u00e7u une quantit\u00e9 importante de motions d&rsquo;\u00e9coles se positionnant contre ces protocoles, motions \u00e9galement adress\u00e9es aux autres organisations syndicales. Est-ce la r\u00e9ponse du SNUIPP et de l&rsquo;UNSA aux coll\u00e8gues \u00e9prouv\u00e9s?<\/p>\n\n\n\n<p>Pour la FNEC-FP-FO : la p\u00e9dagogie ne peut se substituer aux soins! C&rsquo;est l&rsquo;acte 2 de l&rsquo;\u00e9cole inclusive voulue par Macron qui se d\u00e9cline dans ces protocoles qui cautionnent le d\u00e9mant\u00e8lement de l&rsquo;enseignement sp\u00e9cialis\u00e9. Encore des projets d&rsquo;accompagnements \u00e0 r\u00e9p\u00e9tition, encore des papiers \u00e0 remplir, comme si cela allait apporter une quelconque solution!&nbsp;<\/p>\n\n\n\n<p><strong>STOP AU CHAOS DE L&rsquo;INCLUSION FORCEE ET SYSTEMATIQUE!<\/strong><\/p>\n\n\n\n<p>Ces documents sont en pi\u00e8ces jointes, chacun appr\u00e9ciera&#8230;<\/p>\n\n\n\n<p><a href=\"https:\/\/snudifo37.fr\/index.php\/2025\/02\/03\/protocole-departemental\/\" target=\"_blank\" rel=\"noreferrer noopener\">Protocole 1<\/a><\/p>\n\n\n\n<p><a href=\"https:\/\/snudifo37.fr\/index.php\/2025\/02\/03\/protocole-departemental-suite\/\" target=\"_blank\" rel=\"noreferrer noopener\">Protocole 2<\/a><\/p>\n\n\n\n<p><a href=\"https:\/\/snudifo37.fr\/index.php\/2025\/02\/03\/outils-pour-faire-du-bricolage-sans-reelles-solutions\/\" target=\"_blank\" rel=\"noreferrer noopener\">\u00ab\u00a0Outils\u00a0\u00bb pour bricolage inclusif<\/a><\/p>\n\n\n\n<p><strong>Plus que jamais FO revendique :&nbsp;<\/strong><\/p>\n\n\n\n<p>&#8211; La d\u00e9fense de l\u2019enseignement sp\u00e9cialis\u00e9 et adapt\u00e9<\/p>\n\n\n\n<p>&#8211; Le maintien et la cr\u00e9ation des places dans les \u00e9tablissements sociaux et m\u00e9dico-sociaux<\/p>\n\n\n\n<p>&#8211; Le retrait du d\u00e9cret visant \u00e0 g\u00e9n\u00e9raliser l\u2019externalisation des ESMS<\/p>\n\n\n\n<p>&#8211; Le recrutement d\u2019enseignants sp\u00e9cialis\u00e9s et d\u2019AESH<\/p>\n\n\n\n<p>&#8211; Un statut de fonctionnaire et un vrai salaire pour les AESH<\/p>\n\n\n\n<p>&#8211; Le retrait de l\u2019acte 2 de l\u2019Ecole inclusive, l\u2019abandon des PAS et des PIAL.<\/p>\n\n\n\n<p>&#8211; La reconnaissance, s\u00e9curisation et revalorisation de tous les professionnels en lien avec la scolarisation des \u00e9l\u00e8ves en situation de handicap : enseignants et \u00e9ducateurs sp\u00e9cialis\u00e9s, personnel m\u00e9dico-social, interpr\u00e8tes et interfaces en LSF, codeurs en LfPC\u2026 sans oublier les missions administratives et techniques supports !<\/p>\n\n\n\n<p>Signez la p\u00e9tition pour la d\u00e9fense de l&rsquo;enseignement sp\u00e9cialis\u00e9 <a href=\"https:\/\/www.fo-fnecfp.fr\/petition-defense-de-lenseignement-specialise\/\" target=\"_blank\" rel=\"noreferrer noopener\">ici<\/a><\/p>\n<a class=\"synved-social-button synved-social-button-share synved-social-size-32 synved-social-resolution-single synved-social-provider-facebook nolightbox\" data-provider=\"facebook\" target=\"_blank\" rel=\"nofollow\" title=\"Faites le savoir \u00e0 vos amis via Facebook \" href=\"https:\/\/www.facebook.com\/sharer.php?u=https%3A%2F%2Fsnudifo37.fr%2Findex.php%2Fwp-json%2Fwp%2Fv2%2Fposts%2F8720&#038;t=Inclusion%20%3A%20un%20nouveau%20groupe%20de%20travail%20qui%20d%C3%A9raille%21%C2%A0&#038;s=100&#038;p&#091;url&#093;=https%3A%2F%2Fsnudifo37.fr%2Findex.php%2Fwp-json%2Fwp%2Fv2%2Fposts%2F8720&#038;p&#091;images&#093;&#091;0&#093;=https%3A%2F%2Fsnudifo37.fr%2Fwp-content%2Fuploads%2F2021%2F10%2FEcluPetit.jpg&#038;p&#091;title&#093;=Inclusion%20%3A%20un%20nouveau%20groupe%20de%20travail%20qui%20d%C3%A9raille%21%C2%A0\" style=\"font-size: 0px;width:32px;height:32px;margin:0;margin-bottom:20px;margin-right:20px\"><img loading=\"lazy\" decoding=\"async\" alt=\"Facebook\" title=\"Faites le savoir \u00e0 vos amis via Facebook \" class=\"synved-share-image synved-social-image synved-social-image-share\" width=\"32\" height=\"32\" style=\"display: inline;width:32px;height:32px;margin: 0;padding: 0;border: none;box-shadow: none\" src=\"https:\/\/snudifo37.fr\/wp-content\/plugins\/social-media-feather\/synved-social\/image\/social\/regular\/64x64\/facebook.png\" \/><\/a><a class=\"synved-social-button synved-social-button-share synved-social-size-32 synved-social-resolution-single synved-social-provider-twitter nolightbox\" data-provider=\"twitter\" target=\"_blank\" rel=\"nofollow\" title=\"Informez-en vos amis via Twitter\" href=\"https:\/\/twitter.com\/intent\/tweet?url=https%3A%2F%2Fsnudifo37.fr%2Findex.php%2Fwp-json%2Fwp%2Fv2%2Fposts%2F8720&#038;text=Le%20Snudi-Fo%20vous%20informe%3A\" style=\"font-size: 0px;width:32px;height:32px;margin:0;margin-bottom:20px;margin-right:20px\"><img loading=\"lazy\" decoding=\"async\" alt=\"twitter\" title=\"Informez-en vos amis via Twitter\" class=\"synved-share-image synved-social-image synved-social-image-share\" width=\"32\" height=\"32\" style=\"display: inline;width:32px;height:32px;margin: 0;padding: 0;border: none;box-shadow: none\" src=\"https:\/\/snudifo37.fr\/wp-content\/plugins\/social-media-feather\/synved-social\/image\/social\/regular\/64x64\/twitter.png\" \/><\/a><a class=\"synved-social-button synved-social-button-share synved-social-size-32 synved-social-resolution-single synved-social-provider-mail nolightbox\" data-provider=\"mail\" rel=\"nofollow\" title=\"Les derni\u00e8res informations du Snudi-Fo 37\" href=\"mailto:?subject=Inclusion%20%3A%20un%20nouveau%20groupe%20de%20travail%20qui%20d%C3%A9raille%21%C2%A0&#038;body=Le%20Snudi-Fo%20vous%20informe%3A:%20https%3A%2F%2Fsnudifo37.fr%2Findex.php%2Fwp-json%2Fwp%2Fv2%2Fposts%2F8720\" style=\"font-size: 0px;width:32px;height:32px;margin:0;margin-bottom:20px\"><img loading=\"lazy\" decoding=\"async\" alt=\"mail\" title=\"Les derni\u00e8res informations du Snudi-Fo 37\" class=\"synved-share-image synved-social-image synved-social-image-share\" width=\"32\" height=\"32\" style=\"display: inline;width:32px;height:32px;margin: 0;padding: 0;border: none;box-shadow: none\" src=\"https:\/\/snudifo37.fr\/wp-content\/plugins\/social-media-feather\/synved-social\/image\/social\/regular\/64x64\/mail.png\" \/><\/a>","protected":false},"excerpt":{"rendered":"<p>Jeudi dernier c&rsquo;est tenu un troisi\u00e8me groupe de travail dont le th\u00e8me \u00e9tait : \u00ab\u00a0protocole d\u00e9partemental de gestions des situations individuelles complexes\u00a0\u00bb : encore un euph\u00e9misme pour tenter de camoufler&#8230;<\/p>\n","protected":false},"author":1,"featured_media":4066,"comment_status":"closed","ping_status":"closed","sticky":true,"template":"","format":"standard","meta":{"footnotes":""},"categories":[1],"tags":[],"class_list":["post-8720","post","type-post","status-publish","format-standard","has-post-thumbnail","hentry","category-non-classe"],"_links":{"self":[{"href":"https:\/\/snudifo37.fr\/index.php\/wp-json\/wp\/v2\/posts\/8720","targetHints":{"allow":["GET"]}}],"collection":[{"href":"https:\/\/snudifo37.fr\/index.php\/wp-json\/wp\/v2\/posts"}],"about":[{"href":"https:\/\/snudifo37.fr\/index.php\/wp-json\/wp\/v2\/types\/post"}],"author":[{"embeddable":true,"href":"https:\/\/snudifo37.fr\/index.php\/wp-json\/wp\/v2\/users\/1"}],"replies":[{"embeddable":true,"href":"https:\/\/snudifo37.fr\/index.php\/wp-json\/wp\/v2\/comments?post=8720"}],"version-history":[{"count":1,"href":"https:\/\/snudifo37.fr\/index.php\/wp-json\/wp\/v2\/posts\/8720\/revisions"}],"predecessor-version":[{"id":8721,"href":"https:\/\/snudifo37.fr\/index.php\/wp-json\/wp\/v2\/posts\/8720\/revisions\/8721"}],"wp:featuredmedia":[{"embeddable":true,"href":"https:\/\/snudifo37.fr\/index.php\/wp-json\/wp\/v2\/media\/4066"}],"wp:attachment":[{"href":"https:\/\/snudifo37.fr\/index.php\/wp-json\/wp\/v2\/media?parent=8720"}],"wp:term":[{"taxonomy":"category","embeddable":true,"href":"https:\/\/snudifo37.fr\/index.php\/wp-json\/wp\/v2\/categories?post=8720"},{"taxonomy":"post_tag","embeddable":true,"href":"https:\/\/snudifo37.fr\/index.php\/wp-json\/wp\/v2\/tags?post=8720"}],"curies":[{"name":"wp","href":"https:\/\/api.w.org\/{rel}","templated":true}]}}