{"id":8540,"date":"2024-12-01T11:16:12","date_gmt":"2024-12-01T10:16:12","guid":{"rendered":"https:\/\/snudifo37.fr\/?p=8540"},"modified":"2024-12-01T11:16:38","modified_gmt":"2024-12-01T10:16:38","slug":"csad-inclusion-scolaire-systematique-et-forcee-la-liquidation-de-lenseignement-specialise-continue","status":"publish","type":"post","link":"https:\/\/snudifo37.fr\/index.php\/2024\/12\/01\/csad-inclusion-scolaire-systematique-et-forcee-la-liquidation-de-lenseignement-specialise-continue\/","title":{"rendered":"CSAD : Inclusion scolaire syst\u00e9matique et forc\u00e9e.  La liquidation de l&rsquo;enseignement sp\u00e9cialis\u00e9 continue!"},"content":{"rendered":"\n<p>A nouveau, nous avons rencontr\u00e9 un blocage des instances contribuant \u00e0 la d\u00e9gradation des conditions de travail des coll\u00e8gues. L&rsquo;administration, avec la complaisance des autres organisations syndicales, a refus\u00e9 de mettre au vote notre avis&#8230;<\/p>\n\n\n\n<p>Chers coll\u00e8gues,<\/p>\n\n\n\n<p>Les derni\u00e8res annonces de la ministre de la sant\u00e9 vont dans la droite ligne du ministre Kasbarian avec les 3 jours de carence : baisse du taux de remboursement des m\u00e9dicaments de 5% et baisse du taux de remboursement des consultations m\u00e9dicales qui vont, par ailleurs, augmenter en d\u00e9cembre !<\/p>\n\n\n\n<p>C&rsquo;est dans ce contexte de casse de la S\u00e9curit\u00e9 sociale, que le directeur acad\u00e9mique avait confirm\u00e9 l&rsquo;augmentation du nombre d&rsquo;\u00e9l\u00e8ves laiss\u00e9s sans soins dans les classes ordinaires lors de la pr\u00e9c\u00e9dente audience. (Pour rappel, le Directeur acad\u00e9mique avait annonc\u00e9 plus de 1300 \u00e9l\u00e8ves au CDEN l&rsquo;ann\u00e9e derni\u00e8re) ! C&rsquo;est un scandale ! Voici le r\u00e9sultat des politiques d&rsquo;inclusion forc\u00e9e de l&rsquo;acte 1 et l&rsquo;acte 2 de l&rsquo;\u00e9cole inclusive !<\/p>\n\n\n\n<p>Lors du CSA d\u00e9partemental jeudi, la FNEC-FP-FO a d\u00e9pos\u00e9 l&rsquo;avis suivant.<\/p>\n\n\n\n<p>&#8211;<strong><em>&nbsp;Le CSA-D demande l&rsquo;abrogation de l&rsquo;acte 2 de l&rsquo;\u00e9cole inclusive,&nbsp;politique men\u00e9e par le&nbsp;gouvernement Macron-Barnier,&nbsp;et l&rsquo;abandon de tout protocole d\u00e9partemental accompagnant cet acte 2 qui surchargent et culpabilisent les coll\u00e8gues d\u00e9j\u00e0 \u00e9prouv\u00e9s et laissent les \u00e9l\u00e8ves sans soin et sans prise en charge adapt\u00e9e<\/em>.&nbsp;<\/strong><\/p>\n\n\n\n<p>A nouveau, nous avons rencontr\u00e9 un blocage des instances contribuant \u00e0 la d\u00e9gradation des conditions de travail des coll\u00e8gues. L&rsquo;administration, avec la complaisance des autres organisations syndicales, a refus\u00e9 de mettre au vote notre avis&#8230;<\/p>\n\n\n\n<p>Dans notre d\u00e9partement, la liquidation de l&rsquo;enseignement sp\u00e9cialis\u00e9 et des \u00e9tablissements sociaux et m\u00e9dico-sociaux est bien en cours contrairement \u00e0 ce qu&rsquo;affirment l&rsquo;administration et d&rsquo;autres organisations syndicales&#8230;<\/p>\n\n\n\n<p>Pour preuve, dans notre d\u00e9partement :<\/p>\n\n\n\n<p>&#8211; dans les deux ITEP de Tours, il y a une r\u00e9duction des effectifs (red\u00e9ploiement vers le SESSAD en ambulatoire),<\/p>\n\n\n\n<p>&#8211; la fermeture de l&rsquo;internat \u00e0 l&rsquo;ITEP de Chinon&nbsp;<\/p>\n\n\n\n<p>&#8211; la fusion de l&rsquo;IME Luynes et Tours-Nord dans un nouvel IME \u00e0 St-Cyr qui a eu pour cons\u00e9quence la perte de 40 places \u00e9tablissement en accueil de jour&#8230;<\/p>\n\n\n\n<p>La FNEC-FP-FO est, \u00e9galement, intervenue sur les prises en charge des AESH qui se voient maintenant attribu\u00e9es plus de 3 \u00e9l\u00e8ves faute de dotations ! Voil\u00e0 les cons\u00e9quences catastrophiques orchestr\u00e9es par la politique d&rsquo;aust\u00e9rit\u00e9&nbsp; budg\u00e9taire du gouvernement ill\u00e9gitime Macron-Barnier.<\/p>\n\n\n\n<p><strong>Stop au carnage dans nos \u00e9coles ! Stop au chaos de l&rsquo;inclusion syst\u00e9matique et forc\u00e9e ! Stop au protocole d\u00e9partemental qui d\u00e9cline l&rsquo;acte 2 en participant du d\u00e9mant\u00e8lement de l&rsquo;enseignement sp\u00e9cialis\u00e9 !<\/strong><\/p>\n\n\n\n<p><strong>TOUS EN GR\u00c8VE RECONDUCTIBLE \u00c0 PARTIR DU 10 D\u00c9CEMBRE POUR STOPPER LA MALTRAITANCE DES PERSONNELS ET DES \u00c9L\u00c8VES !<\/strong><\/p>\n\n\n\n<p><strong>Plus que jamais les revendications doivent aboutir !<\/strong><\/p>\n\n\n\n<p><strong>&#8211; prise charge de toutes les journ\u00e9es maladie sans carence<\/strong><\/p>\n\n\n\n<p><strong>&#8211; augmentation des salaires<\/strong><\/p>\n\n\n\n<p><strong>&#8211; annulation des 4000 suppressions de poste pour la rentr\u00e9e 2025<\/strong><\/p>\n\n\n\n<p><strong>&#8211; abrogation de la r\u00e9forme des retraites<\/strong><\/p>\n\n\n\n<p><strong>&#8211; abrogation de l&rsquo;acte 2 de l&rsquo;\u00e9cole inclusive<\/strong><\/p>\n\n\n\n<p><strong>&#8211; un statut pour les AESH<\/strong><\/p>\n\n\n\n<p><a rel=\"noreferrer noopener\" target=\"_blank\" href=\"https:\/\/framaforms.org\/jadhere-au-snudi-fo-37-1581947349\">Syndiquez-vous !<\/a><\/p>\n<a class=\"synved-social-button synved-social-button-share synved-social-size-32 synved-social-resolution-single synved-social-provider-facebook nolightbox\" data-provider=\"facebook\" target=\"_blank\" rel=\"nofollow\" title=\"Faites le savoir \u00e0 vos amis via Facebook \" href=\"https:\/\/www.facebook.com\/sharer.php?u=https%3A%2F%2Fsnudifo37.fr%2Findex.php%2Fwp-json%2Fwp%2Fv2%2Fposts%2F8540&#038;t=CSAD%20%3A%20Inclusion%20scolaire%20syst%C3%A9matique%20et%20forc%C3%A9e.%20%20La%20liquidation%20de%20l%E2%80%99enseignement%20sp%C3%A9cialis%C3%A9%20continue%21&#038;s=100&#038;p&#091;url&#093;=https%3A%2F%2Fsnudifo37.fr%2Findex.php%2Fwp-json%2Fwp%2Fv2%2Fposts%2F8540&#038;p&#091;images&#093;&#091;0&#093;=https%3A%2F%2Fsnudifo37.fr%2Fwp-content%2Fuploads%2F2024%2F09%2Fexclusivement_jpg__1818414.jpg&#038;p&#091;title&#093;=CSAD%20%3A%20Inclusion%20scolaire%20syst%C3%A9matique%20et%20forc%C3%A9e.%20%20La%20liquidation%20de%20l%E2%80%99enseignement%20sp%C3%A9cialis%C3%A9%20continue%21\" style=\"font-size: 0px;width:32px;height:32px;margin:0;margin-bottom:20px;margin-right:20px\"><img loading=\"lazy\" decoding=\"async\" alt=\"Facebook\" title=\"Faites le savoir \u00e0 vos amis via Facebook \" class=\"synved-share-image synved-social-image synved-social-image-share\" width=\"32\" height=\"32\" style=\"display: inline;width:32px;height:32px;margin: 0;padding: 0;border: none;box-shadow: none\" src=\"https:\/\/snudifo37.fr\/wp-content\/plugins\/social-media-feather\/synved-social\/image\/social\/regular\/64x64\/facebook.png\" \/><\/a><a class=\"synved-social-button synved-social-button-share synved-social-size-32 synved-social-resolution-single synved-social-provider-twitter nolightbox\" data-provider=\"twitter\" target=\"_blank\" rel=\"nofollow\" title=\"Informez-en vos amis via Twitter\" href=\"https:\/\/twitter.com\/intent\/tweet?url=https%3A%2F%2Fsnudifo37.fr%2Findex.php%2Fwp-json%2Fwp%2Fv2%2Fposts%2F8540&#038;text=Le%20Snudi-Fo%20vous%20informe%3A\" style=\"font-size: 0px;width:32px;height:32px;margin:0;margin-bottom:20px;margin-right:20px\"><img loading=\"lazy\" decoding=\"async\" alt=\"twitter\" title=\"Informez-en vos amis via Twitter\" class=\"synved-share-image synved-social-image synved-social-image-share\" width=\"32\" height=\"32\" style=\"display: inline;width:32px;height:32px;margin: 0;padding: 0;border: none;box-shadow: none\" src=\"https:\/\/snudifo37.fr\/wp-content\/plugins\/social-media-feather\/synved-social\/image\/social\/regular\/64x64\/twitter.png\" \/><\/a><a class=\"synved-social-button synved-social-button-share synved-social-size-32 synved-social-resolution-single synved-social-provider-mail nolightbox\" data-provider=\"mail\" rel=\"nofollow\" title=\"Les derni\u00e8res informations du Snudi-Fo 37\" href=\"mailto:?subject=CSAD%20%3A%20Inclusion%20scolaire%20syst%C3%A9matique%20et%20forc%C3%A9e.%20%20La%20liquidation%20de%20l%E2%80%99enseignement%20sp%C3%A9cialis%C3%A9%20continue%21&#038;body=Le%20Snudi-Fo%20vous%20informe%3A:%20https%3A%2F%2Fsnudifo37.fr%2Findex.php%2Fwp-json%2Fwp%2Fv2%2Fposts%2F8540\" style=\"font-size: 0px;width:32px;height:32px;margin:0;margin-bottom:20px\"><img loading=\"lazy\" decoding=\"async\" alt=\"mail\" title=\"Les derni\u00e8res informations du Snudi-Fo 37\" class=\"synved-share-image synved-social-image synved-social-image-share\" width=\"32\" height=\"32\" style=\"display: inline;width:32px;height:32px;margin: 0;padding: 0;border: none;box-shadow: none\" src=\"https:\/\/snudifo37.fr\/wp-content\/plugins\/social-media-feather\/synved-social\/image\/social\/regular\/64x64\/mail.png\" \/><\/a>","protected":false},"excerpt":{"rendered":"<p>A nouveau, nous avons rencontr\u00e9 un blocage des instances contribuant \u00e0 la d\u00e9gradation des conditions de travail des coll\u00e8gues. L&rsquo;administration, avec la complaisance des autres organisations syndicales, a refus\u00e9 de&#8230;<\/p>\n","protected":false},"author":1,"featured_media":8331,"comment_status":"closed","ping_status":"closed","sticky":true,"template":"","format":"standard","meta":{"footnotes":""},"categories":[1],"tags":[],"class_list":["post-8540","post","type-post","status-publish","format-standard","has-post-thumbnail","hentry","category-non-classe"],"_links":{"self":[{"href":"https:\/\/snudifo37.fr\/index.php\/wp-json\/wp\/v2\/posts\/8540","targetHints":{"allow":["GET"]}}],"collection":[{"href":"https:\/\/snudifo37.fr\/index.php\/wp-json\/wp\/v2\/posts"}],"about":[{"href":"https:\/\/snudifo37.fr\/index.php\/wp-json\/wp\/v2\/types\/post"}],"author":[{"embeddable":true,"href":"https:\/\/snudifo37.fr\/index.php\/wp-json\/wp\/v2\/users\/1"}],"replies":[{"embeddable":true,"href":"https:\/\/snudifo37.fr\/index.php\/wp-json\/wp\/v2\/comments?post=8540"}],"version-history":[{"count":1,"href":"https:\/\/snudifo37.fr\/index.php\/wp-json\/wp\/v2\/posts\/8540\/revisions"}],"predecessor-version":[{"id":8541,"href":"https:\/\/snudifo37.fr\/index.php\/wp-json\/wp\/v2\/posts\/8540\/revisions\/8541"}],"wp:featuredmedia":[{"embeddable":true,"href":"https:\/\/snudifo37.fr\/index.php\/wp-json\/wp\/v2\/media\/8331"}],"wp:attachment":[{"href":"https:\/\/snudifo37.fr\/index.php\/wp-json\/wp\/v2\/media?parent=8540"}],"wp:term":[{"taxonomy":"category","embeddable":true,"href":"https:\/\/snudifo37.fr\/index.php\/wp-json\/wp\/v2\/categories?post=8540"},{"taxonomy":"post_tag","embeddable":true,"href":"https:\/\/snudifo37.fr\/index.php\/wp-json\/wp\/v2\/tags?post=8540"}],"curies":[{"name":"wp","href":"https:\/\/api.w.org\/{rel}","templated":true}]}}