{"id":8014,"date":"2024-05-27T11:15:24","date_gmt":"2024-05-27T09:15:24","guid":{"rendered":"https:\/\/snudifo37.fr\/?p=8014"},"modified":"2024-05-27T11:15:26","modified_gmt":"2024-05-27T09:15:26","slug":"pour-le-retrait-du-plan-macron-attal-belloubet-pour-les-revendications-et-le-cessez-le-feu-a-gaza-on-continue-on-ne-lache-rien","status":"publish","type":"post","link":"https:\/\/snudifo37.fr\/index.php\/2024\/05\/27\/pour-le-retrait-du-plan-macron-attal-belloubet-pour-les-revendications-et-le-cessez-le-feu-a-gaza-on-continue-on-ne-lache-rien\/","title":{"rendered":"Pour le retrait du plan Macron-Attal-Belloubet, Pour les revendications et le cessez-le-feu \u00e0 Gaza : ON CONTINUE, ON NE L\u00c2CHE RIEN !"},"content":{"rendered":"\n<p class=\"justification_texte\">Samedi 25 mai, les syndicats de la FNEC FP-FO \u00e9taient pr\u00e9sents dans les dizaines de rassemblements et de manifestations qui ont eu lieu partout en France pour exiger le retrait de la r\u00e9forme du \u00ab Choc des savoirs \u00bb, l\u2019arr\u00eat des suppressions de postes et des contre-r\u00e9formes qui cassent le droit \u00e0 l\u2019instruction.<\/p>\n\n\n\n<p class=\"justification_texte\">Dans son intervention \u00e0 la fin de la manifestation parisienne, la FNEC FP-FO a indiqu\u00e9 : \u00ab<em> les personnels, les parents, les lyc\u00e9ens n\u2019acceptent pas la destruction de l\u2019Ecole publique d\u00e9cid\u00e9e par le gouvernement Macron-Attal-Belloubet au nom des \u00e9conomies de guerre<\/em> \u00bb, et a appel\u00e9 les personnels \u00ab <em>\u00e0 se r\u00e9unir d\u00e8s lundi dans les \u00e9tablissements pour faire le point sur la situation et d\u00e9cider des moyens d\u2019action efficaces pour les bloquer<\/em> \u00bb.<\/p>\n\n\n\n<p>Le m\u00eame jour, dans plusieurs villes, des militants FO nous rapportent qu\u2019ils ont ensuite rejoint ensuite les manifestations pour le cessez-le-feu en Palestine, comme \u00e0 Lyon, Toulon ou \u00e0 Clermont-Ferrand&#8230;<\/p>\n\n\n\n<p class=\"has-text-align-center\"><strong>Le 25 mai et apr\u00e8s ?<\/strong><\/p>\n\n\n\n<p>Bien \u00e9videmment le gouvernement compte poursuivre \u00e0 marche forc\u00e9e sa politique anti-sociale et faire feu de tout bois contre nos acquis.<\/p>\n\n\n\n<p>Le 26 mai, dans un entretien \u00e0 \u00ab La Tribune dimanche \u00bb, le Premier ministre Gabriel Attal confirme son offensive contre l\u2019Assurance ch\u00f4mage avec un durcissement sans pr\u00e9c\u00e9dent des r\u00e8gles d\u2019indemnisation. Le gouvernement veut faire les poches des ch\u00f4meurs et esp\u00e8re d\u00e9gager 3,6 milliards<br>d\u2019euros d\u2019\u00e9conomies.<\/p>\n\n\n\n<p class=\"justification_texte\">Cette annonce s\u2019inscrit dans le \u00ab plan d\u2019\u00e9conomies de guerre \u00bb que veut mettre en place le gouvernement, et dans lequel on trouve aussi le projet Guerini de destruction du Statut de fonctionnaire. La suppression des cat\u00e9gories A, B et C, la mise en place d\u2019une Fonction publique \u00ab de m\u00e9tiers \u00bb, ce n&rsquo;est pas une r\u00e9forme de plus, c&rsquo;est la liquidation de la Fonction publique elle-m\u00eame pour livrer le maximum de services et d&rsquo;\u00e9tablissements \u00e0 la privatisation ou au partenariat public-priv\u00e9.<\/p>\n\n\n\n<p class=\"has-text-align-center\"><strong>La col\u00e8re est profonde contre ce gouvernement<\/strong><br><strong>dont chacune des mesures est rejet\u00e9e<\/strong><\/p>\n\n\n\n<p class=\"justification_texte\">La force de l\u2019unit\u00e9 des personnels et des parents d\u2019\u00e9l\u00e8ves cherchant ensemble \u00e0 bloquer la r\u00e9forme Attal-Belloubet, indique que la mobilisation ne s\u2019arr\u00eatera pas apr\u00e8s le 25 mai.<br>D&rsquo;ores et d\u00e9j\u00e0 diverses initiatives (r\u00e9unions publiques, diffusions, op\u00e9rations \u00e9tablissements d\u00e9serts&#8230;) sont organis\u00e9es d\u00e8s le 27 mai dans plusieurs d\u00e9partements comme l&rsquo;Ille-et-Vilaine, l\u2019Orne, la Corr\u00e8ze, les Hauts de Seine, la Seine Maritime, etc.<\/p>\n\n\n\n<p class=\"justification_texte\">Alors oui, d\u00e8s lundi poursuivons le plan de r\u00e9unions dans les \u00e9tablissements, les \u00e9coles, les services.<br>Avec nos coll\u00e8gues, faisons le point sur la situation, r\u00e9affirmons toutes les revendications. Alertons l\u2019ensemble des personnels sur le projet de r\u00e9forme Guerini, sur l\u2019ensemble des mesures prises \u00e0 l\u2019encontre de l\u2019Ecole et des personnels.<\/p>\n\n\n\n<p><strong>Multiplions les prises de position pour les revendications, pour le refus des contre-r\u00e9formes, mais aussi pour le refus du massacre \u00e0 Gaza, pour le refus de la r\u00e9pression d\u2019Etat \u00e0 l\u2019encontre des militants et de la jeunesse.<\/strong><\/p>\n\n\n\n<p><strong>Discutons et d\u00e9cidons dans les r\u00e9unions, dans les assembl\u00e9es g\u00e9n\u00e9rales, des moyens d\u2019action \u00e0 mettre en \u0153uvre pour bloquer la politique r\u00e9actionnaire de Macron.<\/strong><\/p>\n\n\n\n<p><strong>Proposons largement aux personnels l&rsquo;adh\u00e9sion au sein des syndicats de la FNEC FP-FO et continuons de renforcer ainsi l&rsquo;ind\u00e9pendance syndicale !<\/strong><\/p>\n\n\n\n<p>Retrouvez le communiqu\u00e9 de la FNEC FP-FO : <a href=\"https:\/\/fo-snudi.fr\/wp-content\/uploads\/2024\/05\/24-05-26-pour-les-revendications-pour-le-cessez-le-feu-on-continue.pdf\">Cliquez ICI<\/a><\/p>\n\n\n\n<p><a href=\"https:\/\/fo-snudi.fr\/wp-content\/uploads\/2024\/05\/24-05-26-pour-les-revendications-pour-le-cessez-le-feu-on-continue.pdf\">24-05-26-pour-les-revendications-pour-le-cessez-le-feu-on-continue<\/a><\/p>\n<a class=\"synved-social-button synved-social-button-share synved-social-size-32 synved-social-resolution-single synved-social-provider-facebook nolightbox\" data-provider=\"facebook\" target=\"_blank\" rel=\"nofollow\" title=\"Faites le savoir \u00e0 vos amis via Facebook \" href=\"https:\/\/www.facebook.com\/sharer.php?u=https%3A%2F%2Fsnudifo37.fr%2Findex.php%2Fwp-json%2Fwp%2Fv2%2Fposts%2F8014&#038;t=Pour%20le%20retrait%20du%20plan%20Macron-Attal-Belloubet%2C%20Pour%20les%20revendications%20et%20le%20cessez-le-feu%20%C3%A0%20Gaza%20%3A%20ON%20CONTINUE%2C%20ON%20NE%20L%C3%82CHE%20RIEN%20%21&#038;s=100&#038;p&#091;url&#093;=https%3A%2F%2Fsnudifo37.fr%2Findex.php%2Fwp-json%2Fwp%2Fv2%2Fposts%2F8014&#038;p&#091;images&#093;&#091;0&#093;=https%3A%2F%2Fsnudifo37.fr%2Fwp-content%2Fuploads%2F2023%2F10%2Fc_est_pas_par_defaut_jpg__19577201.jpg&#038;p&#091;title&#093;=Pour%20le%20retrait%20du%20plan%20Macron-Attal-Belloubet%2C%20Pour%20les%20revendications%20et%20le%20cessez-le-feu%20%C3%A0%20Gaza%20%3A%20ON%20CONTINUE%2C%20ON%20NE%20L%C3%82CHE%20RIEN%20%21\" style=\"font-size: 0px;width:32px;height:32px;margin:0;margin-bottom:20px;margin-right:20px\"><img loading=\"lazy\" decoding=\"async\" alt=\"Facebook\" title=\"Faites le savoir \u00e0 vos amis via Facebook \" class=\"synved-share-image synved-social-image synved-social-image-share\" width=\"32\" height=\"32\" style=\"display: inline;width:32px;height:32px;margin: 0;padding: 0;border: none;box-shadow: none\" src=\"https:\/\/snudifo37.fr\/wp-content\/plugins\/social-media-feather\/synved-social\/image\/social\/regular\/64x64\/facebook.png\" \/><\/a><a class=\"synved-social-button synved-social-button-share synved-social-size-32 synved-social-resolution-single synved-social-provider-twitter nolightbox\" data-provider=\"twitter\" target=\"_blank\" rel=\"nofollow\" title=\"Informez-en vos amis via Twitter\" href=\"https:\/\/twitter.com\/intent\/tweet?url=https%3A%2F%2Fsnudifo37.fr%2Findex.php%2Fwp-json%2Fwp%2Fv2%2Fposts%2F8014&#038;text=Le%20Snudi-Fo%20vous%20informe%3A\" style=\"font-size: 0px;width:32px;height:32px;margin:0;margin-bottom:20px;margin-right:20px\"><img loading=\"lazy\" decoding=\"async\" alt=\"twitter\" title=\"Informez-en vos amis via Twitter\" class=\"synved-share-image synved-social-image synved-social-image-share\" width=\"32\" height=\"32\" style=\"display: inline;width:32px;height:32px;margin: 0;padding: 0;border: none;box-shadow: none\" src=\"https:\/\/snudifo37.fr\/wp-content\/plugins\/social-media-feather\/synved-social\/image\/social\/regular\/64x64\/twitter.png\" \/><\/a><a class=\"synved-social-button synved-social-button-share synved-social-size-32 synved-social-resolution-single synved-social-provider-mail nolightbox\" data-provider=\"mail\" rel=\"nofollow\" title=\"Les derni\u00e8res informations du Snudi-Fo 37\" href=\"mailto:?subject=Pour%20le%20retrait%20du%20plan%20Macron-Attal-Belloubet%2C%20Pour%20les%20revendications%20et%20le%20cessez-le-feu%20%C3%A0%20Gaza%20%3A%20ON%20CONTINUE%2C%20ON%20NE%20L%C3%82CHE%20RIEN%20%21&#038;body=Le%20Snudi-Fo%20vous%20informe%3A:%20https%3A%2F%2Fsnudifo37.fr%2Findex.php%2Fwp-json%2Fwp%2Fv2%2Fposts%2F8014\" style=\"font-size: 0px;width:32px;height:32px;margin:0;margin-bottom:20px\"><img loading=\"lazy\" decoding=\"async\" alt=\"mail\" title=\"Les derni\u00e8res informations du Snudi-Fo 37\" class=\"synved-share-image synved-social-image synved-social-image-share\" width=\"32\" height=\"32\" style=\"display: inline;width:32px;height:32px;margin: 0;padding: 0;border: none;box-shadow: none\" src=\"https:\/\/snudifo37.fr\/wp-content\/plugins\/social-media-feather\/synved-social\/image\/social\/regular\/64x64\/mail.png\" \/><\/a>","protected":false},"excerpt":{"rendered":"<p>Samedi 25 mai, les syndicats de la FNEC FP-FO \u00e9taient pr\u00e9sents dans les dizaines de rassemblements et de manifestations qui ont eu lieu partout en France pour exiger le retrait de la r\u00e9forme du \u00ab Choc des savoirs \u00bb, l\u2019arr\u00eat des suppressions de postes et des contre-r\u00e9formes qui cassent le droit \u00e0 l\u2019instruction.<\/p>\n","protected":false},"author":1,"featured_media":6916,"comment_status":"closed","ping_status":"closed","sticky":false,"template":"","format":"standard","meta":{"footnotes":""},"categories":[1],"tags":[1399,1351,1424,1453,169],"class_list":["post-8014","post","type-post","status-publish","format-standard","has-post-thumbnail","hentry","category-non-classe","tag-1399","tag-attal","tag-belloubet","tag-gaza","tag-macron"],"_links":{"self":[{"href":"https:\/\/snudifo37.fr\/index.php\/wp-json\/wp\/v2\/posts\/8014","targetHints":{"allow":["GET"]}}],"collection":[{"href":"https:\/\/snudifo37.fr\/index.php\/wp-json\/wp\/v2\/posts"}],"about":[{"href":"https:\/\/snudifo37.fr\/index.php\/wp-json\/wp\/v2\/types\/post"}],"author":[{"embeddable":true,"href":"https:\/\/snudifo37.fr\/index.php\/wp-json\/wp\/v2\/users\/1"}],"replies":[{"embeddable":true,"href":"https:\/\/snudifo37.fr\/index.php\/wp-json\/wp\/v2\/comments?post=8014"}],"version-history":[{"count":1,"href":"https:\/\/snudifo37.fr\/index.php\/wp-json\/wp\/v2\/posts\/8014\/revisions"}],"predecessor-version":[{"id":8015,"href":"https:\/\/snudifo37.fr\/index.php\/wp-json\/wp\/v2\/posts\/8014\/revisions\/8015"}],"wp:featuredmedia":[{"embeddable":true,"href":"https:\/\/snudifo37.fr\/index.php\/wp-json\/wp\/v2\/media\/6916"}],"wp:attachment":[{"href":"https:\/\/snudifo37.fr\/index.php\/wp-json\/wp\/v2\/media?parent=8014"}],"wp:term":[{"taxonomy":"category","embeddable":true,"href":"https:\/\/snudifo37.fr\/index.php\/wp-json\/wp\/v2\/categories?post=8014"},{"taxonomy":"post_tag","embeddable":true,"href":"https:\/\/snudifo37.fr\/index.php\/wp-json\/wp\/v2\/tags?post=8014"}],"curies":[{"name":"wp","href":"https:\/\/api.w.org\/{rel}","templated":true}]}}