{"id":7600,"date":"2024-02-19T10:25:22","date_gmt":"2024-02-19T09:25:22","guid":{"rendered":"https:\/\/snudifo37.fr\/?p=7600"},"modified":"2024-02-19T10:25:24","modified_gmt":"2024-02-19T09:25:24","slug":"remettre-en-cause-le-droit-de-greve-est-une-provocation-soutien-total-a-la-greve-des-controleurs-de-train","status":"publish","type":"post","link":"https:\/\/snudifo37.fr\/index.php\/2024\/02\/19\/remettre-en-cause-le-droit-de-greve-est-une-provocation-soutien-total-a-la-greve-des-controleurs-de-train\/","title":{"rendered":"Remettre en cause le droit de gr\u00e8ve est une provocation ! Soutien total \u00e0 la gr\u00e8ve des contr\u00f4leurs de train !"},"content":{"rendered":"\n<p>La FNEC FP-FO tient \u00e0 apporter son soutien total \u00e0 la gr\u00e8ve des contr\u00f4leurs SNCF en cours et d\u00e9nonce le matraquage et les mensonges dont ils font l\u2019objet de la part du gouvernement, des dirigeants et des m\u00e9dias.<\/p>\n\n\n\n<p>En faisant circuler des contre-v\u00e9rit\u00e9s sur les pr\u00e9tendues augmentations de salaires astronomiques qu\u2019aucun cheminot n\u2019a constat\u00e9 sur sa fiche de paye, en refusant de n\u00e9gocier sur la base des revendications r\u00e9elles des contr\u00f4leurs, la direction de la SNCF porte l\u2019enti\u00e8re responsabilit\u00e9 de cette gr\u00e8ve.<\/p>\n\n\n\n<p><strong>Le premier ministre Attal est imm\u00e9diatement mont\u00e9 au cr\u00e9neau pour s\u2019en prendre violemment au droit de gr\u00e8ve<\/strong> : \u00ab <em>Les Fran\u00e7ais savent que la gr\u00e8ve est un droit \u00bb, mais \u00ab aussi que travailler est un devoir<\/em> \u00bb, a-t-il dit. En d\u00e9placement jeudi dans la Marne, il a encourag\u00e9 le Parlement \u00e0 s&#8217;emparer de ce d\u00e9bat.<\/p>\n\n\n\n<p>Dans la foul\u00e9e, le pr\u00e9sident du S\u00e9nat G\u00e9rard Larcher annonce faire inscrire au plus vite \u00e0 l&rsquo;ordre du jour du S\u00e9nat une proposition de loi sur le sujet. D\u00e9pos\u00e9 mercredi, ce texte pr\u00e9voit d&rsquo;octroyer au gouvernement un capital annuel de 60 jours d&rsquo;interdiction de gr\u00e8ve, r\u00e9parti par d\u00e9cret dans une limite de quinze jours par p\u00e9riode d&rsquo;interdiction.<\/p>\n\n\n\n<p>En 2008, Sarkozy s\u2019\u00e9tait permis de s\u2019attaquer au droit de gr\u00e8ve des professeurs des \u00e9coles en instaurant un service minimum d\u2019accueil, ce qui avait entra\u00een\u00e9 une intervention imm\u00e9diate de la Conf\u00e9d\u00e9ration et de la FNEC FP-FO aupr\u00e8s de l\u2019Organisation Internationale du Travail. Le gouvernement annon\u00e7ait des milliers de suppressions de postes et la remise en cause des garanties statutaires des professeurs des \u00e9coles\u2026<\/p>\n\n\n\n<p>Aujourd\u2019hui le gouvernement Macron-Attal a d\u00e9cid\u00e9 d\u2019amplifier sa politique anti-sociale et raciste avec des mesures d\u2019une rare brutalit\u00e9 : contre le Code du Travail, contre le Statut g\u00e9n\u00e9ral (r\u00e9mun\u00e9ration au m\u00e9rite), contre les travailleurs et \u00e9tudiants \u00e9trangers, contre la S\u00e9curit\u00e9 Sociale, contre l\u2019Ecole publique\u2026 <strong>N\u2019est-ce pas pour mener \u00e0 bien cette politique de destruction de nos droits collectifs qu\u2019ils s\u2019attaquent aujourd\u2019hui au droit de gr\u00e8ve ? Les responsables de la multiplication des conflits sont bien au gouvernement.<\/strong><\/p>\n\n\n\n<p>Personne ne fait gr\u00e8ve par plaisir ; la gr\u00e8ve, ce n\u2019est pas une bouffonnerie, pour la FNEC FP-FO aucune r\u00e9glementation ne saurait limiter le droit de gr\u00e8ve.<\/p>\n\n\n\n<p class=\"has-text-align-center\"><strong>Pas touche au droit de gr\u00e8ve !<\/strong><\/p>\n\n\n\n<p class=\"has-text-align-center\"><strong>Soutien total \u00e0 la gr\u00e8ve des contr\u00f4leurs de train !<\/strong><\/p>\n<a class=\"synved-social-button synved-social-button-share synved-social-size-32 synved-social-resolution-single synved-social-provider-facebook nolightbox\" data-provider=\"facebook\" target=\"_blank\" rel=\"nofollow\" title=\"Faites le savoir \u00e0 vos amis via Facebook \" href=\"https:\/\/www.facebook.com\/sharer.php?u=https%3A%2F%2Fsnudifo37.fr%2Findex.php%2Fwp-json%2Fwp%2Fv2%2Fposts%2F7600&#038;t=Remettre%20en%20cause%20le%20droit%20de%20gr%C3%A8ve%20est%20une%20provocation%20%21%20Soutien%20total%20%C3%A0%20la%20gr%C3%A8ve%20des%20contr%C3%B4leurs%20de%20train%20%21&#038;s=100&#038;p&#091;url&#093;=https%3A%2F%2Fsnudifo37.fr%2Findex.php%2Fwp-json%2Fwp%2Fv2%2Fposts%2F7600&#038;p&#091;images&#093;&#091;0&#093;=https%3A%2F%2Fsnudifo37.fr%2Fwp-content%2Fuploads%2F2023%2F10%2Fc_est_pas_par_defaut_jpg__19577201.jpg&#038;p&#091;title&#093;=Remettre%20en%20cause%20le%20droit%20de%20gr%C3%A8ve%20est%20une%20provocation%20%21%20Soutien%20total%20%C3%A0%20la%20gr%C3%A8ve%20des%20contr%C3%B4leurs%20de%20train%20%21\" style=\"font-size: 0px;width:32px;height:32px;margin:0;margin-bottom:20px;margin-right:20px\"><img loading=\"lazy\" decoding=\"async\" alt=\"Facebook\" title=\"Faites le savoir \u00e0 vos amis via Facebook \" class=\"synved-share-image synved-social-image synved-social-image-share\" width=\"32\" height=\"32\" style=\"display: inline;width:32px;height:32px;margin: 0;padding: 0;border: none;box-shadow: none\" src=\"https:\/\/snudifo37.fr\/wp-content\/plugins\/social-media-feather\/synved-social\/image\/social\/regular\/64x64\/facebook.png\" \/><\/a><a class=\"synved-social-button synved-social-button-share synved-social-size-32 synved-social-resolution-single synved-social-provider-twitter nolightbox\" data-provider=\"twitter\" target=\"_blank\" rel=\"nofollow\" title=\"Informez-en vos amis via Twitter\" href=\"https:\/\/twitter.com\/intent\/tweet?url=https%3A%2F%2Fsnudifo37.fr%2Findex.php%2Fwp-json%2Fwp%2Fv2%2Fposts%2F7600&#038;text=Le%20Snudi-Fo%20vous%20informe%3A\" style=\"font-size: 0px;width:32px;height:32px;margin:0;margin-bottom:20px;margin-right:20px\"><img loading=\"lazy\" decoding=\"async\" alt=\"twitter\" title=\"Informez-en vos amis via Twitter\" class=\"synved-share-image synved-social-image synved-social-image-share\" width=\"32\" height=\"32\" style=\"display: inline;width:32px;height:32px;margin: 0;padding: 0;border: none;box-shadow: none\" src=\"https:\/\/snudifo37.fr\/wp-content\/plugins\/social-media-feather\/synved-social\/image\/social\/regular\/64x64\/twitter.png\" \/><\/a><a class=\"synved-social-button synved-social-button-share synved-social-size-32 synved-social-resolution-single synved-social-provider-mail nolightbox\" data-provider=\"mail\" rel=\"nofollow\" title=\"Les derni\u00e8res informations du Snudi-Fo 37\" href=\"mailto:?subject=Remettre%20en%20cause%20le%20droit%20de%20gr%C3%A8ve%20est%20une%20provocation%20%21%20Soutien%20total%20%C3%A0%20la%20gr%C3%A8ve%20des%20contr%C3%B4leurs%20de%20train%20%21&#038;body=Le%20Snudi-Fo%20vous%20informe%3A:%20https%3A%2F%2Fsnudifo37.fr%2Findex.php%2Fwp-json%2Fwp%2Fv2%2Fposts%2F7600\" style=\"font-size: 0px;width:32px;height:32px;margin:0;margin-bottom:20px\"><img loading=\"lazy\" decoding=\"async\" alt=\"mail\" title=\"Les derni\u00e8res informations du Snudi-Fo 37\" class=\"synved-share-image synved-social-image synved-social-image-share\" width=\"32\" height=\"32\" style=\"display: inline;width:32px;height:32px;margin: 0;padding: 0;border: none;box-shadow: none\" src=\"https:\/\/snudifo37.fr\/wp-content\/plugins\/social-media-feather\/synved-social\/image\/social\/regular\/64x64\/mail.png\" \/><\/a>","protected":false},"excerpt":{"rendered":"<p>La FNEC FP-FO tient \u00e0 apporter son soutien total \u00e0 la gr\u00e8ve des contr\u00f4leurs SNCF en cours et d\u00e9nonce le matraquage et les mensonges dont ils font l\u2019objet de la part du gouvernement, des dirigeants et des m\u00e9dias.<\/p>\n","protected":false},"author":1,"featured_media":6916,"comment_status":"closed","ping_status":"closed","sticky":false,"template":"","format":"standard","meta":{"footnotes":""},"categories":[1],"tags":[1351,1428,287,1427],"class_list":["post-7600","post","type-post","status-publish","format-standard","has-post-thumbnail","hentry","category-non-classe","tag-attal","tag-controleurs","tag-droit-de-greve","tag-sncf"],"_links":{"self":[{"href":"https:\/\/snudifo37.fr\/index.php\/wp-json\/wp\/v2\/posts\/7600","targetHints":{"allow":["GET"]}}],"collection":[{"href":"https:\/\/snudifo37.fr\/index.php\/wp-json\/wp\/v2\/posts"}],"about":[{"href":"https:\/\/snudifo37.fr\/index.php\/wp-json\/wp\/v2\/types\/post"}],"author":[{"embeddable":true,"href":"https:\/\/snudifo37.fr\/index.php\/wp-json\/wp\/v2\/users\/1"}],"replies":[{"embeddable":true,"href":"https:\/\/snudifo37.fr\/index.php\/wp-json\/wp\/v2\/comments?post=7600"}],"version-history":[{"count":1,"href":"https:\/\/snudifo37.fr\/index.php\/wp-json\/wp\/v2\/posts\/7600\/revisions"}],"predecessor-version":[{"id":7601,"href":"https:\/\/snudifo37.fr\/index.php\/wp-json\/wp\/v2\/posts\/7600\/revisions\/7601"}],"wp:featuredmedia":[{"embeddable":true,"href":"https:\/\/snudifo37.fr\/index.php\/wp-json\/wp\/v2\/media\/6916"}],"wp:attachment":[{"href":"https:\/\/snudifo37.fr\/index.php\/wp-json\/wp\/v2\/media?parent=7600"}],"wp:term":[{"taxonomy":"category","embeddable":true,"href":"https:\/\/snudifo37.fr\/index.php\/wp-json\/wp\/v2\/categories?post=7600"},{"taxonomy":"post_tag","embeddable":true,"href":"https:\/\/snudifo37.fr\/index.php\/wp-json\/wp\/v2\/tags?post=7600"}],"curies":[{"name":"wp","href":"https:\/\/api.w.org\/{rel}","templated":true}]}}