{"id":7373,"date":"2024-01-29T09:36:19","date_gmt":"2024-01-29T08:36:19","guid":{"rendered":"https:\/\/snudifo37.fr\/?p=7373"},"modified":"2024-01-29T09:52:08","modified_gmt":"2024-01-29T08:52:08","slug":"fonds-publics-a-lecole-publique-fonds-prives-a-lecole-privee","status":"publish","type":"post","link":"https:\/\/snudifo37.fr\/index.php\/2024\/01\/29\/fonds-publics-a-lecole-publique-fonds-prives-a-lecole-privee\/","title":{"rendered":"Fonds publics \u00e0 l\u2019Ecole publique, fonds priv\u00e9s \u00e0 l\u2019Ecole priv\u00e9e !"},"content":{"rendered":"\n<p class=\"justification_texte\">Elever les \u00e9coles priv\u00e9es au niveau de service public, au m\u00eame rang que l\u2019Ecole de la R\u00e9publique s\u2019inscrit dans la logique de territorialisation et d\u2019\u00e9clatement de l\u2019Education nationale en une multitude d\u2019\u00e9tablissements \u00e0 caract\u00e8re particulier. C\u2019est la logique de l\u2019exp\u00e9rimentation marseillaise.<\/p>\n\n\n\n<p class=\"justification_texte\">Pour FO, l\u2019Ecole de la R\u00e9publique c\u2019est l\u2019Ecole publique. FO est extr\u00eamement attach\u00e9e au service public. Le Congr\u00e8s de Rouen a rappel\u00e9 la revendication constante des partisans de la la\u00efcit\u00e9 et du serment de Vincennes de 1960 : \u00ab <em>les fonds publics doivent \u00eatre r\u00e9serv\u00e9s \u00e0 la seule Ecole publique<\/em> \u00bb. En ce sens, FO revendique la stricte application de la loi de 1905 et l\u2019abrogation de la loi Debr\u00e9 et de toutes les lois qui en ont d\u00e9coul\u00e9.<\/p>\n\n\n\n<p>La d\u00e9fense de l\u2019Ecole publique passe \u00e9galement par l\u2019arr\u00eat des suppressions de postes, l\u2019abandon des r\u00e9formes qui, \u00e0 l\u2019instar de la r\u00e9forme des lyc\u00e9es professionnels, d\u00e9favorisent le public au profit du priv\u00e9.<\/p>\n\n\n\n<p>Cela ne peut passer par la r\u00e9mun\u00e9ration au m\u00e9rite mais par le respect du statut de fonctionnaire, statut qui prot\u00e8ge les personnels de toute pression ext\u00e9rieure.<\/p>\n\n\n\n<p class=\"justification_texte\">C\u2019est parce qu\u2019elle d\u00e9fend l\u2019Ecole publique que la Conf\u00e9d\u00e9ration FO \u00e9tait aux c\u00f4t\u00e9s de sa F\u00e9d\u00e9ration, la FNEC FP-FO, dans la gr\u00e8ve et la manifestation nationale du 25 janvier.<\/p>\n\n\n\n<p>Retrouvez le communiqu\u00e9 de presse de la conf\u00e9d\u00e9ration FO : <a href=\"https:\/\/fo-snudi.fr\/wp-content\/uploads\/2024\/01\/CP-FO-Fonds-publics-a-lEcole-publique-fonds-prives-a-lEcole-privee.pdf\">Cliquez ICI<\/a><\/p>\n\n\n\n<p><\/p>\n<a class=\"synved-social-button synved-social-button-share synved-social-size-32 synved-social-resolution-single synved-social-provider-facebook nolightbox\" data-provider=\"facebook\" target=\"_blank\" rel=\"nofollow\" title=\"Faites le savoir \u00e0 vos amis via Facebook \" href=\"https:\/\/www.facebook.com\/sharer.php?u=https%3A%2F%2Fsnudifo37.fr%2Findex.php%2Fwp-json%2Fwp%2Fv2%2Fposts%2F7373&#038;t=Fonds%20publics%20%C3%A0%20l%E2%80%99Ecole%20publique%2C%20fonds%20priv%C3%A9s%20%C3%A0%20l%E2%80%99Ecole%20priv%C3%A9e%20%21&#038;s=100&#038;p&#091;url&#093;=https%3A%2F%2Fsnudifo37.fr%2Findex.php%2Fwp-json%2Fwp%2Fv2%2Fposts%2F7373&#038;p&#091;images&#093;&#091;0&#093;=https%3A%2F%2Fsnudifo37.fr%2Fwp-content%2Fuploads%2F2024%2F01%2Fchoc_des_savoir_maq_jpg__19729141.jpg&#038;p&#091;title&#093;=Fonds%20publics%20%C3%A0%20l%E2%80%99Ecole%20publique%2C%20fonds%20priv%C3%A9s%20%C3%A0%20l%E2%80%99Ecole%20priv%C3%A9e%20%21\" style=\"font-size: 0px;width:32px;height:32px;margin:0;margin-bottom:20px;margin-right:20px\"><img loading=\"lazy\" decoding=\"async\" alt=\"Facebook\" title=\"Faites le savoir \u00e0 vos amis via Facebook \" class=\"synved-share-image synved-social-image synved-social-image-share\" width=\"32\" height=\"32\" style=\"display: inline;width:32px;height:32px;margin: 0;padding: 0;border: none;box-shadow: none\" src=\"https:\/\/snudifo37.fr\/wp-content\/plugins\/social-media-feather\/synved-social\/image\/social\/regular\/64x64\/facebook.png\" \/><\/a><a class=\"synved-social-button synved-social-button-share synved-social-size-32 synved-social-resolution-single synved-social-provider-twitter nolightbox\" data-provider=\"twitter\" target=\"_blank\" rel=\"nofollow\" title=\"Informez-en vos amis via Twitter\" href=\"https:\/\/twitter.com\/intent\/tweet?url=https%3A%2F%2Fsnudifo37.fr%2Findex.php%2Fwp-json%2Fwp%2Fv2%2Fposts%2F7373&#038;text=Le%20Snudi-Fo%20vous%20informe%3A\" style=\"font-size: 0px;width:32px;height:32px;margin:0;margin-bottom:20px;margin-right:20px\"><img loading=\"lazy\" decoding=\"async\" alt=\"twitter\" title=\"Informez-en vos amis via Twitter\" class=\"synved-share-image synved-social-image synved-social-image-share\" width=\"32\" height=\"32\" style=\"display: inline;width:32px;height:32px;margin: 0;padding: 0;border: none;box-shadow: none\" src=\"https:\/\/snudifo37.fr\/wp-content\/plugins\/social-media-feather\/synved-social\/image\/social\/regular\/64x64\/twitter.png\" \/><\/a><a class=\"synved-social-button synved-social-button-share synved-social-size-32 synved-social-resolution-single synved-social-provider-mail nolightbox\" data-provider=\"mail\" rel=\"nofollow\" title=\"Les derni\u00e8res informations du Snudi-Fo 37\" href=\"mailto:?subject=Fonds%20publics%20%C3%A0%20l%E2%80%99Ecole%20publique%2C%20fonds%20priv%C3%A9s%20%C3%A0%20l%E2%80%99Ecole%20priv%C3%A9e%20%21&#038;body=Le%20Snudi-Fo%20vous%20informe%3A:%20https%3A%2F%2Fsnudifo37.fr%2Findex.php%2Fwp-json%2Fwp%2Fv2%2Fposts%2F7373\" style=\"font-size: 0px;width:32px;height:32px;margin:0;margin-bottom:20px\"><img loading=\"lazy\" decoding=\"async\" alt=\"mail\" title=\"Les derni\u00e8res informations du Snudi-Fo 37\" class=\"synved-share-image synved-social-image synved-social-image-share\" width=\"32\" height=\"32\" style=\"display: inline;width:32px;height:32px;margin: 0;padding: 0;border: none;box-shadow: none\" src=\"https:\/\/snudifo37.fr\/wp-content\/plugins\/social-media-feather\/synved-social\/image\/social\/regular\/64x64\/mail.png\" \/><\/a>","protected":false},"excerpt":{"rendered":"<p>Elever les \u00e9coles priv\u00e9es au niveau de service public, au m\u00eame rang que l\u2019Ecole de la R\u00e9publique s\u2019inscrit dans la logique de territorialisation et d\u2019\u00e9clatement de l\u2019Education nationale en une multitude d\u2019\u00e9tablissements \u00e0 caract\u00e8re particulier. C\u2019est la logique de l\u2019exp\u00e9rimentation marseillaise.<\/p>\n","protected":false},"author":1,"featured_media":7374,"comment_status":"closed","ping_status":"closed","sticky":false,"template":"","format":"standard","meta":{"footnotes":""},"categories":[1],"tags":[1399,1415,662],"class_list":["post-7373","post","type-post","status-publish","format-standard","has-post-thumbnail","hentry","category-non-classe","tag-1399","tag-ecole-prive","tag-ecole-publique"],"_links":{"self":[{"href":"https:\/\/snudifo37.fr\/index.php\/wp-json\/wp\/v2\/posts\/7373","targetHints":{"allow":["GET"]}}],"collection":[{"href":"https:\/\/snudifo37.fr\/index.php\/wp-json\/wp\/v2\/posts"}],"about":[{"href":"https:\/\/snudifo37.fr\/index.php\/wp-json\/wp\/v2\/types\/post"}],"author":[{"embeddable":true,"href":"https:\/\/snudifo37.fr\/index.php\/wp-json\/wp\/v2\/users\/1"}],"replies":[{"embeddable":true,"href":"https:\/\/snudifo37.fr\/index.php\/wp-json\/wp\/v2\/comments?post=7373"}],"version-history":[{"count":2,"href":"https:\/\/snudifo37.fr\/index.php\/wp-json\/wp\/v2\/posts\/7373\/revisions"}],"predecessor-version":[{"id":7376,"href":"https:\/\/snudifo37.fr\/index.php\/wp-json\/wp\/v2\/posts\/7373\/revisions\/7376"}],"wp:featuredmedia":[{"embeddable":true,"href":"https:\/\/snudifo37.fr\/index.php\/wp-json\/wp\/v2\/media\/7374"}],"wp:attachment":[{"href":"https:\/\/snudifo37.fr\/index.php\/wp-json\/wp\/v2\/media?parent=7373"}],"wp:term":[{"taxonomy":"category","embeddable":true,"href":"https:\/\/snudifo37.fr\/index.php\/wp-json\/wp\/v2\/categories?post=7373"},{"taxonomy":"post_tag","embeddable":true,"href":"https:\/\/snudifo37.fr\/index.php\/wp-json\/wp\/v2\/tags?post=7373"}],"curies":[{"name":"wp","href":"https:\/\/api.w.org\/{rel}","templated":true}]}}