{"id":7311,"date":"2024-01-27T09:54:44","date_gmt":"2024-01-27T08:54:44","guid":{"rendered":"https:\/\/snudifo37.fr\/?p=7311"},"modified":"2024-01-29T10:27:09","modified_gmt":"2024-01-29T09:27:09","slug":"manifestation-du-25-janvier-a-paris-contre-lacte-2-de-lecole-inclusive","status":"publish","type":"post","link":"https:\/\/snudifo37.fr\/index.php\/2024\/01\/27\/manifestation-du-25-janvier-a-paris-contre-lacte-2-de-lecole-inclusive\/","title":{"rendered":"Manifestation du 25 janvier \u00e0 Paris contre l&rsquo;acte 2 de l&rsquo;\u00e9cole inclusive"},"content":{"rendered":"<div class=\"wp-block-image\">\n<figure class=\"aligncenter size-large is-resized\"><img loading=\"lazy\" decoding=\"async\" src=\"https:\/\/snudifo37.fr\/wp-content\/uploads\/2024\/01\/WhatsApp-Image-2024-01-25-a-13.59.57_f22ae949-576x1024.jpg\" alt=\"\" class=\"wp-image-7313\" width=\"335\" height=\"595\"\/><\/figure>\n<\/div>\n\n\n<p><strong>Intervention de Cl\u00e9ment Poullet \u00e0 la manifestation du jeudi 25 janvier<\/strong> :<\/p>\n\n\n\n<p class=\"justification_texte\">Ce jeudi 25 janvier, des milliers de personnels de l\u2019Education nationale, du secteur social et m\u00e9dico-social, agents territoriaux et hospitaliers, personnels de l\u2019enseignement agricole, des parents d\u2019\u00e9l\u00e8ves, de toute la France, sont venus crier leur col\u00e8re \u00e0 Paris :<\/p>\n\n\n\n<p>Pour que cessent les \u00e9conomies sur le dos des \u00e9l\u00e8ves les plus fragiles et des personnels, pour que cesse la maltraitance !<\/p>\n\n\n\n<p class=\"justification_texte\">Soutenus par la Conf\u00e9d\u00e9ration FO, la FNEC FP-FO, la F\u00e9d\u00e9ration des services publics et de Sant\u00e9, la F\u00e9d\u00e9ration de l\u2019Action Sociale, la F\u00e9d\u00e9ration des Agents de l\u2019Etat, plus de 5 000 manifestants, <strong>venus de plus de 90 d\u00e9partements, ont r\u00e9pondu \u00e0 l\u2019appel de la Conf\u00e9rence nationale des 230 d\u00e9l\u00e9gu\u00e9s r\u00e9unis le 17 novembre.<\/strong><\/p>\n\n\n\n<p>Ensemble nous avons organis\u00e9 une journ\u00e9e de gr\u00e8ve et de manifestation nationale au minist\u00e8re : c\u2019est-\u00e0-dire l\u00e0 o\u00f9 \u00e7a se d\u00e9cide !<\/p>\n\n\n\n<p>Une d\u00e9l\u00e9gation est re\u00e7ue au minist\u00e8re. La ministre Oud\u00e9a-Cast\u00e9ra doit r\u00e9pondre aux revendications qui sont exprim\u00e9es par les manifestants :<br><strong>&#8211; Nous refusons le chaos de l\u2019inclusion syst\u00e9matique et forc\u00e9e,<\/strong><br><strong>&#8211; Nous voulons les cr\u00e9ations de postes dans les \u00e9tablissements sp\u00e9cialis\u00e9s,<\/strong><br><strong>&#8211; Nous voulons le retrait de l\u2019Acte 2 de l\u2019Ecole inclusive, non aux PAS, non aux ARE !<\/strong><br><strong>&#8211; un statut et un vrai salaire pour les AESH !<\/strong><\/p>\n\n\n\n<p class=\"justification_texte\">Le Conseil Constitutionnel a censur\u00e9 les mesures de l\u2019acte 2 de l\u2019Ecole inclusive inscrites dans la loi de Finances : c\u2019est un encouragement \u00e0 poursuivre jusqu\u2019au retrait total et d\u00e9finitif des projets du gouvernement.<\/p>\n\n\n\n<p class=\"justification_texte\"><strong>C\u2019est le fruit de la mobilisation, des milliers de r\u00e9unions que nous avons organis\u00e9es dans les \u00e9coles, les \u00e9tablissements, pour \u00e9tablir les revendications, pour regrouper les personnels, les parents d\u2019\u00e9l\u00e8ves.<\/strong><\/p>\n\n\n\n<p>Aujourd\u2019hui des centaines d\u2019\u00e9coles sont ferm\u00e9es, avec une gr\u00e8ve qui est d\u00e9cid\u00e9e aussi par des adh\u00e9rents de la FSU, de la CGT.<\/p>\n\n\n\n<p class=\"justification_texte\">Vous avez vu que les f\u00e9d\u00e9rations FO, FSU, CGT et Sud Education appellent \u00e0 une journ\u00e9e de gr\u00e8ve dans l\u2019Education nationale pour l\u2019augmentation des salaires, l\u2019arr\u00eat des suppressions de postes, mais \u00e9galement <strong>le maintien et la cr\u00e9ation de postes et de places dans les \u00e9tablissements sp\u00e9cialis\u00e9s.<\/strong><\/p>\n\n\n\n<p class=\"justification_texte\"><strong>Ces revendications sont devenues incontournables !<\/strong><br><strong>Dans chaque \u00e9cole, chaque \u00e9tablissement, d\u00e8s demain, nous allons r\u00e9unir les personnels et chiffrer <\/strong><strong>les besoins : le nombre de postes et de classes, le nombre d\u2019enseignants sp\u00e9cialis\u00e9s et de places <\/strong><strong>n\u00e9cessaires dans les \u00e9tablissements et les structures adapt\u00e9es.<\/strong><\/p>\n\n\n\n<p><strong>Nous allons \u00e9galement nous saisir de la gr\u00e8ve du 1er f\u00e9vrier pour constituer des d\u00e9l\u00e9gations qui <\/strong><strong>iront d\u00e9poser les cahiers de revendications chez les recteurs et les DASEN.<\/strong><\/p>\n\n\n\n<p>Nous allons continuer de proposer l\u2019action commune aux autres f\u00e9d\u00e9rations syndicales.<\/p>\n\n\n\n<p>A l\u2019heure o\u00f9 les personnels et les familles <strong>refusent la destruction de l\u2019Ecole publique engag\u00e9e par Macron,<\/strong><br>A l\u2019heure o\u00f9 les agriculteurs se mobilisent contre ce gouvernement qui <strong>s\u00e8me la mis\u00e8re dans le monde paysan comme chez les salari\u00e9s,<\/strong><br>A l\u2019heure o\u00f9 Macron veut imposer <strong>sa loi immigration, une loi de division des travailleurs et de remise en cause des droits sociaux,<\/strong><br>Alors qu\u2019il soutient <strong>les gouvernements qui massacrent les peuples, et en particulier le peuple palestinien soumis \u00e0 un v\u00e9ritable g\u00e9nocide<\/strong>,<br><strong>Notre mobilisation s\u2019inscrit dans un mouvement de r\u00e9sistance ouvri\u00e8re, interprofessionnelle, pour la justice sociale.<\/strong><\/p>\n\n\n\n<p>C\u2019est pourquoi FO appelle \u00e0 <strong>une campagne de r\u00e9unions syndicales dans les \u00e9coles, les services et les \u00e9tablissements, pour dresser les cahiers de revendications et discuter des moyens de les arracher, dans l\u2019action commune la plus large !<\/strong><\/p>\n\n\n\n<p>On ne l\u00e2che rien !<\/p>\n<a class=\"synved-social-button synved-social-button-share synved-social-size-32 synved-social-resolution-single synved-social-provider-facebook nolightbox\" data-provider=\"facebook\" target=\"_blank\" rel=\"nofollow\" title=\"Faites le savoir \u00e0 vos amis via Facebook \" href=\"https:\/\/www.facebook.com\/sharer.php?u=https%3A%2F%2Fsnudifo37.fr%2Findex.php%2Fwp-json%2Fwp%2Fv2%2Fposts%2F7311&#038;t=Manifestation%20du%2025%20janvier%20%C3%A0%20Paris%20contre%20l%E2%80%99acte%202%20de%20l%E2%80%99%C3%A9cole%20inclusive&#038;s=100&#038;p&#091;url&#093;=https%3A%2F%2Fsnudifo37.fr%2Findex.php%2Fwp-json%2Fwp%2Fv2%2Fposts%2F7311&#038;p&#091;images&#093;&#091;0&#093;=https%3A%2F%2Fsnudifo37.fr%2Fwp-content%2Fuploads%2F2024%2F01%2FWhatsApp-Image-2024-01-25-a-13.59.57_f22ae949-e1706522978139.jpg&#038;p&#091;title&#093;=Manifestation%20du%2025%20janvier%20%C3%A0%20Paris%20contre%20l%E2%80%99acte%202%20de%20l%E2%80%99%C3%A9cole%20inclusive\" style=\"font-size: 0px;width:32px;height:32px;margin:0;margin-bottom:20px;margin-right:20px\"><img loading=\"lazy\" decoding=\"async\" alt=\"Facebook\" title=\"Faites le savoir \u00e0 vos amis via Facebook \" class=\"synved-share-image synved-social-image synved-social-image-share\" width=\"32\" height=\"32\" style=\"display: inline;width:32px;height:32px;margin: 0;padding: 0;border: none;box-shadow: none\" src=\"https:\/\/snudifo37.fr\/wp-content\/plugins\/social-media-feather\/synved-social\/image\/social\/regular\/64x64\/facebook.png\" \/><\/a><a class=\"synved-social-button synved-social-button-share synved-social-size-32 synved-social-resolution-single synved-social-provider-twitter nolightbox\" data-provider=\"twitter\" target=\"_blank\" rel=\"nofollow\" title=\"Informez-en vos amis via Twitter\" href=\"https:\/\/twitter.com\/intent\/tweet?url=https%3A%2F%2Fsnudifo37.fr%2Findex.php%2Fwp-json%2Fwp%2Fv2%2Fposts%2F7311&#038;text=Le%20Snudi-Fo%20vous%20informe%3A\" style=\"font-size: 0px;width:32px;height:32px;margin:0;margin-bottom:20px;margin-right:20px\"><img loading=\"lazy\" decoding=\"async\" alt=\"twitter\" title=\"Informez-en vos amis via Twitter\" class=\"synved-share-image synved-social-image synved-social-image-share\" width=\"32\" height=\"32\" style=\"display: inline;width:32px;height:32px;margin: 0;padding: 0;border: none;box-shadow: none\" src=\"https:\/\/snudifo37.fr\/wp-content\/plugins\/social-media-feather\/synved-social\/image\/social\/regular\/64x64\/twitter.png\" \/><\/a><a class=\"synved-social-button synved-social-button-share synved-social-size-32 synved-social-resolution-single synved-social-provider-mail nolightbox\" data-provider=\"mail\" rel=\"nofollow\" title=\"Les derni\u00e8res informations du Snudi-Fo 37\" href=\"mailto:?subject=Manifestation%20du%2025%20janvier%20%C3%A0%20Paris%20contre%20l%E2%80%99acte%202%20de%20l%E2%80%99%C3%A9cole%20inclusive&#038;body=Le%20Snudi-Fo%20vous%20informe%3A:%20https%3A%2F%2Fsnudifo37.fr%2Findex.php%2Fwp-json%2Fwp%2Fv2%2Fposts%2F7311\" style=\"font-size: 0px;width:32px;height:32px;margin:0;margin-bottom:20px\"><img loading=\"lazy\" decoding=\"async\" alt=\"mail\" title=\"Les derni\u00e8res informations du Snudi-Fo 37\" class=\"synved-share-image synved-social-image synved-social-image-share\" width=\"32\" height=\"32\" style=\"display: inline;width:32px;height:32px;margin: 0;padding: 0;border: none;box-shadow: none\" src=\"https:\/\/snudifo37.fr\/wp-content\/plugins\/social-media-feather\/synved-social\/image\/social\/regular\/64x64\/mail.png\" \/><\/a>","protected":false},"excerpt":{"rendered":"<p>Ce jeudi 25 janvier, des milliers de personnels de l\u2019Education nationale, du secteur social et m\u00e9dico-social, agents territoriaux et hospitaliers, personnels de l\u2019enseignement agricole, des parents d\u2019\u00e9l\u00e8ves, de toute la France, sont venus crier leur col\u00e8re \u00e0 Paris<\/p>\n","protected":false},"author":1,"featured_media":7313,"comment_status":"closed","ping_status":"closed","sticky":false,"template":"","format":"image","meta":{"footnotes":""},"categories":[1],"tags":[],"class_list":["post-7311","post","type-post","status-publish","format-image","has-post-thumbnail","hentry","category-non-classe","post_format-post-format-image"],"_links":{"self":[{"href":"https:\/\/snudifo37.fr\/index.php\/wp-json\/wp\/v2\/posts\/7311","targetHints":{"allow":["GET"]}}],"collection":[{"href":"https:\/\/snudifo37.fr\/index.php\/wp-json\/wp\/v2\/posts"}],"about":[{"href":"https:\/\/snudifo37.fr\/index.php\/wp-json\/wp\/v2\/types\/post"}],"author":[{"embeddable":true,"href":"https:\/\/snudifo37.fr\/index.php\/wp-json\/wp\/v2\/users\/1"}],"replies":[{"embeddable":true,"href":"https:\/\/snudifo37.fr\/index.php\/wp-json\/wp\/v2\/comments?post=7311"}],"version-history":[{"count":5,"href":"https:\/\/snudifo37.fr\/index.php\/wp-json\/wp\/v2\/posts\/7311\/revisions"}],"predecessor-version":[{"id":7388,"href":"https:\/\/snudifo37.fr\/index.php\/wp-json\/wp\/v2\/posts\/7311\/revisions\/7388"}],"wp:featuredmedia":[{"embeddable":true,"href":"https:\/\/snudifo37.fr\/index.php\/wp-json\/wp\/v2\/media\/7313"}],"wp:attachment":[{"href":"https:\/\/snudifo37.fr\/index.php\/wp-json\/wp\/v2\/media?parent=7311"}],"wp:term":[{"taxonomy":"category","embeddable":true,"href":"https:\/\/snudifo37.fr\/index.php\/wp-json\/wp\/v2\/categories?post=7311"},{"taxonomy":"post_tag","embeddable":true,"href":"https:\/\/snudifo37.fr\/index.php\/wp-json\/wp\/v2\/tags?post=7311"}],"curies":[{"name":"wp","href":"https:\/\/api.w.org\/{rel}","templated":true}]}}