{"id":7072,"date":"2023-11-27T15:46:41","date_gmt":"2023-11-27T14:46:41","guid":{"rendered":"https:\/\/snudifo37.fr\/?p=7072"},"modified":"2023-11-27T15:47:19","modified_gmt":"2023-11-27T14:47:19","slug":"classe-exceptionnelle-de-nombreux-collegues-leses-par-les-modifications-imposees-par-le-ministre","status":"publish","type":"post","link":"https:\/\/snudifo37.fr\/index.php\/2023\/11\/27\/classe-exceptionnelle-de-nombreux-collegues-leses-par-les-modifications-imposees-par-le-ministre\/","title":{"rendered":"Classe exceptionnelle : De nombreux coll\u00e8gues l\u00e9s\u00e9s par les modifications impos\u00e9es par le ministre !"},"content":{"rendered":"\n<p class=\"justification_texte\">Lors du comit\u00e9 social d\u2019administration (CSA) minist\u00e9riel du 7 novembre, le minist\u00e8re a d\u00e9cid\u00e9 de modifier les crit\u00e8res permettant aux personnels de pr\u00e9tendre \u00e0 la classe exceptionnelle. Jusqu\u2019\u00e0 cette ann\u00e9e, pour pouvoir acc\u00e9der \u00e0 la classe exceptionnelle, les personnels devaient appartenir :<\/p>\n\n\n\n<p>\u2022 soit au \u00ab vivier 1 \u00bb, c\u2019est-\u00e0-dire \u00eatre au moins au 3\u00e8me \u00e9chelon de la hors-classe avec au minimum 6 ans de fonctions ou d\u2019affectations particuli\u00e8res, notamment les postes de directeurs d\u2019\u00e9cole ou d\u2019Education prioritaire ;<br>\u2022 soit au \u00ab vivier 2 \u00bb, c\u2019est-\u00e0-dire d\u2019\u00eatre au moins au 6\u00e8me \u00e9chelon de la hors-classe.<\/p>\n\n\n\n<p>Dor\u00e9navant, pour pouvoir acc\u00e9der \u00e0 la classe exceptionnelle, il faudra \u00eatre au moins au 5\u00e8me \u00e9chelon de la hors-classe, sans conditions particuli\u00e8res.<\/p>\n\n\n\n<p class=\"justification_texte\">Le SNUDI-FO n\u2019\u00e9tait pas favorable \u00e0 PPCR et \u00e0 l\u2019acc\u00e8s \u00e9litiste et fonctionnel de la classe exceptionnelle. Pour autant, les r\u00e8gles fix\u00e9es ainsi par le minist\u00e8re, avec l\u2019appui de certaines organisations syndicales qui ont vot\u00e9 pour PPCR, ont pu influencer certains coll\u00e8gues dans leur choix de postes et leur strat\u00e9gie.<\/p>\n\n\n\n<p class=\"justification_texte\">Modifier ainsi les r\u00e8gles en cours de route constitue pour les personnels concern\u00e9s un pr\u00e9judice inacceptable, notamment pour les personnels \u00e9tant ou ayant \u00e9t\u00e9 directeurs ou affect\u00e9s en Education prioritaire pendant au moins six ans. Ces coll\u00e8gues, promouvables au grade de la classe exceptionnelle au tableau d\u2019avancement de l\u2019ann\u00e9e 2023 risquent de ne plus \u00eatre promouvables en 2024 voire durant plusieurs ann\u00e9es . Cette perte de promouvabilit\u00e9 constitue un fait sans pr\u00e9c\u00e9dent ! Inacceptable pour le SNUDI-FO et sa f\u00e9d\u00e9ration la FNEC FP-FO !<\/p>\n\n\n\n<p class=\"justification_texte\"><strong>C\u2019est pourquoi la FNEC FP-FO a propos\u00e9 lors du CSA minist\u00e9riel du 7 novembre l\u2019amendement suivant, visant \u00e0 emp\u00eacher ce pr\u00e9judice : \u00ab <em>Les personnels qui \u00e9taient promouvables au grade de la classe exceptionnelle au tableau d\u2019avancement de l\u2019ann\u00e9e 2023 doivent rester promouvables au grade de la classe exceptionnelle au tableau d\u2019avancement des ann\u00e9es suivantes.<\/em> \u00bb<\/strong><\/p>\n\n\n\n<p><strong>Le minist\u00e8re n\u2019a pas int\u00e9gr\u00e9 cet amendement qui, \u00e9tonnamment, n\u2019a pas \u00e9t\u00e9 soutenu par certaines autres organisations syndicales.<\/strong><\/p>\n\n\n\n<p><strong>Votes sur cet amendement FO :<\/strong><br><strong>Pour : FO, UNSA, CFDT<\/strong><br><strong>Contre : FSU<\/strong><br><strong>Abstention : SNALC, SUD, CGT<\/strong><\/p>\n\n\n\n<p class=\"justification_texte\">Par ailleurs, le texte soumis au CSA minist\u00e9riel pr\u00e9voit d\u2019autres modifications concernant la classe exceptionnelle. Si le pr\u00e9c\u00e9dent \u00ab bar\u00e8me \u00bb pour l\u2019acc\u00e8s \u00e0 la classe exceptionnelle \u00e9tait jusqu\u2019\u00e0 pr\u00e9sent une vaste blague puisque tout le poids du bar\u00e8me \u00e9tait port\u00e9 sur l\u2019appr\u00e9ciation, il n\u2019y a maintenant plus aucun bar\u00e8me. Tout repose sur l\u2019avis (\u00ab tr\u00e8s favorable \u00bb, \u00ab favorable \u00bb, \u00ab d\u00e9favorable \u00bb) de l\u2019IEN, l\u2019anciennet\u00e9 dans le corps n\u2019intervenant qu\u2019\u00e0 avis \u00e9gal ! Pour le SNUDI-FO, le renforcement de l\u2019arbitraire pour l\u2019acc\u00e8s \u00e0 la classe exceptionnelle est inacceptable !<\/p>\n\n\n\n<p>La FNEC FP-FO a donc vot\u00e9 contre les modifications impos\u00e9es par le ministre.<\/p>\n\n\n\n<p class=\"justification_texte\">Le SNUDI-FO, toujours oppos\u00e9 avec sa f\u00e9d\u00e9ration \u00e0 PPCR et son \u00e9valuation arbitraire, continuera d\u2019exiger un d\u00e9roulement de carri\u00e8re bas\u00e9e sur l\u2019anciennet\u00e9 qui garantisse aux personnels qui ont effectu\u00e9 une carri\u00e8re compl\u00e8te de finir leur carri\u00e8re au grade et \u00e0 l\u2019\u00e9chelon le plus \u00e9lev\u00e9.<\/p>\n\n\n\n<div data-wp-interactive=\"core\/file\" class=\"wp-block-file\"><object data-wp-bind--hidden=\"!state.hasPdfPreview\" hidden class=\"wp-block-file__embed\" data=\"https:\/\/snudifo37.fr\/wp-content\/uploads\/2023\/11\/231123-Communique-SNUDI-FO-Classe-exceptionnelle.pdf\" type=\"application\/pdf\" style=\"width:100%;height:600px\" aria-label=\"Contenu embarqu\u00e9 231123-Communique-SNUDI-FO-Classe-exceptionnelle.\"><\/object><a id=\"wp-block-file--media-bd0c96bf-aebb-4a06-90a9-a20eb0291697\" href=\"https:\/\/snudifo37.fr\/wp-content\/uploads\/2023\/11\/231123-Communique-SNUDI-FO-Classe-exceptionnelle.pdf\">231123-Communique-SNUDI-FO-Classe-exceptionnelle<\/a><a href=\"https:\/\/snudifo37.fr\/wp-content\/uploads\/2023\/11\/231123-Communique-SNUDI-FO-Classe-exceptionnelle.pdf\" class=\"wp-block-file__button wp-element-button\" download aria-describedby=\"wp-block-file--media-bd0c96bf-aebb-4a06-90a9-a20eb0291697\">T\u00e9l\u00e9charger<\/a><\/div>\n<a class=\"synved-social-button synved-social-button-share synved-social-size-32 synved-social-resolution-single synved-social-provider-facebook nolightbox\" data-provider=\"facebook\" target=\"_blank\" rel=\"nofollow\" title=\"Faites le savoir \u00e0 vos amis via Facebook \" href=\"https:\/\/www.facebook.com\/sharer.php?u=https%3A%2F%2Fsnudifo37.fr%2Findex.php%2Fwp-json%2Fwp%2Fv2%2Fposts%2F7072&#038;t=Classe%20exceptionnelle%20%3A%20De%20nombreux%20coll%C3%A8gues%20l%C3%A9s%C3%A9s%20par%20les%20modifications%20impos%C3%A9es%20par%20le%20ministre%20%21&#038;s=100&#038;p&#091;url&#093;=https%3A%2F%2Fsnudifo37.fr%2Findex.php%2Fwp-json%2Fwp%2Fv2%2Fposts%2F7072&#038;p&#091;images&#093;&#091;0&#093;=https%3A%2F%2Fsnudifo37.fr%2Fwp-content%2Fuploads%2F2022%2F11%2Fescalier_carrie__re_jpg__19035351.jpg&#038;p&#091;title&#093;=Classe%20exceptionnelle%20%3A%20De%20nombreux%20coll%C3%A8gues%20l%C3%A9s%C3%A9s%20par%20les%20modifications%20impos%C3%A9es%20par%20le%20ministre%20%21\" style=\"font-size: 0px;width:32px;height:32px;margin:0;margin-bottom:20px;margin-right:20px\"><img loading=\"lazy\" decoding=\"async\" alt=\"Facebook\" title=\"Faites le savoir \u00e0 vos amis via Facebook \" class=\"synved-share-image synved-social-image synved-social-image-share\" width=\"32\" height=\"32\" style=\"display: inline;width:32px;height:32px;margin: 0;padding: 0;border: none;box-shadow: none\" src=\"https:\/\/snudifo37.fr\/wp-content\/plugins\/social-media-feather\/synved-social\/image\/social\/regular\/64x64\/facebook.png\" \/><\/a><a class=\"synved-social-button synved-social-button-share synved-social-size-32 synved-social-resolution-single synved-social-provider-twitter nolightbox\" data-provider=\"twitter\" target=\"_blank\" rel=\"nofollow\" title=\"Informez-en vos amis via Twitter\" href=\"https:\/\/twitter.com\/intent\/tweet?url=https%3A%2F%2Fsnudifo37.fr%2Findex.php%2Fwp-json%2Fwp%2Fv2%2Fposts%2F7072&#038;text=Le%20Snudi-Fo%20vous%20informe%3A\" style=\"font-size: 0px;width:32px;height:32px;margin:0;margin-bottom:20px;margin-right:20px\"><img loading=\"lazy\" decoding=\"async\" alt=\"twitter\" title=\"Informez-en vos amis via Twitter\" class=\"synved-share-image synved-social-image synved-social-image-share\" width=\"32\" height=\"32\" style=\"display: inline;width:32px;height:32px;margin: 0;padding: 0;border: none;box-shadow: none\" src=\"https:\/\/snudifo37.fr\/wp-content\/plugins\/social-media-feather\/synved-social\/image\/social\/regular\/64x64\/twitter.png\" \/><\/a><a class=\"synved-social-button synved-social-button-share synved-social-size-32 synved-social-resolution-single synved-social-provider-mail nolightbox\" data-provider=\"mail\" rel=\"nofollow\" title=\"Les derni\u00e8res informations du Snudi-Fo 37\" href=\"mailto:?subject=Classe%20exceptionnelle%20%3A%20De%20nombreux%20coll%C3%A8gues%20l%C3%A9s%C3%A9s%20par%20les%20modifications%20impos%C3%A9es%20par%20le%20ministre%20%21&#038;body=Le%20Snudi-Fo%20vous%20informe%3A:%20https%3A%2F%2Fsnudifo37.fr%2Findex.php%2Fwp-json%2Fwp%2Fv2%2Fposts%2F7072\" style=\"font-size: 0px;width:32px;height:32px;margin:0;margin-bottom:20px\"><img loading=\"lazy\" decoding=\"async\" alt=\"mail\" title=\"Les derni\u00e8res informations du Snudi-Fo 37\" class=\"synved-share-image synved-social-image synved-social-image-share\" width=\"32\" height=\"32\" style=\"display: inline;width:32px;height:32px;margin: 0;padding: 0;border: none;box-shadow: none\" src=\"https:\/\/snudifo37.fr\/wp-content\/plugins\/social-media-feather\/synved-social\/image\/social\/regular\/64x64\/mail.png\" \/><\/a>","protected":false},"excerpt":{"rendered":"<p>Lors du comit\u00e9 social d\u2019administration (CSA) minist\u00e9riel du 7 novembre, le minist\u00e8re a d\u00e9cid\u00e9 de modifier les crit\u00e8res permettant aux personnels de pr\u00e9tendre \u00e0 la classe exceptionnelle.<\/p>\n","protected":false},"author":1,"featured_media":5657,"comment_status":"closed","ping_status":"closed","sticky":false,"template":"","format":"standard","meta":{"footnotes":""},"categories":[1],"tags":[86,1308,1390,33],"class_list":["post-7072","post","type-post","status-publish","format-standard","has-post-thumbnail","hentry","category-non-classe","tag-classe-exceptionnelle","tag-csa","tag-modification","tag-ppcr"],"_links":{"self":[{"href":"https:\/\/snudifo37.fr\/index.php\/wp-json\/wp\/v2\/posts\/7072","targetHints":{"allow":["GET"]}}],"collection":[{"href":"https:\/\/snudifo37.fr\/index.php\/wp-json\/wp\/v2\/posts"}],"about":[{"href":"https:\/\/snudifo37.fr\/index.php\/wp-json\/wp\/v2\/types\/post"}],"author":[{"embeddable":true,"href":"https:\/\/snudifo37.fr\/index.php\/wp-json\/wp\/v2\/users\/1"}],"replies":[{"embeddable":true,"href":"https:\/\/snudifo37.fr\/index.php\/wp-json\/wp\/v2\/comments?post=7072"}],"version-history":[{"count":2,"href":"https:\/\/snudifo37.fr\/index.php\/wp-json\/wp\/v2\/posts\/7072\/revisions"}],"predecessor-version":[{"id":7075,"href":"https:\/\/snudifo37.fr\/index.php\/wp-json\/wp\/v2\/posts\/7072\/revisions\/7075"}],"wp:featuredmedia":[{"embeddable":true,"href":"https:\/\/snudifo37.fr\/index.php\/wp-json\/wp\/v2\/media\/5657"}],"wp:attachment":[{"href":"https:\/\/snudifo37.fr\/index.php\/wp-json\/wp\/v2\/media?parent=7072"}],"wp:term":[{"taxonomy":"category","embeddable":true,"href":"https:\/\/snudifo37.fr\/index.php\/wp-json\/wp\/v2\/categories?post=7072"},{"taxonomy":"post_tag","embeddable":true,"href":"https:\/\/snudifo37.fr\/index.php\/wp-json\/wp\/v2\/tags?post=7072"}],"curies":[{"name":"wp","href":"https:\/\/api.w.org\/{rel}","templated":true}]}}