{"id":6822,"date":"2023-09-22T09:57:26","date_gmt":"2023-09-22T07:57:26","guid":{"rendered":"https:\/\/snudifo37.fr\/?p=6822"},"modified":"2023-09-22T10:06:30","modified_gmt":"2023-09-22T08:06:30","slug":"groupe-de-travail-de-la-formation-specialisee-37-eleves-au-comportement-perturbateur","status":"publish","type":"post","link":"https:\/\/snudifo37.fr\/index.php\/2023\/09\/22\/groupe-de-travail-de-la-formation-specialisee-37-eleves-au-comportement-perturbateur\/","title":{"rendered":"Groupe de travail dans la formation sp\u00e9cialis\u00e9e 37 \u00ab\u00a0\u00e9l\u00e8ves au comportement perturbateur\u00a0\u00bb"},"content":{"rendered":"\n<p class=\"has-text-align-center has-vivid-red-color has-text-color\"><strong>La libert\u00e9 et l&rsquo;ind\u00e9pendance syndicales comme fil \u00e0 plomb de FO !<\/strong><br><strong>FO d\u00e9fend les coll\u00e8gues contre la culpabilisation permanente !<\/strong><\/p>\n\n\n\n<p>Alors que le Ministre acc\u00e9l\u00e8re sur sa mise en oeuvre de l&rsquo;Acte 2 de l&rsquo;Ecole Inclusive, l&rsquo;IA-DASEN a convoqu\u00e9 ce matin un groupe de travail sur les \u00e9l\u00e8ves au comportement perturbateur.<\/p>\n\n\n\n<p>Nos d\u00e9l\u00e9gu\u00e9s (Baptiste Duc, S\u00e9bastien Hermier, Guillaume Hentzien et Yannick Eprinchard) ont lu la d\u00e9claration ci jointe et exprim\u00e9 leur opposition \u00e0 un nouveau protocole que devraient appliquer les coll\u00e8gues !<a href=\"https:\/\/snudifo37.fr\/index.php\/2023\/09\/21\/declaration-de-la-fnec-fp-fo-au-gt-fs-eleves-manifestant-un-comportement-perturbateur\/\">declaration-de-la-fnec-fp-fo-au-gt-fs-eleves-manifestant-un-comportement-perturbateur<\/a><\/p>\n\n\n\n<p>Pour FO, alors que de nombreux personnels et \u00e9l\u00e8ves sont en souffrance, ce protocole a pour objectif de diff\u00e9rer la prise de d\u00e9cision de l&rsquo;administration et fait peser la responsabilit\u00e9 de la situation sur les coll\u00e8gues en mettant en cause leurs comp\u00e9tences professionnelles !&nbsp;<\/p>\n\n\n\n<p>Devant les pressions de l&rsquo;administration et des responsables d\u00e9partementaux du SNUipp FSU pour que FO quitte la s\u00e9ance, nous avons r\u00e9affirm\u00e9 nos revendications de d\u00e9fense des coll\u00e8gues et rappel\u00e9 que nous rendrons compte de tout ce qui se discute dans ces r\u00e9unions de co-gestion !<\/p>\n\n\n\n<p>Visiblement cette annonce de nos d\u00e9l\u00e9gu\u00e9s a g\u00ean\u00e9 les responsables du SNUipp FSU qui ont demand\u00e9 l&rsquo;annulation du groupe de travail.<\/p>\n\n\n\n<p>Nous ne serons jamais pour les \u00ab\u00a0n\u00e9gociations secr\u00e8tes\u00a0\u00bb et des \u00ab\u00a0salons o\u00f9 l&rsquo;on cause\u00a0\u00bb entre initi\u00e9s.<br>Nous rendrons toujours compte, comme nous l&rsquo;avons toujours fait en toute ind\u00e9pendance, de toutes les instances, audiences, .. parce que nous partons toujours des revendications des salari\u00e9s et non des exigences de Macron et Attal.<\/p>\n\n\n\n<p>Renforcez un syndicat libre et ind\u00e9pendant de l&rsquo;administration et du gouvernement, adh\u00e9rez au SNUDI-FO !<\/p>\n\n\n\n<p><\/p>\n<a class=\"synved-social-button synved-social-button-share synved-social-size-32 synved-social-resolution-single synved-social-provider-facebook nolightbox\" data-provider=\"facebook\" target=\"_blank\" rel=\"nofollow\" title=\"Faites le savoir \u00e0 vos amis via Facebook \" href=\"https:\/\/www.facebook.com\/sharer.php?u=https%3A%2F%2Fsnudifo37.fr%2Findex.php%2Fwp-json%2Fwp%2Fv2%2Fposts%2F6822&#038;t=Groupe%20de%20travail%20dans%20la%20formation%20sp%C3%A9cialis%C3%A9e%2037%20%C2%AB%C2%A0%C3%A9l%C3%A8ves%20au%20comportement%20perturbateur%C2%A0%C2%BB&#038;s=100&#038;p&#091;url&#093;=https%3A%2F%2Fsnudifo37.fr%2Findex.php%2Fwp-json%2Fwp%2Fv2%2Fposts%2F6822&#038;p&#091;images&#093;&#091;0&#093;=https%3A%2F%2Fsnudifo37.fr%2Fwp-content%2Fuploads%2F2023%2F09%2Fgrouch___jpg__1954540-e1695315693984.jpg&#038;p&#091;title&#093;=Groupe%20de%20travail%20dans%20la%20formation%20sp%C3%A9cialis%C3%A9e%2037%20%C2%AB%C2%A0%C3%A9l%C3%A8ves%20au%20comportement%20perturbateur%C2%A0%C2%BB\" style=\"font-size: 0px;width:32px;height:32px;margin:0;margin-bottom:20px;margin-right:20px\"><img loading=\"lazy\" decoding=\"async\" alt=\"Facebook\" title=\"Faites le savoir \u00e0 vos amis via Facebook \" class=\"synved-share-image synved-social-image synved-social-image-share\" width=\"32\" height=\"32\" style=\"display: inline;width:32px;height:32px;margin: 0;padding: 0;border: none;box-shadow: none\" src=\"https:\/\/snudifo37.fr\/wp-content\/plugins\/social-media-feather\/synved-social\/image\/social\/regular\/64x64\/facebook.png\" \/><\/a><a class=\"synved-social-button synved-social-button-share synved-social-size-32 synved-social-resolution-single synved-social-provider-twitter nolightbox\" data-provider=\"twitter\" target=\"_blank\" rel=\"nofollow\" title=\"Informez-en vos amis via Twitter\" href=\"https:\/\/twitter.com\/intent\/tweet?url=https%3A%2F%2Fsnudifo37.fr%2Findex.php%2Fwp-json%2Fwp%2Fv2%2Fposts%2F6822&#038;text=Le%20Snudi-Fo%20vous%20informe%3A\" style=\"font-size: 0px;width:32px;height:32px;margin:0;margin-bottom:20px;margin-right:20px\"><img loading=\"lazy\" decoding=\"async\" alt=\"twitter\" title=\"Informez-en vos amis via Twitter\" class=\"synved-share-image synved-social-image synved-social-image-share\" width=\"32\" height=\"32\" style=\"display: inline;width:32px;height:32px;margin: 0;padding: 0;border: none;box-shadow: none\" src=\"https:\/\/snudifo37.fr\/wp-content\/plugins\/social-media-feather\/synved-social\/image\/social\/regular\/64x64\/twitter.png\" \/><\/a><a class=\"synved-social-button synved-social-button-share synved-social-size-32 synved-social-resolution-single synved-social-provider-mail nolightbox\" data-provider=\"mail\" rel=\"nofollow\" title=\"Les derni\u00e8res informations du Snudi-Fo 37\" href=\"mailto:?subject=Groupe%20de%20travail%20dans%20la%20formation%20sp%C3%A9cialis%C3%A9e%2037%20%C2%AB%C2%A0%C3%A9l%C3%A8ves%20au%20comportement%20perturbateur%C2%A0%C2%BB&#038;body=Le%20Snudi-Fo%20vous%20informe%3A:%20https%3A%2F%2Fsnudifo37.fr%2Findex.php%2Fwp-json%2Fwp%2Fv2%2Fposts%2F6822\" style=\"font-size: 0px;width:32px;height:32px;margin:0;margin-bottom:20px\"><img loading=\"lazy\" decoding=\"async\" alt=\"mail\" title=\"Les derni\u00e8res informations du Snudi-Fo 37\" class=\"synved-share-image synved-social-image synved-social-image-share\" width=\"32\" height=\"32\" style=\"display: inline;width:32px;height:32px;margin: 0;padding: 0;border: none;box-shadow: none\" src=\"https:\/\/snudifo37.fr\/wp-content\/plugins\/social-media-feather\/synved-social\/image\/social\/regular\/64x64\/mail.png\" \/><\/a>","protected":false},"excerpt":{"rendered":"<p>Alors que le Ministre acc\u00e9l\u00e8re sur sa mise en oeuvre de l&rsquo;Acte 2 de l&rsquo;Ecole Inclusive, l&rsquo;IA-DASEN a convoqu\u00e9 ce matin un groupe de travail sur les \u00e9l\u00e8ves au comportement perturbateur.<\/p>\n","protected":false},"author":1,"featured_media":6815,"comment_status":"closed","ping_status":"closed","sticky":false,"template":"","format":"standard","meta":{"footnotes":""},"categories":[1],"tags":[1306,1360,880,801,1361],"class_list":["post-6822","post","type-post","status-publish","format-standard","has-post-thumbnail","hentry","category-non-classe","tag-1306","tag-eleve","tag-gt","tag-inclusion","tag-perturbateur"],"_links":{"self":[{"href":"https:\/\/snudifo37.fr\/index.php\/wp-json\/wp\/v2\/posts\/6822","targetHints":{"allow":["GET"]}}],"collection":[{"href":"https:\/\/snudifo37.fr\/index.php\/wp-json\/wp\/v2\/posts"}],"about":[{"href":"https:\/\/snudifo37.fr\/index.php\/wp-json\/wp\/v2\/types\/post"}],"author":[{"embeddable":true,"href":"https:\/\/snudifo37.fr\/index.php\/wp-json\/wp\/v2\/users\/1"}],"replies":[{"embeddable":true,"href":"https:\/\/snudifo37.fr\/index.php\/wp-json\/wp\/v2\/comments?post=6822"}],"version-history":[{"count":5,"href":"https:\/\/snudifo37.fr\/index.php\/wp-json\/wp\/v2\/posts\/6822\/revisions"}],"predecessor-version":[{"id":6828,"href":"https:\/\/snudifo37.fr\/index.php\/wp-json\/wp\/v2\/posts\/6822\/revisions\/6828"}],"wp:featuredmedia":[{"embeddable":true,"href":"https:\/\/snudifo37.fr\/index.php\/wp-json\/wp\/v2\/media\/6815"}],"wp:attachment":[{"href":"https:\/\/snudifo37.fr\/index.php\/wp-json\/wp\/v2\/media?parent=6822"}],"wp:term":[{"taxonomy":"category","embeddable":true,"href":"https:\/\/snudifo37.fr\/index.php\/wp-json\/wp\/v2\/categories?post=6822"},{"taxonomy":"post_tag","embeddable":true,"href":"https:\/\/snudifo37.fr\/index.php\/wp-json\/wp\/v2\/tags?post=6822"}],"curies":[{"name":"wp","href":"https:\/\/api.w.org\/{rel}","templated":true}]}}