{"id":660,"date":"2019-07-15T21:19:06","date_gmt":"2019-07-15T19:19:06","guid":{"rendered":"http:\/\/snudifo37.fr\/?p=660"},"modified":"2025-12-04T14:43:12","modified_gmt":"2025-12-04T13:43:12","slug":"rejoignez-un-syndicat-combatif-et-revendicatif-adherez-au-snudi-fo","status":"publish","type":"post","link":"https:\/\/snudifo37.fr\/index.php\/2019\/07\/15\/rejoignez-un-syndicat-combatif-et-revendicatif-adherez-au-snudi-fo\/","title":{"rendered":"Rejoignez un syndicat combatif et revendicatif: adh\u00e9rez au Snudi-FO !"},"content":{"rendered":"<div class=\"wp-block-image\">\n<figure class=\"aligncenter is-resized\"><a href=\"https:\/\/framaforms.org\/jadhere-au-snudi-fo-37-1581947349\"><img decoding=\"async\" src=\"http:\/\/snudifo37.fr\/wp-content\/uploads\/2019\/07\/arton13-768x813.jpg\" alt=\"Rejoignez-nous !\" class=\"wp-image-661\" style=\"width:348px;height:367px\"\/><\/a><\/figure>\n<\/div>\n\n\n<p>\u00c0 Force Ouvri\u00e8re, \u00eatre syndiqu\u00e9 c\u2019est \u00eatre conf\u00e9d\u00e9r\u00e9, c\u2019est-\u00e0-dire \u00eatre en liaison avec l\u2019ensemble des salari\u00e9s de toutes professions. Avec votre cotisation, vous recevrez votre carte syndicale, ainsi que des informations r\u00e9guli\u00e8res sur le fonctionnement du syndicat, ses combats, ses revendications.<\/p>\n\n\n\n<p><a href=\"https:\/\/snudifo37.fr\/index.php\/2024\/12\/07\/bulletin-dadhesion-2025\/\">T\u00e9l\u00e9charger notre bulletin d&rsquo;adh\u00e9sion pour l&rsquo;ann\u00e9e 2026 (ou en utilisant notre formulaire en bas de page)<\/a><\/p>\n\n\n\n<p>Vous serez aussi pr\u00e9venus en priorit\u00e9 des r\u00e9sultats des diff\u00e9rentes CAPD (mouvement, exeat, promotions etc.) et instances de l&rsquo;Education Nationale qui vous concernent directement. De plus, en adh\u00e9rant au Snudi-FO, vous rejoignez l&rsquo;association de protection des consommateurs FO, et<strong> <\/strong>b\u00e9n\u00e9ficiez d\u2019une assistance juridique dans le cadre de vos fonctions. <\/p>\n\n\n\n<h4 class=\"wp-block-heading\">Prix du timbre mensuel<\/h4>\n\n\n\n<figure class=\"wp-block-table alignwide\"><table><tbody><tr><td><strong>Professeur.e.s des \u00e9coles<\/strong><\/td><td><strong>adjoint.e + SEI\/ASH + charg\u00e9.e d&rsquo;\u00e9cole<\/strong><\/td><td><strong>Directeur\/Directrice 1er grade (2-4 cl.) + PEMF<\/strong><\/td><td> <strong>Directeur\/Directrice<\/strong> <strong> 2\u00e8me grade (5-9 cl.)<\/strong><\/td><td> <strong>Directeur\/Directrice<\/strong> <strong> 3\u00e8me grade (10 cl. et +) + CPC<\/strong><\/td><\/tr><tr><td><strong>\u00c9chelons 1 \u00e0 5<\/strong><\/td><td>13,50\u20ac<\/td><td>14,50\u20ac<\/td><td>15,50\u20ac<\/td><td>16,50\u20ac<\/td><\/tr><tr><td><strong>\u00c9chelons 6 et 7<\/strong><\/td><td>15,50\u20ac<\/td><td>16,50\u20ac<\/td><td>17,50\u20ac<\/td><td>18,50\u20ac<\/td><\/tr><tr><td><strong>\u00c9chelon 8 et 9<\/strong><\/td><td>17,50\u20ac<\/td><td>18,50\u20ac<\/td><td>19,50\u20ac<\/td><td>20,50\u20ac<\/td><\/tr><tr><td><strong>\u00c9chelon 10<\/strong><\/td><td>18,50\u20ac<\/td><td>19,50\u20ac<\/td><td>20,50\u20ac<\/td><td>21,50\u20ac<\/td><\/tr><tr><td><strong>\u00c9chelon 11 et \u00c9chelon 3 HC<\/strong><\/td><td>19,50\u20ac<\/td><td>20,50\u20ac<\/td><td>21,50\u20ac<\/td><td>22,50\u20ac<\/td><\/tr><tr><td><strong>HC \u00e9chelon 4<\/strong><\/td><td>20,50\u20ac<\/td><td>21,50\u20ac<\/td><td>22,50\u20ac<\/td><td>23,50\u20ac<\/td><\/tr><tr><td><strong>HC \u00e9chelon 5<\/strong><\/td><td>21,50\u20ac<\/td><td>22,50\u20ac<\/td><td>23,50\u20ac<\/td><td>24,50\u20ac<\/td><\/tr><tr><td><strong>HC \u00e9chelon 6<\/strong><\/td><td>22,50\u20ac<\/td><td>23,50\u20ac<\/td><td>24,50\u20ac<\/td><td>25,50\u20ac<\/td><\/tr><tr><td><strong>HC \u00e9chelon 7<\/strong> <strong>et classe exceptionnelle<\/strong><\/td><td>23,50\u20ac<\/td><td>24,50\u20ac<\/td><td>25,50\u20ac<\/td><td>26,50\u20ac<\/td><\/tr><\/tbody><\/table><\/figure>\n\n\n\n<p class=\"has-text-align-center has-small-font-size\"><strong><em>Situations particuli\u00e8res :<\/em><\/strong><br> <em>1) Les coll\u00e8gues \u00e0 mi-temps paient 6 timbres, ceux \u00e0 75% 9 timbres et ceux \u00e0 80% 10 timbres.<br> 2) Les retrait\u00e9s paient 12 timbres \u00e0 15\u20ac<br> 3) Les contractuels paient 12 timbres \u00e0 13\u20ac.<br> 4) Les AESH paient 6 timbres \u00e0 10\u20ac<\/em><\/p>\n\n\n\n<h3 class=\"wp-block-heading\">LA FORCE DU SYNDICAT,<\/h3>\n\n\n\n<ul class=\"wp-block-list\">\n<li><strong>c\u2019est son nombre de syndiqu\u00e9s:<\/strong><\/li>\n<\/ul>\n\n\n\n<p>Parce que sa repr\u00e9sentativit\u00e9 en d\u00e9pend, parce que pour agir, il faut des moyens financiers (presse syndicale, affranchissements, d\u00e9placements, t\u00e9l\u00e9phone, documentation juridique, etc.). Les ressources du SNUDI-FO 37 ne proviennent que des cotisations des adh\u00e9rents (aucune publicit\u00e9 commerciale dans les publications du syndicat d\u00e9partemental), ce qui garantit l\u2019ind\u00e9pendance financi\u00e8re de l\u2019organisation \u00e0 l\u2019\u00e9gard de quiconque !<\/p>\n\n\n\n<ul class=\"wp-block-list\">\n<li><strong>c\u2019est son ind\u00e9pendance<\/strong><\/li>\n<\/ul>\n\n\n\n<p>Pour d\u00e9fendre les revendications face \u00e0 l\u2019Etat, notre employeur, le syndicat ne saurait \u00eatre li\u00e9 ni soutenir, m\u00eame de mani\u00e8re \u00abcritique\u00bb ou \u00abconstructive\u00bb, un gouvernement ou un parti politique, quel qu\u2019il soit !<\/p>\n\n\n\n<h3 class=\"wp-block-heading\">Se syndiquer donne des droits:<\/h3>\n\n\n\n<ul class=\"wp-block-list\">\n<li>Etre inform\u00e9 et d\u00e9fendu en priorit\u00e9 en cas de besoin<\/li>\n\n\n\n<li>Le contr\u00f4le par les \u00e9lus du personnel du syndicat du d\u00e9roulement de carri\u00e8re (nominations, promotion, etc.)<\/li>\n\n\n\n<li>La d\u00e9finition des orientations du syndicat et la participation aux prises de d\u00e9cisions (Assembl\u00e9e G\u00e9n\u00e9rale, \u00e9lection du conseil syndical\u2026)<\/li>\n<\/ul>\n\n\n\n<h3 class=\"wp-block-heading\">66 % de la cotisation est d\u00e9ductible de votre imp\u00f4t.<\/h3>\n\n\n\n<p class=\"has-text-align-center has-vivid-red-color has-text-color has-huge-font-size\"><a href=\"https:\/\/framaforms.org\/jadhere-au-snudi-fo-37-1581947349\"><strong>N&rsquo;h\u00e9sitez plus, cliquez ici et adh\u00e9rez au Snudi FO 37 !<\/strong><\/a><\/p>\n\n\n\n<p><\/p>\n<a class=\"synved-social-button synved-social-button-share synved-social-size-32 synved-social-resolution-single synved-social-provider-facebook nolightbox\" data-provider=\"facebook\" target=\"_blank\" rel=\"nofollow\" title=\"Faites le savoir \u00e0 vos amis via Facebook \" href=\"https:\/\/www.facebook.com\/sharer.php?u=https%3A%2F%2Fsnudifo37.fr%2Findex.php%2Fwp-json%2Fwp%2Fv2%2Fposts%2F660&#038;t=Rejoignez%20un%20syndicat%20combatif%20et%20revendicatif%3A%20adh%C3%A9rez%20au%20Snudi-FO%20%21&#038;s=100&#038;p&#091;url&#093;=https%3A%2F%2Fsnudifo37.fr%2Findex.php%2Fwp-json%2Fwp%2Fv2%2Fposts%2F660&#038;p&#091;images&#093;&#091;0&#093;=https%3A%2F%2Fsnudifo37.fr%2Fwp-content%2Fuploads%2F2019%2F07%2FCarte-FO-R%C3%83%C2%A9duite-1.jpg&#038;p&#091;title&#093;=Rejoignez%20un%20syndicat%20combatif%20et%20revendicatif%3A%20adh%C3%A9rez%20au%20Snudi-FO%20%21\" style=\"font-size: 0px;width:32px;height:32px;margin:0;margin-bottom:20px;margin-right:20px\"><img loading=\"lazy\" decoding=\"async\" alt=\"Facebook\" title=\"Faites le savoir \u00e0 vos amis via Facebook \" class=\"synved-share-image synved-social-image synved-social-image-share\" width=\"32\" height=\"32\" style=\"display: inline;width:32px;height:32px;margin: 0;padding: 0;border: none;box-shadow: none\" src=\"https:\/\/snudifo37.fr\/wp-content\/plugins\/social-media-feather\/synved-social\/image\/social\/regular\/64x64\/facebook.png\" \/><\/a><a class=\"synved-social-button synved-social-button-share synved-social-size-32 synved-social-resolution-single synved-social-provider-twitter nolightbox\" data-provider=\"twitter\" target=\"_blank\" rel=\"nofollow\" title=\"Informez-en vos amis via Twitter\" href=\"https:\/\/twitter.com\/intent\/tweet?url=https%3A%2F%2Fsnudifo37.fr%2Findex.php%2Fwp-json%2Fwp%2Fv2%2Fposts%2F660&#038;text=Le%20Snudi-Fo%20vous%20informe%3A\" style=\"font-size: 0px;width:32px;height:32px;margin:0;margin-bottom:20px;margin-right:20px\"><img loading=\"lazy\" decoding=\"async\" alt=\"twitter\" title=\"Informez-en vos amis via Twitter\" class=\"synved-share-image synved-social-image synved-social-image-share\" width=\"32\" height=\"32\" style=\"display: inline;width:32px;height:32px;margin: 0;padding: 0;border: none;box-shadow: none\" src=\"https:\/\/snudifo37.fr\/wp-content\/plugins\/social-media-feather\/synved-social\/image\/social\/regular\/64x64\/twitter.png\" \/><\/a><a class=\"synved-social-button synved-social-button-share synved-social-size-32 synved-social-resolution-single synved-social-provider-mail nolightbox\" data-provider=\"mail\" rel=\"nofollow\" title=\"Les derni\u00e8res informations du Snudi-Fo 37\" href=\"mailto:?subject=Rejoignez%20un%20syndicat%20combatif%20et%20revendicatif%3A%20adh%C3%A9rez%20au%20Snudi-FO%20%21&#038;body=Le%20Snudi-Fo%20vous%20informe%3A:%20https%3A%2F%2Fsnudifo37.fr%2Findex.php%2Fwp-json%2Fwp%2Fv2%2Fposts%2F660\" style=\"font-size: 0px;width:32px;height:32px;margin:0;margin-bottom:20px\"><img loading=\"lazy\" decoding=\"async\" alt=\"mail\" title=\"Les derni\u00e8res informations du Snudi-Fo 37\" class=\"synved-share-image synved-social-image synved-social-image-share\" width=\"32\" height=\"32\" style=\"display: inline;width:32px;height:32px;margin: 0;padding: 0;border: none;box-shadow: none\" src=\"https:\/\/snudifo37.fr\/wp-content\/plugins\/social-media-feather\/synved-social\/image\/social\/regular\/64x64\/mail.png\" \/><\/a>","protected":false},"excerpt":{"rendered":"<p>Pourquoi nous rejoindre ? D\u00e9couvrez notre syndicat et pour quelles raisons nous avons besoin de vous pour vous d\u00e9fendre et pour mener les combats essentiels pour l&rsquo;avenir de l&rsquo;Ecole et notre m\u00e9tier !<\/p>\n","protected":false},"author":1,"featured_media":1776,"comment_status":"closed","ping_status":"closed","sticky":false,"template":"","format":"standard","meta":{"footnotes":""},"categories":[7],"tags":[22,138,137,20,26],"class_list":["post-660","post","type-post","status-publish","format-standard","has-post-thumbnail","hentry","category-syndicat","tag-22","tag-adherer","tag-adhesion","tag-snudi-fo","tag-syndicat"],"_links":{"self":[{"href":"https:\/\/snudifo37.fr\/index.php\/wp-json\/wp\/v2\/posts\/660","targetHints":{"allow":["GET"]}}],"collection":[{"href":"https:\/\/snudifo37.fr\/index.php\/wp-json\/wp\/v2\/posts"}],"about":[{"href":"https:\/\/snudifo37.fr\/index.php\/wp-json\/wp\/v2\/types\/post"}],"author":[{"embeddable":true,"href":"https:\/\/snudifo37.fr\/index.php\/wp-json\/wp\/v2\/users\/1"}],"replies":[{"embeddable":true,"href":"https:\/\/snudifo37.fr\/index.php\/wp-json\/wp\/v2\/comments?post=660"}],"version-history":[{"count":37,"href":"https:\/\/snudifo37.fr\/index.php\/wp-json\/wp\/v2\/posts\/660\/revisions"}],"predecessor-version":[{"id":9502,"href":"https:\/\/snudifo37.fr\/index.php\/wp-json\/wp\/v2\/posts\/660\/revisions\/9502"}],"wp:featuredmedia":[{"embeddable":true,"href":"https:\/\/snudifo37.fr\/index.php\/wp-json\/wp\/v2\/media\/1776"}],"wp:attachment":[{"href":"https:\/\/snudifo37.fr\/index.php\/wp-json\/wp\/v2\/media?parent=660"}],"wp:term":[{"taxonomy":"category","embeddable":true,"href":"https:\/\/snudifo37.fr\/index.php\/wp-json\/wp\/v2\/categories?post=660"},{"taxonomy":"post_tag","embeddable":true,"href":"https:\/\/snudifo37.fr\/index.php\/wp-json\/wp\/v2\/tags?post=660"}],"curies":[{"name":"wp","href":"https:\/\/api.w.org\/{rel}","templated":true}]}}