{"id":649,"date":"2019-07-11T10:11:24","date_gmt":"2019-07-11T08:11:24","guid":{"rendered":"http:\/\/snudifo37.fr\/?p=649"},"modified":"2019-07-11T10:15:06","modified_gmt":"2019-07-11T08:15:06","slug":"capd-hors-classe-et-classe-exceptionnelle-groupe-de-travail-mouvement-phase-ajustement","status":"publish","type":"post","link":"https:\/\/snudifo37.fr\/index.php\/2019\/07\/11\/capd-hors-classe-et-classe-exceptionnelle-groupe-de-travail-mouvement-phase-ajustement\/","title":{"rendered":"CAPD hors classe et classe exceptionnelle \/ groupe de travail mouvement phase ajustement"},"content":{"rendered":"\n<p><\/p>\n\n\n\n<p>Ce matin jeudi 11 juillet se tiennent depuis 9h30 la derni\u00e8re CAPD de l&rsquo;ann\u00e9e scolaire, qui traitera des passages Hors Classe et Classe Exceptionnelle, mais aussi le groupe de travail concernant la phase d&rsquo;ajustement du mouvement.<\/p>\n\n\n\n<p>Les r\u00e9sultats seront disponibles en fin de matin\u00e9e aupr\u00e8s de vos repr\u00e9sentants du personnel Snudi-FO. Pour obtenir toutes les informations vous concernant, vous pouvez les contacter :<\/p>\n\n\n\n<ul class=\"wp-block-list\"><li>au 06 70 30 11 58 pour la hors classe <\/li><li> au 06 95 48 71 80 pour la phase d&rsquo;ajustement du mouvement<\/li><li> au 06 32 39 05 38 pour la classe exceptionnelle<\/li><\/ul>\n<a class=\"synved-social-button synved-social-button-share synved-social-size-32 synved-social-resolution-single synved-social-provider-facebook nolightbox\" data-provider=\"facebook\" target=\"_blank\" rel=\"nofollow\" title=\"Faites le savoir \u00e0 vos amis via Facebook \" href=\"https:\/\/www.facebook.com\/sharer.php?u=https%3A%2F%2Fsnudifo37.fr%2Findex.php%2Fwp-json%2Fwp%2Fv2%2Fposts%2F649&#038;t=CAPD%20hors%20classe%20et%20classe%20exceptionnelle%20%2F%20groupe%20de%20travail%20mouvement%20phase%20ajustement&#038;s=100&#038;p&#091;url&#093;=https%3A%2F%2Fsnudifo37.fr%2Findex.php%2Fwp-json%2Fwp%2Fv2%2Fposts%2F649&#038;p&#091;images&#093;&#091;0&#093;=https%3A%2F%2Fsnudifo37.fr%2Fwp-content%2Fuploads%2F2019%2F05%2FCADP.jpg&#038;p&#091;title&#093;=CAPD%20hors%20classe%20et%20classe%20exceptionnelle%20%2F%20groupe%20de%20travail%20mouvement%20phase%20ajustement\" style=\"font-size: 0px;width:32px;height:32px;margin:0;margin-bottom:20px;margin-right:20px\"><img loading=\"lazy\" decoding=\"async\" alt=\"Facebook\" title=\"Faites le savoir \u00e0 vos amis via Facebook \" class=\"synved-share-image synved-social-image synved-social-image-share\" width=\"32\" height=\"32\" style=\"display: inline;width:32px;height:32px;margin: 0;padding: 0;border: none;box-shadow: none\" src=\"https:\/\/snudifo37.fr\/wp-content\/plugins\/social-media-feather\/synved-social\/image\/social\/regular\/64x64\/facebook.png\" \/><\/a><a class=\"synved-social-button synved-social-button-share synved-social-size-32 synved-social-resolution-single synved-social-provider-twitter nolightbox\" data-provider=\"twitter\" target=\"_blank\" rel=\"nofollow\" title=\"Informez-en vos amis via Twitter\" href=\"https:\/\/twitter.com\/intent\/tweet?url=https%3A%2F%2Fsnudifo37.fr%2Findex.php%2Fwp-json%2Fwp%2Fv2%2Fposts%2F649&#038;text=Le%20Snudi-Fo%20vous%20informe%3A\" style=\"font-size: 0px;width:32px;height:32px;margin:0;margin-bottom:20px;margin-right:20px\"><img loading=\"lazy\" decoding=\"async\" alt=\"twitter\" title=\"Informez-en vos amis via Twitter\" class=\"synved-share-image synved-social-image synved-social-image-share\" width=\"32\" height=\"32\" style=\"display: inline;width:32px;height:32px;margin: 0;padding: 0;border: none;box-shadow: none\" src=\"https:\/\/snudifo37.fr\/wp-content\/plugins\/social-media-feather\/synved-social\/image\/social\/regular\/64x64\/twitter.png\" \/><\/a><a class=\"synved-social-button synved-social-button-share synved-social-size-32 synved-social-resolution-single synved-social-provider-mail nolightbox\" data-provider=\"mail\" rel=\"nofollow\" title=\"Les derni\u00e8res informations du Snudi-Fo 37\" href=\"mailto:?subject=CAPD%20hors%20classe%20et%20classe%20exceptionnelle%20%2F%20groupe%20de%20travail%20mouvement%20phase%20ajustement&#038;body=Le%20Snudi-Fo%20vous%20informe%3A:%20https%3A%2F%2Fsnudifo37.fr%2Findex.php%2Fwp-json%2Fwp%2Fv2%2Fposts%2F649\" style=\"font-size: 0px;width:32px;height:32px;margin:0;margin-bottom:20px\"><img loading=\"lazy\" decoding=\"async\" alt=\"mail\" title=\"Les derni\u00e8res informations du Snudi-Fo 37\" class=\"synved-share-image synved-social-image synved-social-image-share\" width=\"32\" height=\"32\" style=\"display: inline;width:32px;height:32px;margin: 0;padding: 0;border: none;box-shadow: none\" src=\"https:\/\/snudifo37.fr\/wp-content\/plugins\/social-media-feather\/synved-social\/image\/social\/regular\/64x64\/mail.png\" \/><\/a>","protected":false},"excerpt":{"rendered":"<p>Ce matin jeudi 11 juillet se tient depuis 9h30 la derni\u00e8re CAPD de l\u2019ann\u00e9e scolaire, qui traitera des passages Hors Classe et Classe Exceptionnelle, mais aussi le groupe de travail concernant la phase d\u2019ajustement du mouvement.<\/p>\n","protected":false},"author":1,"featured_media":224,"comment_status":"closed","ping_status":"closed","sticky":false,"template":"","format":"standard","meta":{"footnotes":""},"categories":[9,8],"tags":[22,17,86,95,96,51,136,20],"class_list":["post-649","post","type-post","status-publish","format-standard","has-post-thumbnail","hentry","category-capd","category-instances","tag-22","tag-capd","tag-classe-exceptionnelle","tag-groupe-de-travail","tag-hors-classe","tag-mouvement","tag-phase-d-ajustement","tag-snudi-fo"],"_links":{"self":[{"href":"https:\/\/snudifo37.fr\/index.php\/wp-json\/wp\/v2\/posts\/649","targetHints":{"allow":["GET"]}}],"collection":[{"href":"https:\/\/snudifo37.fr\/index.php\/wp-json\/wp\/v2\/posts"}],"about":[{"href":"https:\/\/snudifo37.fr\/index.php\/wp-json\/wp\/v2\/types\/post"}],"author":[{"embeddable":true,"href":"https:\/\/snudifo37.fr\/index.php\/wp-json\/wp\/v2\/users\/1"}],"replies":[{"embeddable":true,"href":"https:\/\/snudifo37.fr\/index.php\/wp-json\/wp\/v2\/comments?post=649"}],"version-history":[{"count":3,"href":"https:\/\/snudifo37.fr\/index.php\/wp-json\/wp\/v2\/posts\/649\/revisions"}],"predecessor-version":[{"id":652,"href":"https:\/\/snudifo37.fr\/index.php\/wp-json\/wp\/v2\/posts\/649\/revisions\/652"}],"wp:featuredmedia":[{"embeddable":true,"href":"https:\/\/snudifo37.fr\/index.php\/wp-json\/wp\/v2\/media\/224"}],"wp:attachment":[{"href":"https:\/\/snudifo37.fr\/index.php\/wp-json\/wp\/v2\/media?parent=649"}],"wp:term":[{"taxonomy":"category","embeddable":true,"href":"https:\/\/snudifo37.fr\/index.php\/wp-json\/wp\/v2\/categories?post=649"},{"taxonomy":"post_tag","embeddable":true,"href":"https:\/\/snudifo37.fr\/index.php\/wp-json\/wp\/v2\/tags?post=649"}],"curies":[{"name":"wp","href":"https:\/\/api.w.org\/{rel}","templated":true}]}}