{"id":574,"date":"2019-06-26T22:36:11","date_gmt":"2019-06-26T20:36:11","guid":{"rendered":"http:\/\/snudifo37.fr\/?p=574"},"modified":"2019-06-26T22:46:04","modified_gmt":"2019-06-26T20:46:04","slug":"le-snudi-fo-ecrit-au-ministre-quant-a-la-canicule","status":"publish","type":"post","link":"https:\/\/snudifo37.fr\/index.php\/2019\/06\/26\/le-snudi-fo-ecrit-au-ministre-quant-a-la-canicule\/","title":{"rendered":"Le Snudi-FO \u00e9crit au ministre quant \u00e0 la canicule !"},"content":{"rendered":"\n<p style=\"text-align:right\"><\/p>\n\n\n\n<p style=\"text-align:right\">Montreuil, le 25 octobre 2018<br> A Monsieur Jean-Michel Blanquer,<br> ministre de l\u2019Education nationale<\/p>\n\n\n\n<p><strong>Objet : alerte canicule<\/strong><\/p>\n\n\n\n<p>Monsieur le ministre,<\/p>\n\n\n\n<p>La quasi-totalit\u00e9 de la France hexagonale est plac\u00e9e en \u00abalerte canicule\u00bb jusqu\u2019\u00e0 la fin de la semaine. Dans ces conditions, vous avez annonc\u00e9 le  report des \u00e9preuves du brevet. Si les coll\u00e9giens doivent \u00eatre prot\u00e9g\u00e9s ces jours- l\u00e0, il doit en aller de m\u00eame pour les \u00e9l\u00e8ves de maternelle et d\u2019\u00e9l\u00e9mentaire ainsi que pour les personnels.<\/p>\n\n\n\n<p>Vos recommandations pr\u00e9conisent de \u00ab<em>Garder les enfants dans une ambiance fra\u00eeche. V\u00e9rifier la fonctionnalit\u00e9 ou l\u2019installation de stores et\/ou volets. Fermer les volets et les rideaux des fa\u00e7ades les plus expos\u00e9es au soleil durant toute la journ\u00e9e.<\/em>\u00bb<\/p>\n\n\n\n<p>Pourtant la r\u00e9alit\u00e9 des \u00e9coles est toute autre. Si l\u2019ensemble de nos coll\u00e8gues a bien pris la mesure des recommandations minist\u00e9rielles, malheureusement dans la tr\u00e8s grande majorit\u00e9 des \u00e9coles, ces recommandations sont largement insuffisantes quand les locaux sont mal isol\u00e9s, l\u2019acc\u00e8s \u00e0 l\u2019eau insuffisant au regard du nombre d\u2019\u00e9l\u00e8ves, les baies vitr\u00e9es coupl\u00e9es \u00e0 une exposition des b\u00e2timents plein sud et ne poss\u00e9dant aucun store ni rideau, la climatisation \u00e9tant inexistante et les ventilateurs rares. De plus, les cours d\u2019\u00e9cole sont rarement ombrag\u00e9es et leurs sols en bitume conservent la chaleur au fil des nuits.<\/p>\n\n\n\n<p>Des enseignants vont se trouver dans l\u2019incapacit\u00e9 d\u2019assurer la s\u00e9curit\u00e9 physique de leurs \u00e9l\u00e8ves, et la sant\u00e9 de certains enseignants-es pourrait elle-m\u00eame \u00eatre menac\u00e9e. De plus, toutes les recommandations sont destin\u00e9es aux directions d\u2019\u00e9cole qui, faut-il le rappeler, ne sont ni chef d\u2019\u00e9tablissement, ni sup\u00e9rieur hi\u00e9rarchique.<\/p>\n\n\n\n<p>L\u2019article 2-1 du d\u00e9cret 82-453 modifi\u00e9 pr\u00e9voit que \u00ab<em>les chefs de service sont charg\u00e9s, dans la limite de leurs attributions et dans le cadre des d\u00e9l\u00e9gations qui leur sont consenties, de veiller \u00e0 la s\u00e9curit\u00e9 et \u00e0 la protection de la sant\u00e9 des agents plac\u00e9s sous leur autorit\u00e9.<\/em>\u00bb<br>Le m\u00eame d\u00e9cret dans son article 3 pr\u00e9cise : \u00abD<em>ans les administrations et \u00e9tablissements mentionn\u00e9s \u00e0 l\u2019article 1er, les r\u00e8gles applicables en mati\u00e8re de sant\u00e9 et de s\u00e9curit\u00e9 sont, sous r\u00e9serve des dispositions du pr\u00e9sent d\u00e9cret, celles d\u00e9finies aux livres Ier \u00e0 V de la quatri\u00e8me partie du code du travail et par les d\u00e9crets pris pour leur application<\/em> \u00bb<\/p>\n\n\n\n<p>Dans ces conditions, il est de la responsabilit\u00e9 de l\u2019employeur de veiller aux dispositions pr\u00e9vues par le code du travail dans ses articles R 4213 \u2014 7\/R 4221-1\/R 4222-4\/R 4225-1 et R 4225-2 qui concernent plus sp\u00e9cifiquement les \u00e9l\u00e9vations de temp\u00e9rature.<\/p>\n\n\n\n<p>Le fait que les locaux dans lesquels exercent les personnels ne soient pas la propri\u00e9t\u00e9 de l\u2019\u00c9tat ne saurait exon\u00e9rer l\u2019employeur de ses responsabilit\u00e9s.<\/p>\n\n\n\n<p>De plus, une alerte \u00e0 la pollution aux particules fines va selon toutes vraisemblances se rajouter \u00e0 l\u2019alerte canicule sur une bonne partie de notre territoire.<\/p>\n\n\n\n<p>Nous vous demandons, de prendre les dispositions n\u00e9cessaires, notamment l\u00e0 o\u00f9 les \u00e9quipes enseignantes le demandent, \u00e0 la fermeture des \u00e9coles. <\/p>\n\n\n\n<p>Il y a urgence afin que chacun puisse s\u2019organiser. <\/p>\n\n\n\n<p>Dans l\u2019attente, je vous prie d\u2019agr\u00e9er, Monsieur le Directeur, l\u2019expression de ma plus parfaite consid\u00e9ration.<\/p>\n\n\n\n<p style=\"text-align:right\">Norbert Trichard<\/p>\n\n\n\n<div class=\"wp-block-file\"><a href=\"http:\/\/snudifo37.fr\/wp-content\/uploads\/2019\/06\/26-06-2019-canicule-.pdf\">Retrouvez ici le communiqu\u00e9 original du Snudi-FO<\/a><a href=\"http:\/\/snudifo37.fr\/wp-content\/uploads\/2019\/06\/26-06-2019-canicule-.pdf\" class=\"wp-block-file__button\" download>T\u00e9l\u00e9charger<\/a><\/div>\n<a class=\"synved-social-button synved-social-button-share synved-social-size-32 synved-social-resolution-single synved-social-provider-facebook nolightbox\" data-provider=\"facebook\" target=\"_blank\" rel=\"nofollow\" title=\"Faites le savoir \u00e0 vos amis via Facebook \" href=\"https:\/\/www.facebook.com\/sharer.php?u=https%3A%2F%2Fsnudifo37.fr%2Findex.php%2Fwp-json%2Fwp%2Fv2%2Fposts%2F574&#038;t=Le%20Snudi-FO%20%C3%A9crit%20au%20ministre%20quant%20%C3%A0%20la%20canicule%20%21&#038;s=100&#038;p&#091;url&#093;=https%3A%2F%2Fsnudifo37.fr%2Findex.php%2Fwp-json%2Fwp%2Fv2%2Fposts%2F574&#038;p&#091;images&#093;&#091;0&#093;=&#038;p&#091;title&#093;=Le%20Snudi-FO%20%C3%A9crit%20au%20ministre%20quant%20%C3%A0%20la%20canicule%20%21\" style=\"font-size: 0px;width:32px;height:32px;margin:0;margin-bottom:20px;margin-right:20px\"><img loading=\"lazy\" decoding=\"async\" alt=\"Facebook\" title=\"Faites le savoir \u00e0 vos amis via Facebook \" class=\"synved-share-image synved-social-image synved-social-image-share\" width=\"32\" height=\"32\" style=\"display: inline;width:32px;height:32px;margin: 0;padding: 0;border: none;box-shadow: none\" src=\"https:\/\/snudifo37.fr\/wp-content\/plugins\/social-media-feather\/synved-social\/image\/social\/regular\/64x64\/facebook.png\" \/><\/a><a class=\"synved-social-button synved-social-button-share synved-social-size-32 synved-social-resolution-single synved-social-provider-twitter nolightbox\" data-provider=\"twitter\" target=\"_blank\" rel=\"nofollow\" title=\"Informez-en vos amis via Twitter\" href=\"https:\/\/twitter.com\/intent\/tweet?url=https%3A%2F%2Fsnudifo37.fr%2Findex.php%2Fwp-json%2Fwp%2Fv2%2Fposts%2F574&#038;text=Le%20Snudi-Fo%20vous%20informe%3A\" style=\"font-size: 0px;width:32px;height:32px;margin:0;margin-bottom:20px;margin-right:20px\"><img loading=\"lazy\" decoding=\"async\" alt=\"twitter\" title=\"Informez-en vos amis via Twitter\" class=\"synved-share-image synved-social-image synved-social-image-share\" width=\"32\" height=\"32\" style=\"display: inline;width:32px;height:32px;margin: 0;padding: 0;border: none;box-shadow: none\" src=\"https:\/\/snudifo37.fr\/wp-content\/plugins\/social-media-feather\/synved-social\/image\/social\/regular\/64x64\/twitter.png\" \/><\/a><a class=\"synved-social-button synved-social-button-share synved-social-size-32 synved-social-resolution-single synved-social-provider-mail nolightbox\" data-provider=\"mail\" rel=\"nofollow\" title=\"Les derni\u00e8res informations du Snudi-Fo 37\" href=\"mailto:?subject=Le%20Snudi-FO%20%C3%A9crit%20au%20ministre%20quant%20%C3%A0%20la%20canicule%20%21&#038;body=Le%20Snudi-Fo%20vous%20informe%3A:%20https%3A%2F%2Fsnudifo37.fr%2Findex.php%2Fwp-json%2Fwp%2Fv2%2Fposts%2F574\" style=\"font-size: 0px;width:32px;height:32px;margin:0;margin-bottom:20px\"><img loading=\"lazy\" decoding=\"async\" alt=\"mail\" title=\"Les derni\u00e8res informations du Snudi-Fo 37\" class=\"synved-share-image synved-social-image synved-social-image-share\" width=\"32\" height=\"32\" style=\"display: inline;width:32px;height:32px;margin: 0;padding: 0;border: none;box-shadow: none\" src=\"https:\/\/snudifo37.fr\/wp-content\/plugins\/social-media-feather\/synved-social\/image\/social\/regular\/64x64\/mail.png\" \/><\/a>","protected":false},"excerpt":{"rendered":"<p>Monsieur le ministre,<br \/>\nLa quasi-totalit\u00e9 de la France hexagonale est plac\u00e9e en \u00abalerte canicule\u00bb jusqu\u2019\u00e0 la fin de la semaine. Dans ces conditions, vous avez annonc\u00e9 le  report des \u00e9preuves du brevet. Si les coll\u00e9giens doivent \u00eatre prot\u00e9g\u00e9s ces jours- l\u00e0, il doit en aller de m\u00eame pour les \u00e9l\u00e8ves de maternelle et d\u2019\u00e9l\u00e9mentaire ainsi que pour les personnels.<\/p>\n","protected":false},"author":1,"featured_media":0,"comment_status":"closed","ping_status":"closed","sticky":false,"template":"","format":"standard","meta":{"footnotes":""},"categories":[7],"tags":[22,34,111,25,18,36,54,20],"class_list":["post-574","post","type-post","status-publish","format-standard","hentry","category-syndicat","tag-22","tag-blanquer","tag-canicule","tag-chsct","tag-communique","tag-communiques","tag-ministere","tag-snudi-fo"],"_links":{"self":[{"href":"https:\/\/snudifo37.fr\/index.php\/wp-json\/wp\/v2\/posts\/574","targetHints":{"allow":["GET"]}}],"collection":[{"href":"https:\/\/snudifo37.fr\/index.php\/wp-json\/wp\/v2\/posts"}],"about":[{"href":"https:\/\/snudifo37.fr\/index.php\/wp-json\/wp\/v2\/types\/post"}],"author":[{"embeddable":true,"href":"https:\/\/snudifo37.fr\/index.php\/wp-json\/wp\/v2\/users\/1"}],"replies":[{"embeddable":true,"href":"https:\/\/snudifo37.fr\/index.php\/wp-json\/wp\/v2\/comments?post=574"}],"version-history":[{"count":3,"href":"https:\/\/snudifo37.fr\/index.php\/wp-json\/wp\/v2\/posts\/574\/revisions"}],"predecessor-version":[{"id":578,"href":"https:\/\/snudifo37.fr\/index.php\/wp-json\/wp\/v2\/posts\/574\/revisions\/578"}],"wp:attachment":[{"href":"https:\/\/snudifo37.fr\/index.php\/wp-json\/wp\/v2\/media?parent=574"}],"wp:term":[{"taxonomy":"category","embeddable":true,"href":"https:\/\/snudifo37.fr\/index.php\/wp-json\/wp\/v2\/categories?post=574"},{"taxonomy":"post_tag","embeddable":true,"href":"https:\/\/snudifo37.fr\/index.php\/wp-json\/wp\/v2\/tags?post=574"}],"curies":[{"name":"wp","href":"https:\/\/api.w.org\/{rel}","templated":true}]}}