{"id":5388,"date":"2022-09-21T11:31:14","date_gmt":"2022-09-21T09:31:14","guid":{"rendered":"https:\/\/snudifo37.fr\/?p=5388"},"modified":"2022-11-21T09:52:47","modified_gmt":"2022-11-21T08:52:47","slug":"reponse-au-president-de-la-republique-a-sa-lettre-aux-professeurs-et-personnels-de-leducation-nationale","status":"publish","type":"post","link":"https:\/\/snudifo37.fr\/index.php\/2022\/09\/21\/reponse-au-president-de-la-republique-a-sa-lettre-aux-professeurs-et-personnels-de-leducation-nationale\/","title":{"rendered":"R\u00e9ponse au pr\u00e9sident de la R\u00e9publique \u00e0 sa lettre aux professeurs et personnels de l\u2019\u00c9ducation nationale"},"content":{"rendered":"\n<div data-wp-interactive=\"core\/file\" class=\"wp-block-file\"><object data-wp-bind--hidden=\"!state.hasPdfPreview\" hidden class=\"wp-block-file__embed\" data=\"https:\/\/snudifo37.fr\/wp-content\/uploads\/2022\/09\/22-09-19-CP-EM-ryyponse-au-Pryysident-de-la-Ryypublique-1.pdf\" type=\"application\/pdf\" style=\"width:100%;height:600px\" aria-label=\"Contenu embarqu\u00e9 Contenu embarqu\u00e9 22-09-19-CP-EM-ryyponse-au-Pryysident-de-la-Ryypublique-1..\"><\/object><a id=\"wp-block-file--media-a0208894-3358-4aa1-9904-5124cf64abbb\" href=\"https:\/\/snudifo37.fr\/wp-content\/uploads\/2022\/09\/22-09-19-CP-EM-ryyponse-au-Pryysident-de-la-Ryypublique-1.pdf\">22-09-19-CP-EM-ryyponse-au-Pryysident-de-la-Ryypublique-1<\/a><a href=\"https:\/\/snudifo37.fr\/wp-content\/uploads\/2022\/09\/22-09-19-CP-EM-ryyponse-au-Pryysident-de-la-Ryypublique-1.pdf\" class=\"wp-block-file__button\" download aria-describedby=\"wp-block-file--media-a0208894-3358-4aa1-9904-5124cf64abbb\">T\u00e9l\u00e9charger<\/a><\/div>\n<a class=\"synved-social-button synved-social-button-share synved-social-size-32 synved-social-resolution-single synved-social-provider-facebook nolightbox\" data-provider=\"facebook\" target=\"_blank\" rel=\"nofollow\" title=\"Faites le savoir \u00e0 vos amis via Facebook \" href=\"https:\/\/www.facebook.com\/sharer.php?u=https%3A%2F%2Fsnudifo37.fr%2Findex.php%2Fwp-json%2Fwp%2Fv2%2Fposts%2F5388&#038;t=R%C3%A9ponse%20au%20pr%C3%A9sident%20de%20la%20R%C3%A9publique%20%C3%A0%20sa%20lettre%20aux%20professeurs%20et%20personnels%20de%20l%E2%80%99%C3%89ducation%20nationale&#038;s=100&#038;p&#091;url&#093;=https%3A%2F%2Fsnudifo37.fr%2Findex.php%2Fwp-json%2Fwp%2Fv2%2Fposts%2F5388&#038;p&#091;images&#093;&#091;0&#093;=https%3A%2F%2Fsnudifo37.fr%2Fwp-content%2Fuploads%2F2022%2F09%2Fca_passe_jpg__18933943.jpg&#038;p&#091;title&#093;=R%C3%A9ponse%20au%20pr%C3%A9sident%20de%20la%20R%C3%A9publique%20%C3%A0%20sa%20lettre%20aux%20professeurs%20et%20personnels%20de%20l%E2%80%99%C3%89ducation%20nationale\" style=\"font-size: 0px;width:32px;height:32px;margin:0;margin-bottom:20px;margin-right:20px\"><img loading=\"lazy\" decoding=\"async\" alt=\"Facebook\" title=\"Faites le savoir \u00e0 vos amis via Facebook \" class=\"synved-share-image synved-social-image synved-social-image-share\" width=\"32\" height=\"32\" style=\"display: inline;width:32px;height:32px;margin: 0;padding: 0;border: none;box-shadow: none\" src=\"https:\/\/snudifo37.fr\/wp-content\/plugins\/social-media-feather\/synved-social\/image\/social\/regular\/64x64\/facebook.png\" \/><\/a><a class=\"synved-social-button synved-social-button-share synved-social-size-32 synved-social-resolution-single synved-social-provider-twitter nolightbox\" data-provider=\"twitter\" target=\"_blank\" rel=\"nofollow\" title=\"Informez-en vos amis via Twitter\" href=\"https:\/\/twitter.com\/intent\/tweet?url=https%3A%2F%2Fsnudifo37.fr%2Findex.php%2Fwp-json%2Fwp%2Fv2%2Fposts%2F5388&#038;text=Le%20Snudi-Fo%20vous%20informe%3A\" style=\"font-size: 0px;width:32px;height:32px;margin:0;margin-bottom:20px;margin-right:20px\"><img loading=\"lazy\" decoding=\"async\" alt=\"twitter\" title=\"Informez-en vos amis via Twitter\" class=\"synved-share-image synved-social-image synved-social-image-share\" width=\"32\" height=\"32\" style=\"display: inline;width:32px;height:32px;margin: 0;padding: 0;border: none;box-shadow: none\" src=\"https:\/\/snudifo37.fr\/wp-content\/plugins\/social-media-feather\/synved-social\/image\/social\/regular\/64x64\/twitter.png\" \/><\/a><a class=\"synved-social-button synved-social-button-share synved-social-size-32 synved-social-resolution-single synved-social-provider-mail nolightbox\" data-provider=\"mail\" rel=\"nofollow\" title=\"Les derni\u00e8res informations du Snudi-Fo 37\" href=\"mailto:?subject=R%C3%A9ponse%20au%20pr%C3%A9sident%20de%20la%20R%C3%A9publique%20%C3%A0%20sa%20lettre%20aux%20professeurs%20et%20personnels%20de%20l%E2%80%99%C3%89ducation%20nationale&#038;body=Le%20Snudi-Fo%20vous%20informe%3A:%20https%3A%2F%2Fsnudifo37.fr%2Findex.php%2Fwp-json%2Fwp%2Fv2%2Fposts%2F5388\" style=\"font-size: 0px;width:32px;height:32px;margin:0;margin-bottom:20px\"><img loading=\"lazy\" decoding=\"async\" alt=\"mail\" title=\"Les derni\u00e8res informations du Snudi-Fo 37\" class=\"synved-share-image synved-social-image synved-social-image-share\" width=\"32\" height=\"32\" style=\"display: inline;width:32px;height:32px;margin: 0;padding: 0;border: none;box-shadow: none\" src=\"https:\/\/snudifo37.fr\/wp-content\/plugins\/social-media-feather\/synved-social\/image\/social\/regular\/64x64\/mail.png\" \/><\/a>","protected":false},"excerpt":{"rendered":"<p>La FNEC FP FO r\u00e9pond \u00e0 la lettre du pr\u00e9sident de la R\u00e9publique destin\u00e9e aux professeurs et personnels de l\u2019\u00c9ducation nationale.<\/p>\n","protected":false},"author":1,"featured_media":5392,"comment_status":"closed","ping_status":"closed","sticky":false,"template":"","format":"standard","meta":{"footnotes":""},"categories":[1],"tags":[273,1298],"class_list":["post-5388","post","type-post","status-publish","format-standard","has-post-thumbnail","hentry","category-non-classe","tag-lettre","tag-president"],"_links":{"self":[{"href":"https:\/\/snudifo37.fr\/index.php\/wp-json\/wp\/v2\/posts\/5388","targetHints":{"allow":["GET"]}}],"collection":[{"href":"https:\/\/snudifo37.fr\/index.php\/wp-json\/wp\/v2\/posts"}],"about":[{"href":"https:\/\/snudifo37.fr\/index.php\/wp-json\/wp\/v2\/types\/post"}],"author":[{"embeddable":true,"href":"https:\/\/snudifo37.fr\/index.php\/wp-json\/wp\/v2\/users\/1"}],"replies":[{"embeddable":true,"href":"https:\/\/snudifo37.fr\/index.php\/wp-json\/wp\/v2\/comments?post=5388"}],"version-history":[{"count":1,"href":"https:\/\/snudifo37.fr\/index.php\/wp-json\/wp\/v2\/posts\/5388\/revisions"}],"predecessor-version":[{"id":5391,"href":"https:\/\/snudifo37.fr\/index.php\/wp-json\/wp\/v2\/posts\/5388\/revisions\/5391"}],"wp:featuredmedia":[{"embeddable":true,"href":"https:\/\/snudifo37.fr\/index.php\/wp-json\/wp\/v2\/media\/5392"}],"wp:attachment":[{"href":"https:\/\/snudifo37.fr\/index.php\/wp-json\/wp\/v2\/media?parent=5388"}],"wp:term":[{"taxonomy":"category","embeddable":true,"href":"https:\/\/snudifo37.fr\/index.php\/wp-json\/wp\/v2\/categories?post=5388"},{"taxonomy":"post_tag","embeddable":true,"href":"https:\/\/snudifo37.fr\/index.php\/wp-json\/wp\/v2\/tags?post=5388"}],"curies":[{"name":"wp","href":"https:\/\/api.w.org\/{rel}","templated":true}]}}