{"id":5305,"date":"2022-09-08T21:50:54","date_gmt":"2022-09-08T19:50:54","guid":{"rendered":"https:\/\/snudifo37.fr\/?p=5305"},"modified":"2022-11-21T09:55:34","modified_gmt":"2022-11-21T08:55:34","slug":"non-a-la-maltraitance-des-titulaires-remplacants-tr-et-a-la-degradation-des-conditions-de-remplacement","status":"publish","type":"post","link":"https:\/\/snudifo37.fr\/index.php\/2022\/09\/08\/non-a-la-maltraitance-des-titulaires-remplacants-tr-et-a-la-degradation-des-conditions-de-remplacement\/","title":{"rendered":"Non \u00e0 la maltraitance des titulaires-rempla\u00e7ants (TR) et \u00e0 la d\u00e9gradation des conditions de remplacement !"},"content":{"rendered":"\n<p>Dans la majorit\u00e9 des d\u00e9partements, sur consignes du minist\u00e8re, les IA-DASEN, ont modifi\u00e9 la gestion du remplacement des enseignants du 1er degr\u00e9, parfois du jour au lendemain !<\/p>\n\n\n\n<p>Souvent, la gestion des coll\u00e8gues rempla\u00e7ants est transf\u00e9r\u00e9e des circonscriptions vers les DSDEN, g\u00e9n\u00e9rant une d\u00e9sorganisation des services, de nombreuses erreurs, des doublons de missions donn\u00e9es et au final, un \u00e9puisement des personnels enseignants et administratifs. Que cherche le ministre en cr\u00e9ant de telles d\u00e9sorganisations si ce n\u2019est pr\u00e9parer la fin des remplacements et la privatisation des services ?<\/p>\n\n\n\n<p>Dans 16 d\u00e9partements, la gestion a \u00e9t\u00e9 bascul\u00e9e vers une start-up priv\u00e9e qui via son application Andjaro devient le sous-traitant des DSDEN pour rentabiliser au maximum tous les rempla\u00e7ants et les frais auxquels ils peuvent pr\u00e9tendre. Il s\u2019agirait donc de mettre fin \u00e0 la relation de proximit\u00e9 avec les secr\u00e9taires de circonscription qui connaissaient chaque rempla\u00e7ant et ses pr\u00e9f\u00e9rences de niveaux de classe, de type de remplacement (court ou long), ses contraintes (v\u00e9hicule ou non etc.) pour la remplacer par un algorithme sans \u00e9tat d\u2019\u00e2me\u2026<\/p>\n\n\n\n<p class=\"has-text-align-center\"><strong>Quelques jours apr\u00e8s la rentr\u00e9e : les rempla\u00e7ants d\u00e9j\u00e0 malmen\u00e9s !<\/strong><\/p>\n\n\n\n<p>La p\u00e9nurie d\u2019admis aux concours et de personnels dans les d\u00e9partements a des cons\u00e9quences imm\u00e9diates pour les coll\u00e8gues rempla\u00e7ants. Dans de nombreux d\u00e9partements, des dizaines de TR sont plac\u00e9s avec m\u00e9pris sur des affectations \u00e0 l\u2019ann\u00e9e sur des postes vacants, les privant du droit aux ISSR. Les remplacements sur les \u00e9coles de rattachement sont privil\u00e9gi\u00e9s par les DSDEN pour les m\u00eames raisons financi\u00e8res.<\/p>\n\n\n\n<p>Rappelons que dans de nombreux d\u00e9partements, la distinction ZIL \/ BD a \u00e9t\u00e9 abandonn\u00e9e ces derni\u00e8res ann\u00e9es afin de rendre les rempla\u00e7ants plus flexibles, pour des missions de plus en plus diverses et lointaines.<\/p>\n\n\n\n<p>Ainsi, dans le Val d\u2019Oise, la gestion de plus de 640 PE rempla\u00e7ants est pass\u00e9e en septembre 2022 de 26 circonscriptions \u00e0 5 p\u00f4les de gestion. Quelle sont les cons\u00e9quences concr\u00e8tes de cette nouvelle gestion cens\u00e9e augmenter le \u00ab taux d\u2019efficience du remplacement \u00bb ? Sans m\u00eame parler des coll\u00e8gues rempla\u00e7ants pr\u00e9venus la veille de la rentr\u00e9e \u00e0 23h, des classes se sont trouv\u00e9es sans enseignant d\u00e8s le 1er jour alors que des BD sans missions de remplacement se sont trouv\u00e9s sans \u00e9l\u00e8ves ! Les \u00e9coles ayant besoin d\u2019un rempla\u00e7ant se trouvent sans interlocuteur direct !<\/p>\n\n\n\n<p>Le lendemain de la rentr\u00e9e des \u00e9l\u00e8ves, le DASEN a finalement conc\u00e9d\u00e9 que les assistantes de circonscription reprenaient la main &#8211; au moins provisoirement &#8211; pour attribuer les missions de remplacement.<\/p>\n\n\n\n<p class=\"has-text-align-center\"><strong>Le SNUDI-FO est aux c\u00f4t\u00e9s des personnels pour obtenir satisfaction<\/strong><\/p>\n\n\n\n<p>Le SNUDI-FO n\u2019accepte pas cette d\u00e9gradation continue et propose \u00e0 tous les personnels de s\u2019organiser pour r\u00e9sister et arracher les revendications. Le SNUDI-FO exige :<\/p>\n\n\n\n<ul class=\"wp-block-list\"><li>le maintien ou le retour de la distinction effective ZIL et BD ;<\/li><li>le maintien des ISSR pour tous les rempla\u00e7ants (pas d\u2019affectation de TR sur des postes vacants) ;<\/li><li>pour combler les postes vacants et pr\u00e9server le potentiel de rempla\u00e7ants, le recrutement de tous les listes<br>compl\u00e9mentaires n\u00e9cessaires comme le ministre s\u2019y est engag\u00e9 ;<\/li><li>l\u2019abandon d\u2019Andjaro et le retour \u00e0 la gestion par circonscription des rempla\u00e7ants ;<\/li><li>la cr\u00e9ation de postes de TR \u00e0 hauteur des besoins.<\/li><\/ul>\n\n\n\n<p>Le SNUDI-FO invite les coll\u00e8gues rempla\u00e7ants \u00e0 participer \u00e0 ses r\u00e9unions d\u2019information syndicale dans les d\u00e9partements, \u00e0 contacter le SNUDI-FO pour v\u00e9rifier le montant des ISSR revaloris\u00e9es au 1er janvier 2022 et assurer leur versement r\u00e9troactif.<\/p>\n\n\n\n<p class=\"has-text-align-right\">Montreuil, le 8 septembre 2022<\/p>\n<a class=\"synved-social-button synved-social-button-share synved-social-size-32 synved-social-resolution-single synved-social-provider-facebook nolightbox\" data-provider=\"facebook\" target=\"_blank\" rel=\"nofollow\" title=\"Faites le savoir \u00e0 vos amis via Facebook \" href=\"https:\/\/www.facebook.com\/sharer.php?u=https%3A%2F%2Fsnudifo37.fr%2Findex.php%2Fwp-json%2Fwp%2Fv2%2Fposts%2F5305&#038;t=Non%20%C3%A0%20la%20maltraitance%20des%20titulaires-rempla%C3%A7ants%20%28TR%29%20et%20%C3%A0%20la%20d%C3%A9gradation%20des%20conditions%20de%20remplacement%20%21&#038;s=100&#038;p&#091;url&#093;=https%3A%2F%2Fsnudifo37.fr%2Findex.php%2Fwp-json%2Fwp%2Fv2%2Fposts%2F5305&#038;p&#091;images&#093;&#091;0&#093;=https%3A%2F%2Fsnudifo37.fr%2Fwp-content%2Fuploads%2F2022%2F09%2Fa___l_en_aussi__jpg__18917023.jpg&#038;p&#091;title&#093;=Non%20%C3%A0%20la%20maltraitance%20des%20titulaires-rempla%C3%A7ants%20%28TR%29%20et%20%C3%A0%20la%20d%C3%A9gradation%20des%20conditions%20de%20remplacement%20%21\" style=\"font-size: 0px;width:32px;height:32px;margin:0;margin-bottom:20px;margin-right:20px\"><img loading=\"lazy\" decoding=\"async\" alt=\"Facebook\" title=\"Faites le savoir \u00e0 vos amis via Facebook \" class=\"synved-share-image synved-social-image synved-social-image-share\" width=\"32\" height=\"32\" style=\"display: inline;width:32px;height:32px;margin: 0;padding: 0;border: none;box-shadow: none\" src=\"https:\/\/snudifo37.fr\/wp-content\/plugins\/social-media-feather\/synved-social\/image\/social\/regular\/64x64\/facebook.png\" \/><\/a><a class=\"synved-social-button synved-social-button-share synved-social-size-32 synved-social-resolution-single synved-social-provider-twitter nolightbox\" data-provider=\"twitter\" target=\"_blank\" rel=\"nofollow\" title=\"Informez-en vos amis via Twitter\" href=\"https:\/\/twitter.com\/intent\/tweet?url=https%3A%2F%2Fsnudifo37.fr%2Findex.php%2Fwp-json%2Fwp%2Fv2%2Fposts%2F5305&#038;text=Le%20Snudi-Fo%20vous%20informe%3A\" style=\"font-size: 0px;width:32px;height:32px;margin:0;margin-bottom:20px;margin-right:20px\"><img loading=\"lazy\" decoding=\"async\" alt=\"twitter\" title=\"Informez-en vos amis via Twitter\" class=\"synved-share-image synved-social-image synved-social-image-share\" width=\"32\" height=\"32\" style=\"display: inline;width:32px;height:32px;margin: 0;padding: 0;border: none;box-shadow: none\" src=\"https:\/\/snudifo37.fr\/wp-content\/plugins\/social-media-feather\/synved-social\/image\/social\/regular\/64x64\/twitter.png\" \/><\/a><a class=\"synved-social-button synved-social-button-share synved-social-size-32 synved-social-resolution-single synved-social-provider-mail nolightbox\" data-provider=\"mail\" rel=\"nofollow\" title=\"Les derni\u00e8res informations du Snudi-Fo 37\" href=\"mailto:?subject=Non%20%C3%A0%20la%20maltraitance%20des%20titulaires-rempla%C3%A7ants%20%28TR%29%20et%20%C3%A0%20la%20d%C3%A9gradation%20des%20conditions%20de%20remplacement%20%21&#038;body=Le%20Snudi-Fo%20vous%20informe%3A:%20https%3A%2F%2Fsnudifo37.fr%2Findex.php%2Fwp-json%2Fwp%2Fv2%2Fposts%2F5305\" style=\"font-size: 0px;width:32px;height:32px;margin:0;margin-bottom:20px\"><img loading=\"lazy\" decoding=\"async\" alt=\"mail\" title=\"Les derni\u00e8res informations du Snudi-Fo 37\" class=\"synved-share-image synved-social-image synved-social-image-share\" width=\"32\" height=\"32\" style=\"display: inline;width:32px;height:32px;margin: 0;padding: 0;border: none;box-shadow: none\" src=\"https:\/\/snudifo37.fr\/wp-content\/plugins\/social-media-feather\/synved-social\/image\/social\/regular\/64x64\/mail.png\" \/><\/a>","protected":false},"excerpt":{"rendered":"<p>Quelques jours apr\u00e8s la rentr\u00e9e : les rempla\u00e7ants sont d\u00e9j\u00e0 malmen\u00e9s, la p\u00e9nurie de recrutement impacte directement les coll\u00e8gues rempla\u00e7ants. Cette d\u00e9gradation des conditions de travail n&rsquo;est pas tol\u00e9rable et le SNUDI-FO est au c\u00f4t\u00e9 des coll\u00e8gues pour obtenir satisfaction.<\/p>\n","protected":false},"author":1,"featured_media":5309,"comment_status":"closed","ping_status":"closed","sticky":false,"template":"","format":"standard","meta":{"footnotes":""},"categories":[1],"tags":[1179,955],"class_list":["post-5305","post","type-post","status-publish","format-standard","has-post-thumbnail","hentry","category-non-classe","tag-1179","tag-remplacant"],"_links":{"self":[{"href":"https:\/\/snudifo37.fr\/index.php\/wp-json\/wp\/v2\/posts\/5305","targetHints":{"allow":["GET"]}}],"collection":[{"href":"https:\/\/snudifo37.fr\/index.php\/wp-json\/wp\/v2\/posts"}],"about":[{"href":"https:\/\/snudifo37.fr\/index.php\/wp-json\/wp\/v2\/types\/post"}],"author":[{"embeddable":true,"href":"https:\/\/snudifo37.fr\/index.php\/wp-json\/wp\/v2\/users\/1"}],"replies":[{"embeddable":true,"href":"https:\/\/snudifo37.fr\/index.php\/wp-json\/wp\/v2\/comments?post=5305"}],"version-history":[{"count":1,"href":"https:\/\/snudifo37.fr\/index.php\/wp-json\/wp\/v2\/posts\/5305\/revisions"}],"predecessor-version":[{"id":5308,"href":"https:\/\/snudifo37.fr\/index.php\/wp-json\/wp\/v2\/posts\/5305\/revisions\/5308"}],"wp:featuredmedia":[{"embeddable":true,"href":"https:\/\/snudifo37.fr\/index.php\/wp-json\/wp\/v2\/media\/5309"}],"wp:attachment":[{"href":"https:\/\/snudifo37.fr\/index.php\/wp-json\/wp\/v2\/media?parent=5305"}],"wp:term":[{"taxonomy":"category","embeddable":true,"href":"https:\/\/snudifo37.fr\/index.php\/wp-json\/wp\/v2\/categories?post=5305"},{"taxonomy":"post_tag","embeddable":true,"href":"https:\/\/snudifo37.fr\/index.php\/wp-json\/wp\/v2\/tags?post=5305"}],"curies":[{"name":"wp","href":"https:\/\/api.w.org\/{rel}","templated":true}]}}