{"id":4963,"date":"2022-05-05T16:38:51","date_gmt":"2022-05-05T14:38:51","guid":{"rendered":"https:\/\/snudifo37.fr\/?p=4963"},"modified":"2022-05-05T16:40:34","modified_gmt":"2022-05-05T14:40:34","slug":"motion-adoptee-par-les-80-collegues-enseignants-reunis-au-stage-fospecial-conditions-de-travail-connaitre-ses-droits-hier","status":"publish","type":"post","link":"https:\/\/snudifo37.fr\/index.php\/2022\/05\/05\/motion-adoptee-par-les-80-collegues-enseignants-reunis-au-stage-fospecial-conditions-de-travail-connaitre-ses-droits-hier\/","title":{"rendered":"Motion adopt\u00e9e par les 80 coll\u00e8gues enseignants r\u00e9unis au stage FO sp\u00e9cial \u00ab\u00a0conditions de travail \/ conna\u00eetre ses droits\u00a0\u00bb"},"content":{"rendered":"\n<p>Les 80 participants au stage organis\u00e9 par la FNEC FP-FO du 29 avril :<\/p>\n\n\n\n<p><br>&#8211; condamnent les annonces du pr\u00e9sident Macron sur la r\u00e9forme des retraites et du ministre Le Maire sur le passage en force \u00e9ventuel via le 49.3,<\/p>\n\n\n\n<p><br>&#8211; exigent l&rsquo;augmentation imm\u00e9diate des salaires et non pas selon les crit\u00e8res macro-\u00e9conomiques comme le pr\u00e9voit PPCR,<\/p>\n\n\n\n<p><br>&#8211; d\u00e9noncent le management \u00e0 la France Telecom introduit par PPCR et \u00e9tendu par le Grenelle Blanquer,<\/p>\n\n\n\n<p>&#8211; refusent la d\u00e9gradation des conditions de travail due au manque de personnels et de rempla\u00e7ants. Ils invitent les \u00e9coles \u00e0 se saisir de la prise de position des conseils des ma\u00eetres sur le non-remplacement adopt\u00e9e par les \u00e9coles \u00e9l\u00e9mentaires Mignonne de Jou\u00e9-l\u00e8s-Tours et Dolto de Notre-Dame d&rsquo;O\u00e9,<\/p>\n\n\n\n<p><br>&#8211; demandent le retrait de la r\u00e9forme du lyc\u00e9e, du bac et de parcoursup et le retour aux \u00e9preuves terminales anonymes du bac,&nbsp;<\/p>\n\n\n\n<p><br>Ils invitent les coll\u00e8gues \u00e0 discuter de cette prise de position qui sera adress\u00e9e \u00e0 l&rsquo;ensemble des syndicats pour pr\u00e9parer le rapport de force pour gagner et \u00e0 participer aux RIS et HMI que FO organisera dans les 2 mois qui viennent face aux menaces que font peser les annonces du pr\u00e9sident Macron sur notre statut.<\/p>\n<a class=\"synved-social-button synved-social-button-share synved-social-size-32 synved-social-resolution-single synved-social-provider-facebook nolightbox\" data-provider=\"facebook\" target=\"_blank\" rel=\"nofollow\" title=\"Faites le savoir \u00e0 vos amis via Facebook \" href=\"https:\/\/www.facebook.com\/sharer.php?u=https%3A%2F%2Fsnudifo37.fr%2Findex.php%2Fwp-json%2Fwp%2Fv2%2Fposts%2F4963&#038;t=Motion%20adopt%C3%A9e%20par%20les%2080%20coll%C3%A8gues%20enseignants%20r%C3%A9unis%20au%20stage%20FO%20sp%C3%A9cial%20%C2%AB%C2%A0conditions%20de%20travail%20%2F%20conna%C3%AEtre%20ses%20droits%C2%A0%C2%BB&#038;s=100&#038;p&#091;url&#093;=https%3A%2F%2Fsnudifo37.fr%2Findex.php%2Fwp-json%2Fwp%2Fv2%2Fposts%2F4963&#038;p&#091;images&#093;&#091;0&#093;=https%3A%2F%2Fsnudifo37.fr%2Fwp-content%2Fuploads%2F2022%2F03%2FSymboliquePetit.jpg&#038;p&#091;title&#093;=Motion%20adopt%C3%A9e%20par%20les%2080%20coll%C3%A8gues%20enseignants%20r%C3%A9unis%20au%20stage%20FO%20sp%C3%A9cial%20%C2%AB%C2%A0conditions%20de%20travail%20%2F%20conna%C3%AEtre%20ses%20droits%C2%A0%C2%BB\" style=\"font-size: 0px;width:32px;height:32px;margin:0;margin-bottom:20px;margin-right:20px\"><img loading=\"lazy\" decoding=\"async\" alt=\"Facebook\" title=\"Faites le savoir \u00e0 vos amis via Facebook \" class=\"synved-share-image synved-social-image synved-social-image-share\" width=\"32\" height=\"32\" style=\"display: inline;width:32px;height:32px;margin: 0;padding: 0;border: none;box-shadow: none\" src=\"https:\/\/snudifo37.fr\/wp-content\/plugins\/social-media-feather\/synved-social\/image\/social\/regular\/64x64\/facebook.png\" \/><\/a><a class=\"synved-social-button synved-social-button-share synved-social-size-32 synved-social-resolution-single synved-social-provider-twitter nolightbox\" data-provider=\"twitter\" target=\"_blank\" rel=\"nofollow\" title=\"Informez-en vos amis via Twitter\" href=\"https:\/\/twitter.com\/intent\/tweet?url=https%3A%2F%2Fsnudifo37.fr%2Findex.php%2Fwp-json%2Fwp%2Fv2%2Fposts%2F4963&#038;text=Le%20Snudi-Fo%20vous%20informe%3A\" style=\"font-size: 0px;width:32px;height:32px;margin:0;margin-bottom:20px;margin-right:20px\"><img loading=\"lazy\" decoding=\"async\" alt=\"twitter\" title=\"Informez-en vos amis via Twitter\" class=\"synved-share-image synved-social-image synved-social-image-share\" width=\"32\" height=\"32\" style=\"display: inline;width:32px;height:32px;margin: 0;padding: 0;border: none;box-shadow: none\" src=\"https:\/\/snudifo37.fr\/wp-content\/plugins\/social-media-feather\/synved-social\/image\/social\/regular\/64x64\/twitter.png\" \/><\/a><a class=\"synved-social-button synved-social-button-share synved-social-size-32 synved-social-resolution-single synved-social-provider-mail nolightbox\" data-provider=\"mail\" rel=\"nofollow\" title=\"Les derni\u00e8res informations du Snudi-Fo 37\" href=\"mailto:?subject=Motion%20adopt%C3%A9e%20par%20les%2080%20coll%C3%A8gues%20enseignants%20r%C3%A9unis%20au%20stage%20FO%20sp%C3%A9cial%20%C2%AB%C2%A0conditions%20de%20travail%20%2F%20conna%C3%AEtre%20ses%20droits%C2%A0%C2%BB&#038;body=Le%20Snudi-Fo%20vous%20informe%3A:%20https%3A%2F%2Fsnudifo37.fr%2Findex.php%2Fwp-json%2Fwp%2Fv2%2Fposts%2F4963\" style=\"font-size: 0px;width:32px;height:32px;margin:0;margin-bottom:20px\"><img loading=\"lazy\" decoding=\"async\" alt=\"mail\" title=\"Les derni\u00e8res informations du Snudi-Fo 37\" class=\"synved-share-image synved-social-image synved-social-image-share\" width=\"32\" height=\"32\" style=\"display: inline;width:32px;height:32px;margin: 0;padding: 0;border: none;box-shadow: none\" src=\"https:\/\/snudifo37.fr\/wp-content\/plugins\/social-media-feather\/synved-social\/image\/social\/regular\/64x64\/mail.png\" \/><\/a>","protected":false},"excerpt":{"rendered":"<p>Les 80 participants au stage organis\u00e9 par la FNEC FP-FO du 29 avril ont adopt\u00e9 une motion pour la d\u00e9fense des retraites, du statut et pour l&rsquo;augmentation des salaires.<\/p>\n","protected":false},"author":1,"featured_media":4702,"comment_status":"closed","ping_status":"closed","sticky":false,"template":"","format":"standard","meta":{"footnotes":""},"categories":[1],"tags":[1179,155,291],"class_list":["post-4963","post","type-post","status-publish","format-standard","has-post-thumbnail","hentry","category-non-classe","tag-1179","tag-conditions-de-travail","tag-motion"],"_links":{"self":[{"href":"https:\/\/snudifo37.fr\/index.php\/wp-json\/wp\/v2\/posts\/4963","targetHints":{"allow":["GET"]}}],"collection":[{"href":"https:\/\/snudifo37.fr\/index.php\/wp-json\/wp\/v2\/posts"}],"about":[{"href":"https:\/\/snudifo37.fr\/index.php\/wp-json\/wp\/v2\/types\/post"}],"author":[{"embeddable":true,"href":"https:\/\/snudifo37.fr\/index.php\/wp-json\/wp\/v2\/users\/1"}],"replies":[{"embeddable":true,"href":"https:\/\/snudifo37.fr\/index.php\/wp-json\/wp\/v2\/comments?post=4963"}],"version-history":[{"count":2,"href":"https:\/\/snudifo37.fr\/index.php\/wp-json\/wp\/v2\/posts\/4963\/revisions"}],"predecessor-version":[{"id":4965,"href":"https:\/\/snudifo37.fr\/index.php\/wp-json\/wp\/v2\/posts\/4963\/revisions\/4965"}],"wp:featuredmedia":[{"embeddable":true,"href":"https:\/\/snudifo37.fr\/index.php\/wp-json\/wp\/v2\/media\/4702"}],"wp:attachment":[{"href":"https:\/\/snudifo37.fr\/index.php\/wp-json\/wp\/v2\/media?parent=4963"}],"wp:term":[{"taxonomy":"category","embeddable":true,"href":"https:\/\/snudifo37.fr\/index.php\/wp-json\/wp\/v2\/categories?post=4963"},{"taxonomy":"post_tag","embeddable":true,"href":"https:\/\/snudifo37.fr\/index.php\/wp-json\/wp\/v2\/tags?post=4963"}],"curies":[{"name":"wp","href":"https:\/\/api.w.org\/{rel}","templated":true}]}}