{"id":4958,"date":"2022-05-05T15:51:18","date_gmt":"2022-05-05T13:51:18","guid":{"rendered":"https:\/\/snudifo37.fr\/?p=4958"},"modified":"2022-05-05T15:54:11","modified_gmt":"2022-05-05T13:54:11","slug":"recensement-pour-les-transports-scolaires-regionaux-demande-aux-directeurs-decole-le-snudi-fo-saisit-lia-dasen","status":"publish","type":"post","link":"https:\/\/snudifo37.fr\/index.php\/2022\/05\/05\/recensement-pour-les-transports-scolaires-regionaux-demande-aux-directeurs-decole-le-snudi-fo-saisit-lia-dasen\/","title":{"rendered":"Recensement pour les transports scolaires r\u00e9gionaux demand\u00e9 aux directeurs d&rsquo;\u00e9cole : le SNUDI-FO saisit l&rsquo;IA-DASEN :"},"content":{"rendered":"\n<p><em>Monsieur l&rsquo;Inspecteur d&rsquo;Acad\u00e9mie,<\/em><\/p>\n\n\n\n<p><em>Les directeurs d&rsquo;\u00e9cole ont re\u00e7u ce jour un courriel de la r\u00e9gion les sollicitant concernant les transports, courriel que Mme la Rectrice et vous-m\u00eame avez d\u00e9cid\u00e9 de faire envoyer via vos services.<\/em><\/p>\n\n\n\n<p><em>Nous constatons que la r\u00e9gion sollicite l&rsquo;Education Nationale pour un travail qu&rsquo;elle pourrait tout \u00e0 fait r\u00e9aliser car :<\/em><\/p>\n\n\n\n<p><em>&#8211; les horaires d&rsquo;accueil des \u00e9l\u00e8ves : ils sont recens\u00e9s dans un document officiel annex\u00e9 au RI type des \u00e9coles et valid\u00e9 par le CDEN.<\/em><\/p>\n\n\n\n<p><em>&#8211; en cas d&rsquo;urgence ce sont les services de mairies qui sont d&rsquo;astreinte.<\/em><\/p>\n\n\n\n<p><em>&#8211; les horaires des garderies rel\u00e8vent des mairies.&nbsp;<\/em><\/p>\n\n\n\n<p><em>Nous vous demandons l&rsquo;annulation de cette demande et qu&rsquo;aucune pression ne soit exerc\u00e9e sur les directeurs d&rsquo;\u00e9cole d\u00e9j\u00e0 fortement surcharg\u00e9s de t\u00e2ches.<\/em><\/p>\n\n\n\n<p><em>Je vous prie de croire, Monsieur l&rsquo;Inspecteur d&rsquo;Acad\u00e9mie, en notre parfaite consid\u00e9ration.<\/em><\/p>\n\n\n\n<p><em>J\u00e9r\u00f4me Th\u00e9baut, secr\u00e9taire d\u00e9partemental&nbsp;<\/em><\/p>\n\n\n\n<p><\/p>\n<a class=\"synved-social-button synved-social-button-share synved-social-size-32 synved-social-resolution-single synved-social-provider-facebook nolightbox\" data-provider=\"facebook\" target=\"_blank\" rel=\"nofollow\" title=\"Faites le savoir \u00e0 vos amis via Facebook \" href=\"https:\/\/www.facebook.com\/sharer.php?u=https%3A%2F%2Fsnudifo37.fr%2Findex.php%2Fwp-json%2Fwp%2Fv2%2Fposts%2F4958&#038;t=Recensement%20pour%20les%20transports%20scolaires%20r%C3%A9gionaux%20demand%C3%A9%20aux%20directeurs%20d%E2%80%99%C3%A9cole%20%3A%20le%20SNUDI-FO%20saisit%20l%E2%80%99IA-DASEN%20%3A&#038;s=100&#038;p&#091;url&#093;=https%3A%2F%2Fsnudifo37.fr%2Findex.php%2Fwp-json%2Fwp%2Fv2%2Fposts%2F4958&#038;p&#091;images&#093;&#091;0&#093;=https%3A%2F%2Fsnudifo37.fr%2Fwp-content%2Fuploads%2F2022%2F05%2Fbus-g7dfdf2aea_12801.png&#038;p&#091;title&#093;=Recensement%20pour%20les%20transports%20scolaires%20r%C3%A9gionaux%20demand%C3%A9%20aux%20directeurs%20d%E2%80%99%C3%A9cole%20%3A%20le%20SNUDI-FO%20saisit%20l%E2%80%99IA-DASEN%20%3A\" style=\"font-size: 0px;width:32px;height:32px;margin:0;margin-bottom:20px;margin-right:20px\"><img loading=\"lazy\" decoding=\"async\" alt=\"Facebook\" title=\"Faites le savoir \u00e0 vos amis via Facebook \" class=\"synved-share-image synved-social-image synved-social-image-share\" width=\"32\" height=\"32\" style=\"display: inline;width:32px;height:32px;margin: 0;padding: 0;border: none;box-shadow: none\" src=\"https:\/\/snudifo37.fr\/wp-content\/plugins\/social-media-feather\/synved-social\/image\/social\/regular\/64x64\/facebook.png\" \/><\/a><a class=\"synved-social-button synved-social-button-share synved-social-size-32 synved-social-resolution-single synved-social-provider-twitter nolightbox\" data-provider=\"twitter\" target=\"_blank\" rel=\"nofollow\" title=\"Informez-en vos amis via Twitter\" href=\"https:\/\/twitter.com\/intent\/tweet?url=https%3A%2F%2Fsnudifo37.fr%2Findex.php%2Fwp-json%2Fwp%2Fv2%2Fposts%2F4958&#038;text=Le%20Snudi-Fo%20vous%20informe%3A\" style=\"font-size: 0px;width:32px;height:32px;margin:0;margin-bottom:20px;margin-right:20px\"><img loading=\"lazy\" decoding=\"async\" alt=\"twitter\" title=\"Informez-en vos amis via Twitter\" class=\"synved-share-image synved-social-image synved-social-image-share\" width=\"32\" height=\"32\" style=\"display: inline;width:32px;height:32px;margin: 0;padding: 0;border: none;box-shadow: none\" src=\"https:\/\/snudifo37.fr\/wp-content\/plugins\/social-media-feather\/synved-social\/image\/social\/regular\/64x64\/twitter.png\" \/><\/a><a class=\"synved-social-button synved-social-button-share synved-social-size-32 synved-social-resolution-single synved-social-provider-mail nolightbox\" data-provider=\"mail\" rel=\"nofollow\" title=\"Les derni\u00e8res informations du Snudi-Fo 37\" href=\"mailto:?subject=Recensement%20pour%20les%20transports%20scolaires%20r%C3%A9gionaux%20demand%C3%A9%20aux%20directeurs%20d%E2%80%99%C3%A9cole%20%3A%20le%20SNUDI-FO%20saisit%20l%E2%80%99IA-DASEN%20%3A&#038;body=Le%20Snudi-Fo%20vous%20informe%3A:%20https%3A%2F%2Fsnudifo37.fr%2Findex.php%2Fwp-json%2Fwp%2Fv2%2Fposts%2F4958\" style=\"font-size: 0px;width:32px;height:32px;margin:0;margin-bottom:20px\"><img loading=\"lazy\" decoding=\"async\" alt=\"mail\" title=\"Les derni\u00e8res informations du Snudi-Fo 37\" class=\"synved-share-image synved-social-image synved-social-image-share\" width=\"32\" height=\"32\" style=\"display: inline;width:32px;height:32px;margin: 0;padding: 0;border: none;box-shadow: none\" src=\"https:\/\/snudifo37.fr\/wp-content\/plugins\/social-media-feather\/synved-social\/image\/social\/regular\/64x64\/mail.png\" \/><\/a>","protected":false},"excerpt":{"rendered":"<p>La r\u00e9gion sollicite l&rsquo;Education Nationale pour un travail qu&rsquo;elle pourrait r\u00e9aliser concernant les transports.<\/p>\n","protected":false},"author":1,"featured_media":4962,"comment_status":"closed","ping_status":"closed","sticky":false,"template":"","format":"standard","meta":{"footnotes":""},"categories":[1],"tags":[1179],"class_list":["post-4958","post","type-post","status-publish","format-standard","has-post-thumbnail","hentry","category-non-classe","tag-1179"],"_links":{"self":[{"href":"https:\/\/snudifo37.fr\/index.php\/wp-json\/wp\/v2\/posts\/4958","targetHints":{"allow":["GET"]}}],"collection":[{"href":"https:\/\/snudifo37.fr\/index.php\/wp-json\/wp\/v2\/posts"}],"about":[{"href":"https:\/\/snudifo37.fr\/index.php\/wp-json\/wp\/v2\/types\/post"}],"author":[{"embeddable":true,"href":"https:\/\/snudifo37.fr\/index.php\/wp-json\/wp\/v2\/users\/1"}],"replies":[{"embeddable":true,"href":"https:\/\/snudifo37.fr\/index.php\/wp-json\/wp\/v2\/comments?post=4958"}],"version-history":[{"count":1,"href":"https:\/\/snudifo37.fr\/index.php\/wp-json\/wp\/v2\/posts\/4958\/revisions"}],"predecessor-version":[{"id":4960,"href":"https:\/\/snudifo37.fr\/index.php\/wp-json\/wp\/v2\/posts\/4958\/revisions\/4960"}],"wp:featuredmedia":[{"embeddable":true,"href":"https:\/\/snudifo37.fr\/index.php\/wp-json\/wp\/v2\/media\/4962"}],"wp:attachment":[{"href":"https:\/\/snudifo37.fr\/index.php\/wp-json\/wp\/v2\/media?parent=4958"}],"wp:term":[{"taxonomy":"category","embeddable":true,"href":"https:\/\/snudifo37.fr\/index.php\/wp-json\/wp\/v2\/categories?post=4958"},{"taxonomy":"post_tag","embeddable":true,"href":"https:\/\/snudifo37.fr\/index.php\/wp-json\/wp\/v2\/tags?post=4958"}],"curies":[{"name":"wp","href":"https:\/\/api.w.org\/{rel}","templated":true}]}}