{"id":4912,"date":"2022-04-26T10:03:17","date_gmt":"2022-04-26T08:03:17","guid":{"rendered":"https:\/\/snudifo37.fr\/?p=4912"},"modified":"2022-04-26T10:03:18","modified_gmt":"2022-04-26T08:03:18","slug":"issr-une-revalorisation-prevue-par-le-ministere-pour-fo-il-y-a-urgence","status":"publish","type":"post","link":"https:\/\/snudifo37.fr\/index.php\/2022\/04\/26\/issr-une-revalorisation-prevue-par-le-ministere-pour-fo-il-y-a-urgence\/","title":{"rendered":"ISSR : une revalorisation pr\u00e9vue par le minist\u00e8re. Pour FO, il y a urgence !"},"content":{"rendered":"\n<div class=\"wp-block-image\"><figure class=\"aligncenter size-large is-resized\"><img loading=\"lazy\" decoding=\"async\" src=\"https:\/\/snudifo37.fr\/wp-content\/uploads\/2021\/05\/logo.vectoriel-1024x1024-1-1024x1024.jpg\" alt=\"\" class=\"wp-image-3614\" width=\"272\" height=\"272\" srcset=\"https:\/\/snudifo37.fr\/wp-content\/uploads\/2021\/05\/logo.vectoriel-1024x1024-1.jpg 1024w, https:\/\/snudifo37.fr\/wp-content\/uploads\/2021\/05\/logo.vectoriel-1024x1024-1-300x300.jpg 300w, https:\/\/snudifo37.fr\/wp-content\/uploads\/2021\/05\/logo.vectoriel-1024x1024-1-150x150.jpg 150w, https:\/\/snudifo37.fr\/wp-content\/uploads\/2021\/05\/logo.vectoriel-1024x1024-1-768x768.jpg 768w, https:\/\/snudifo37.fr\/wp-content\/uploads\/2021\/05\/logo.vectoriel-1024x1024-1-125x125.jpg 125w\" sizes=\"auto, (max-width: 272px) 100vw, 272px\" \/><\/figure><\/div>\n\n\n\n<p>La FNEC FP-FO poursuit inlassablement ses interventions en direction du ministre pour la d\u00e9fense des salaires et du pouvoir d\u2019achat.<\/p>\n\n\n\n<p>Lors de l\u2019audience au minist\u00e8re le 18 mars, la FNEC FP-FO a r\u00e9affirm\u00e9 sa revendication d\u2019augmentation du point d\u2019indice de 22,68 %.<\/p>\n\n\n\n<p>Elle a \u00e9galement r\u00e9affirm\u00e9 son exigence d\u2019une augmentation imm\u00e9diate et significative de l\u2019indemnit\u00e9 de suj\u00e9tion sp\u00e9ciale de remplacement (ISSR) par la revalorisation du taux journalier moyen de l\u2019ISSR, qui n\u2019a pas \u00e9t\u00e9 augment\u00e9 depuis de nombreuses ann\u00e9es.<\/p>\n\n\n\n<p>Dans le cadre du suivi de cette audience, la FNEC FP-FO a de nouveau contact\u00e9 le directeur des ressources humaines du minist\u00e8re qui a indiqu\u00e9 que notre revendication d\u2019augmentation de l\u2019ISSR pourrait trouver une issue favorable et que le minist\u00e8re communiquerait sur ce sujet au comit\u00e9 technique minist\u00e9riel en mai ou juin.<\/p>\n\n\n\n<h3 class=\"wp-block-heading\">La FNEC FP-FO se f\u00e9licite de cette annonce et sera attentive au montant qui pourrait \u00eatre propos\u00e9.<\/h3>\n\n\n\n<p>En effet, l\u2019augmentation des prix du carburant est importante avec des montants qui ont d\u00e9pass\u00e9 2 \u20ac par litre en moyenne. Si l\u2019on compare ces prix \u00e0 ceux de mars 2020, soit deux ans en arri\u00e8re, le gazole est pass\u00e9 de 1,24\u20ac \u00e0 2,14\u20ac soit une augmentation de 72% ; le sans plomb 95 est pass\u00e9 de 1,29\u20ac \u00e0 2,02\u20ac soit une augmentation de 56% !<\/p>\n\n\n\n<p>La ministre de la Fonction publique a \u00e9t\u00e9 contrainte de revaloriser les frais de d\u00e9placement de 10 % suite aux revendications de la f\u00e9d\u00e9ration g\u00e9n\u00e9rale des fonctionnaires FO.<\/p>\n\n\n\n<p>Le montant de cette revalorisation constitue donc le strict minimum pour la FNEC FP-FO qui revendique une augmentation de l\u2019ISSR \u00e0 hauteur de l\u2019augmentation des prix des carburants.<\/p>\n\n\n\n<h3 class=\"wp-block-heading\">La FNEC FP-FO invite tous les personnels \u00e0 poursuivre la campagne de signature de la p\u00e9tition dont elle a pris l\u2019initiative pour soutenir cette demande !<\/h3>\n\n\n\n<p class=\"has-text-align-right\"><em>Montreuil le 19 avril 2022<\/em><\/p>\n\n\n\n<div class=\"wp-block-file\"><a id=\"wp-block-file--media-5e83a91c-00c3-4618-8a69-8684aaf3e380\" href=\"https:\/\/snudifo37.fr\/wp-content\/uploads\/2022\/04\/22-04-19-Communique-FNEC-ISSR1.pdf\">22-04-19-Communique-FNEC-ISSR1<\/a><a href=\"https:\/\/snudifo37.fr\/wp-content\/uploads\/2022\/04\/22-04-19-Communique-FNEC-ISSR1.pdf\" class=\"wp-block-file__button\" download aria-describedby=\"wp-block-file--media-5e83a91c-00c3-4618-8a69-8684aaf3e380\">T\u00e9l\u00e9charger<\/a><\/div>\n<a class=\"synved-social-button synved-social-button-share synved-social-size-32 synved-social-resolution-single synved-social-provider-facebook nolightbox\" data-provider=\"facebook\" target=\"_blank\" rel=\"nofollow\" title=\"Faites le savoir \u00e0 vos amis via Facebook \" href=\"https:\/\/www.facebook.com\/sharer.php?u=https%3A%2F%2Fsnudifo37.fr%2Findex.php%2Fwp-json%2Fwp%2Fv2%2Fposts%2F4912&#038;t=ISSR%20%3A%20une%20revalorisation%20pr%C3%A9vue%20par%20le%20minist%C3%A8re.%20Pour%20FO%2C%20il%20y%20a%20urgence%20%21&#038;s=100&#038;p&#091;url&#093;=https%3A%2F%2Fsnudifo37.fr%2Findex.php%2Fwp-json%2Fwp%2Fv2%2Fposts%2F4912&#038;p&#091;images&#093;&#091;0&#093;=https%3A%2F%2Fsnudifo37.fr%2Fwp-content%2Fuploads%2F2022%2F04%2Fenvol_des_prix_jpg__1833937MINI.jpg&#038;p&#091;title&#093;=ISSR%20%3A%20une%20revalorisation%20pr%C3%A9vue%20par%20le%20minist%C3%A8re.%20Pour%20FO%2C%20il%20y%20a%20urgence%20%21\" style=\"font-size: 0px;width:32px;height:32px;margin:0;margin-bottom:20px;margin-right:20px\"><img loading=\"lazy\" decoding=\"async\" alt=\"Facebook\" title=\"Faites le savoir \u00e0 vos amis via Facebook \" class=\"synved-share-image synved-social-image synved-social-image-share\" width=\"32\" height=\"32\" style=\"display: inline;width:32px;height:32px;margin: 0;padding: 0;border: none;box-shadow: none\" src=\"https:\/\/snudifo37.fr\/wp-content\/plugins\/social-media-feather\/synved-social\/image\/social\/regular\/64x64\/facebook.png\" \/><\/a><a class=\"synved-social-button synved-social-button-share synved-social-size-32 synved-social-resolution-single synved-social-provider-twitter nolightbox\" data-provider=\"twitter\" target=\"_blank\" rel=\"nofollow\" title=\"Informez-en vos amis via Twitter\" href=\"https:\/\/twitter.com\/intent\/tweet?url=https%3A%2F%2Fsnudifo37.fr%2Findex.php%2Fwp-json%2Fwp%2Fv2%2Fposts%2F4912&#038;text=Le%20Snudi-Fo%20vous%20informe%3A\" style=\"font-size: 0px;width:32px;height:32px;margin:0;margin-bottom:20px;margin-right:20px\"><img loading=\"lazy\" decoding=\"async\" alt=\"twitter\" title=\"Informez-en vos amis via Twitter\" class=\"synved-share-image synved-social-image synved-social-image-share\" width=\"32\" height=\"32\" style=\"display: inline;width:32px;height:32px;margin: 0;padding: 0;border: none;box-shadow: none\" src=\"https:\/\/snudifo37.fr\/wp-content\/plugins\/social-media-feather\/synved-social\/image\/social\/regular\/64x64\/twitter.png\" \/><\/a><a class=\"synved-social-button synved-social-button-share synved-social-size-32 synved-social-resolution-single synved-social-provider-mail nolightbox\" data-provider=\"mail\" rel=\"nofollow\" title=\"Les derni\u00e8res informations du Snudi-Fo 37\" href=\"mailto:?subject=ISSR%20%3A%20une%20revalorisation%20pr%C3%A9vue%20par%20le%20minist%C3%A8re.%20Pour%20FO%2C%20il%20y%20a%20urgence%20%21&#038;body=Le%20Snudi-Fo%20vous%20informe%3A:%20https%3A%2F%2Fsnudifo37.fr%2Findex.php%2Fwp-json%2Fwp%2Fv2%2Fposts%2F4912\" style=\"font-size: 0px;width:32px;height:32px;margin:0;margin-bottom:20px\"><img loading=\"lazy\" decoding=\"async\" alt=\"mail\" title=\"Les derni\u00e8res informations du Snudi-Fo 37\" class=\"synved-share-image synved-social-image synved-social-image-share\" width=\"32\" height=\"32\" style=\"display: inline;width:32px;height:32px;margin: 0;padding: 0;border: none;box-shadow: none\" src=\"https:\/\/snudifo37.fr\/wp-content\/plugins\/social-media-feather\/synved-social\/image\/social\/regular\/64x64\/mail.png\" \/><\/a>","protected":false},"excerpt":{"rendered":"<p>La FNEC FP-FO poursuit inlassablement ses interventions en direction du ministre pour la d\u00e9fense des salaires et du pouvoir d\u2019achat.<\/p>\n","protected":false},"author":1,"featured_media":4914,"comment_status":"closed","ping_status":"closed","sticky":false,"template":"","format":"standard","meta":{"footnotes":""},"categories":[7],"tags":[1179,34,171,332,99],"class_list":["post-4912","post","type-post","status-publish","format-standard","has-post-thumbnail","hentry","category-syndicat","tag-1179","tag-blanquer","tag-issr","tag-revalorisation","tag-salaires"],"_links":{"self":[{"href":"https:\/\/snudifo37.fr\/index.php\/wp-json\/wp\/v2\/posts\/4912","targetHints":{"allow":["GET"]}}],"collection":[{"href":"https:\/\/snudifo37.fr\/index.php\/wp-json\/wp\/v2\/posts"}],"about":[{"href":"https:\/\/snudifo37.fr\/index.php\/wp-json\/wp\/v2\/types\/post"}],"author":[{"embeddable":true,"href":"https:\/\/snudifo37.fr\/index.php\/wp-json\/wp\/v2\/users\/1"}],"replies":[{"embeddable":true,"href":"https:\/\/snudifo37.fr\/index.php\/wp-json\/wp\/v2\/comments?post=4912"}],"version-history":[{"count":2,"href":"https:\/\/snudifo37.fr\/index.php\/wp-json\/wp\/v2\/posts\/4912\/revisions"}],"predecessor-version":[{"id":4927,"href":"https:\/\/snudifo37.fr\/index.php\/wp-json\/wp\/v2\/posts\/4912\/revisions\/4927"}],"wp:featuredmedia":[{"embeddable":true,"href":"https:\/\/snudifo37.fr\/index.php\/wp-json\/wp\/v2\/media\/4914"}],"wp:attachment":[{"href":"https:\/\/snudifo37.fr\/index.php\/wp-json\/wp\/v2\/media?parent=4912"}],"wp:term":[{"taxonomy":"category","embeddable":true,"href":"https:\/\/snudifo37.fr\/index.php\/wp-json\/wp\/v2\/categories?post=4912"},{"taxonomy":"post_tag","embeddable":true,"href":"https:\/\/snudifo37.fr\/index.php\/wp-json\/wp\/v2\/tags?post=4912"}],"curies":[{"name":"wp","href":"https:\/\/api.w.org\/{rel}","templated":true}]}}