{"id":4867,"date":"2022-04-14T09:58:59","date_gmt":"2022-04-14T07:58:59","guid":{"rendered":"https:\/\/snudifo37.fr\/?p=4867"},"modified":"2022-04-14T09:59:00","modified_gmt":"2022-04-14T07:59:00","slug":"apres-le-1er-tour-des-elections-presidentielles","status":"publish","type":"post","link":"https:\/\/snudifo37.fr\/index.php\/2022\/04\/14\/apres-le-1er-tour-des-elections-presidentielles\/","title":{"rendered":"Apr\u00e8s le 1er tour des \u00e9lections pr\u00e9sidentielles"},"content":{"rendered":"\n<div class=\"wp-block-image\"><figure class=\"aligncenter size-large is-resized\"><img loading=\"lazy\" decoding=\"async\" src=\"https:\/\/snudifo37.fr\/wp-content\/uploads\/2021\/05\/logo.vectoriel-1024x1024-1-1024x1024.jpg\" alt=\"\" class=\"wp-image-3614\" width=\"264\" height=\"264\" srcset=\"https:\/\/snudifo37.fr\/wp-content\/uploads\/2021\/05\/logo.vectoriel-1024x1024-1.jpg 1024w, https:\/\/snudifo37.fr\/wp-content\/uploads\/2021\/05\/logo.vectoriel-1024x1024-1-300x300.jpg 300w, https:\/\/snudifo37.fr\/wp-content\/uploads\/2021\/05\/logo.vectoriel-1024x1024-1-150x150.jpg 150w, https:\/\/snudifo37.fr\/wp-content\/uploads\/2021\/05\/logo.vectoriel-1024x1024-1-768x768.jpg 768w, https:\/\/snudifo37.fr\/wp-content\/uploads\/2021\/05\/logo.vectoriel-1024x1024-1-125x125.jpg 125w\" sizes=\"auto, (max-width: 264px) 100vw, 264px\" \/><\/figure><\/div>\n\n\n\n<p>Attach\u00e9e \u00e0 l\u2019ind\u00e9pendance syndicale, la FNEC FP-FO, avec sa Conf\u00e9d\u00e9ration, ne donnera aucune consigne de vote \u00e0 l\u2019occasion du 2<sup>\u00e8me<\/sup> tour des \u00e9lections pr\u00e9sidentielles, comme au 1<sup>er<\/sup> tour.<\/p>\n\n\n\n<p>Alors que le Pr\u00e9sident-candidat Macron en appelle \u00e0 un \u00ab grand mouvement d\u2019unit\u00e9 nationale \u00bb, la FNEC FP-FO rappelle qu\u2019elle ne s\u2019engagera dans aucune politique d\u2019accompagnement ou \u00ab d\u2019union sacr\u00e9e \u00bb avec le prochain gouvernement, quel qu\u2019il soit, et sous aucun pr\u00e9texte. Elle n\u2019acceptera pas la destruction de l&rsquo;Ecole publique, de nos conqu\u00eates sociales, en particulier de nos retraites et de nos statuts.<\/p>\n\n\n\n<p>La FNEC FP-FO r\u00e9affirme son attachement \u00e0 la R\u00e9publique, une et indivisible, garante de l\u2019\u00e9galit\u00e9 de droits, \u00e0 l\u2019universalisme r\u00e9publicain, \u00e0 la la\u00efcit\u00e9, \u00e0 la s\u00e9paration des Eglises et de l\u2019Etat, et son refus de vivre sous un r\u00e9gime d\u2019\u00e9tat d\u2019urgence liberticide et permanent.<\/p>\n\n\n\n<p>Dans la continuit\u00e9 des puissantes mobilisations de ces derni\u00e8res ann\u00e9es (gr\u00e8ve contre le projet de r\u00e9forme des retraites, manifestations en d\u00e9fense des h\u00f4pitaux, contre les lois liberticides, gr\u00e8ve du 13 janvier\u2026), l\u2019heure est \u00e0 la r\u00e9sistance, \u00e0 l\u2019action revendicative et \u00e0 la reconqu\u00eate des droits.<\/p>\n\n\n\n<ul class=\"wp-block-list\"><li><strong>Pas touche \u00e0 nos retraites, maintien de tous les r\u00e9gimes et du Code des pensions civiles et militaires !<\/strong><\/li><li><strong>Augmentation de la valeur du point d\u2019indice (d\u2019au moins 22%) pour rattraper la perte<\/strong> <strong>de pouvoir d\u2019achat et faire face \u00e0 l\u2019explosion des prix !<\/strong><\/li><li><strong>Non \u00e0 la destruction-privatisation de l\u2019enseignement public et de l\u2019Universit\u00e9 !<\/strong><\/li><li><strong>Abandon de l\u2019exp\u00e9rimentation Macron, \u00e0 Marseille comme ailleurs !<\/strong><\/li><li><strong>Des milliards pour cr\u00e9er des postes statutaires, pas pour la guerre ! Annulation de toutes les suppressions de postes et de classes \u00e0 la prochaine rentr\u00e9e !<\/strong><\/li><li><strong>Un vrai statut, un vrai salaire pour les contractuels, AED, AESH ! Abandon des PIAL !<\/strong><\/li><li><strong>R\u00e9tablissement du Baccalaur\u00e9at, comme dipl\u00f4me national et premier grade universitaire !<\/strong><\/li><\/ul>\n\n\n\n<p class=\"has-text-align-right\"><em>Montreuil, le 12 avril 2022<\/em><\/p>\n\n\n\n<div class=\"wp-block-file\"><a id=\"wp-block-file--media-3d604782-0b38-4391-880a-008ef489ba65\" href=\"https:\/\/snudifo37.fr\/wp-content\/uploads\/2022\/04\/22-04-12-apres-le-1er-tour-des-presidentielles.pdf\">22-04-12-apres-le-1er-tour-des-presidentielles<\/a><a href=\"https:\/\/snudifo37.fr\/wp-content\/uploads\/2022\/04\/22-04-12-apres-le-1er-tour-des-presidentielles.pdf\" class=\"wp-block-file__button\" download aria-describedby=\"wp-block-file--media-3d604782-0b38-4391-880a-008ef489ba65\">T\u00e9l\u00e9charger<\/a><\/div>\n<a class=\"synved-social-button synved-social-button-share synved-social-size-32 synved-social-resolution-single synved-social-provider-facebook nolightbox\" data-provider=\"facebook\" target=\"_blank\" rel=\"nofollow\" title=\"Faites le savoir \u00e0 vos amis via Facebook \" href=\"https:\/\/www.facebook.com\/sharer.php?u=https%3A%2F%2Fsnudifo37.fr%2Findex.php%2Fwp-json%2Fwp%2Fv2%2Fposts%2F4867&#038;t=Apr%C3%A8s%20le%201er%20tour%20des%20%C3%A9lections%20pr%C3%A9sidentielles&#038;s=100&#038;p&#091;url&#093;=https%3A%2F%2Fsnudifo37.fr%2Findex.php%2Fwp-json%2Fwp%2Fv2%2Fposts%2F4867&#038;p&#091;images&#093;&#091;0&#093;=https%3A%2F%2Fsnudifo37.fr%2Fwp-content%2Fuploads%2F2021%2F01%2Flogo.vectoriel.jpg&#038;p&#091;title&#093;=Apr%C3%A8s%20le%201er%20tour%20des%20%C3%A9lections%20pr%C3%A9sidentielles\" style=\"font-size: 0px;width:32px;height:32px;margin:0;margin-bottom:20px;margin-right:20px\"><img loading=\"lazy\" decoding=\"async\" alt=\"Facebook\" title=\"Faites le savoir \u00e0 vos amis via Facebook \" class=\"synved-share-image synved-social-image synved-social-image-share\" width=\"32\" height=\"32\" style=\"display: inline;width:32px;height:32px;margin: 0;padding: 0;border: none;box-shadow: none\" src=\"https:\/\/snudifo37.fr\/wp-content\/plugins\/social-media-feather\/synved-social\/image\/social\/regular\/64x64\/facebook.png\" \/><\/a><a class=\"synved-social-button synved-social-button-share synved-social-size-32 synved-social-resolution-single synved-social-provider-twitter nolightbox\" data-provider=\"twitter\" target=\"_blank\" rel=\"nofollow\" title=\"Informez-en vos amis via Twitter\" href=\"https:\/\/twitter.com\/intent\/tweet?url=https%3A%2F%2Fsnudifo37.fr%2Findex.php%2Fwp-json%2Fwp%2Fv2%2Fposts%2F4867&#038;text=Le%20Snudi-Fo%20vous%20informe%3A\" style=\"font-size: 0px;width:32px;height:32px;margin:0;margin-bottom:20px;margin-right:20px\"><img loading=\"lazy\" decoding=\"async\" alt=\"twitter\" title=\"Informez-en vos amis via Twitter\" class=\"synved-share-image synved-social-image synved-social-image-share\" width=\"32\" height=\"32\" style=\"display: inline;width:32px;height:32px;margin: 0;padding: 0;border: none;box-shadow: none\" src=\"https:\/\/snudifo37.fr\/wp-content\/plugins\/social-media-feather\/synved-social\/image\/social\/regular\/64x64\/twitter.png\" \/><\/a><a class=\"synved-social-button synved-social-button-share synved-social-size-32 synved-social-resolution-single synved-social-provider-mail nolightbox\" data-provider=\"mail\" rel=\"nofollow\" title=\"Les derni\u00e8res informations du Snudi-Fo 37\" href=\"mailto:?subject=Apr%C3%A8s%20le%201er%20tour%20des%20%C3%A9lections%20pr%C3%A9sidentielles&#038;body=Le%20Snudi-Fo%20vous%20informe%3A:%20https%3A%2F%2Fsnudifo37.fr%2Findex.php%2Fwp-json%2Fwp%2Fv2%2Fposts%2F4867\" style=\"font-size: 0px;width:32px;height:32px;margin:0;margin-bottom:20px\"><img loading=\"lazy\" decoding=\"async\" alt=\"mail\" title=\"Les derni\u00e8res informations du Snudi-Fo 37\" class=\"synved-share-image synved-social-image synved-social-image-share\" width=\"32\" height=\"32\" style=\"display: inline;width:32px;height:32px;margin: 0;padding: 0;border: none;box-shadow: none\" src=\"https:\/\/snudifo37.fr\/wp-content\/plugins\/social-media-feather\/synved-social\/image\/social\/regular\/64x64\/mail.png\" \/><\/a>","protected":false},"excerpt":{"rendered":"<p>Attach\u00e9e \u00e0 l\u2019ind\u00e9pendance syndicale, la FNEC FP-FO, avec sa Conf\u00e9d\u00e9ration, ne donnera aucune consigne de vote \u00e0 l\u2019occasion du 2\u00e8me tour des \u00e9lections pr\u00e9sidentielles, comme au 1er tour.<\/p>\n","protected":false},"author":1,"featured_media":3129,"comment_status":"closed","ping_status":"closed","sticky":false,"template":"","format":"standard","meta":{"footnotes":""},"categories":[7],"tags":[1179,997,1275],"class_list":["post-4867","post","type-post","status-publish","format-standard","has-post-thumbnail","hentry","category-syndicat","tag-1179","tag-fnec-fp-fo-3","tag-presidentielles"],"_links":{"self":[{"href":"https:\/\/snudifo37.fr\/index.php\/wp-json\/wp\/v2\/posts\/4867","targetHints":{"allow":["GET"]}}],"collection":[{"href":"https:\/\/snudifo37.fr\/index.php\/wp-json\/wp\/v2\/posts"}],"about":[{"href":"https:\/\/snudifo37.fr\/index.php\/wp-json\/wp\/v2\/types\/post"}],"author":[{"embeddable":true,"href":"https:\/\/snudifo37.fr\/index.php\/wp-json\/wp\/v2\/users\/1"}],"replies":[{"embeddable":true,"href":"https:\/\/snudifo37.fr\/index.php\/wp-json\/wp\/v2\/comments?post=4867"}],"version-history":[{"count":2,"href":"https:\/\/snudifo37.fr\/index.php\/wp-json\/wp\/v2\/posts\/4867\/revisions"}],"predecessor-version":[{"id":4873,"href":"https:\/\/snudifo37.fr\/index.php\/wp-json\/wp\/v2\/posts\/4867\/revisions\/4873"}],"wp:featuredmedia":[{"embeddable":true,"href":"https:\/\/snudifo37.fr\/index.php\/wp-json\/wp\/v2\/media\/3129"}],"wp:attachment":[{"href":"https:\/\/snudifo37.fr\/index.php\/wp-json\/wp\/v2\/media?parent=4867"}],"wp:term":[{"taxonomy":"category","embeddable":true,"href":"https:\/\/snudifo37.fr\/index.php\/wp-json\/wp\/v2\/categories?post=4867"},{"taxonomy":"post_tag","embeddable":true,"href":"https:\/\/snudifo37.fr\/index.php\/wp-json\/wp\/v2\/tags?post=4867"}],"curies":[{"name":"wp","href":"https:\/\/api.w.org\/{rel}","templated":true}]}}