{"id":4798,"date":"2022-04-07T10:19:01","date_gmt":"2022-04-07T08:19:01","guid":{"rendered":"https:\/\/snudifo37.fr\/?p=4798"},"modified":"2022-04-07T11:02:48","modified_gmt":"2022-04-07T09:02:48","slug":"force-ouvriere-ne-signera-pas-laccord-de-methode-prevoyance","status":"publish","type":"post","link":"https:\/\/snudifo37.fr\/index.php\/2022\/04\/07\/force-ouvriere-ne-signera-pas-laccord-de-methode-prevoyance\/","title":{"rendered":"FORCE OUVRIERE NE SIGNERA PAS L\u2019ACCORD DE METHODE \u00ab PREVOYANCE \u00bb"},"content":{"rendered":"\n<div class=\"wp-block-image\"><figure class=\"aligncenter size-full\"><img loading=\"lazy\" decoding=\"async\" width=\"400\" height=\"250\" src=\"https:\/\/snudifo37.fr\/wp-content\/uploads\/2021\/08\/feat-FGF-FO-fo93fr.jpg\" alt=\"\" class=\"wp-image-3824\" srcset=\"https:\/\/snudifo37.fr\/wp-content\/uploads\/2021\/08\/feat-FGF-FO-fo93fr.jpg 400w, https:\/\/snudifo37.fr\/wp-content\/uploads\/2021\/08\/feat-FGF-FO-fo93fr-300x188.jpg 300w\" sizes=\"auto, (max-width: 400px) 100vw, 400px\" \/><\/figure><\/div>\n\n\n\n<p>Force Ouvri\u00e8re a fortement contribu\u00e9 aux n\u00e9gociations sur la protection sociale compl\u00e9mentaire des agents publics en mati\u00e8re de sant\u00e9 qui ont abouti \u00e0 un accord majoritaire.<\/p>\n\n\n\n<p>Concernant la pr\u00e9voyance, la FGF-FO ne peut que regretter la volont\u00e9 du gouvernement de proposer \u00e0 la signature un accord de m\u00e9thode flou et incomplet qui suscite plus d&rsquo;inqui\u00e9tude et d&rsquo;interrogations pour l&rsquo;avenir que s\u00e9curiser de futures n\u00e9gociations.<\/p>\n\n\n\n<p>C&rsquo;est pourquoi la FGF-FO, r\u00e9unie ce jour en bureau f\u00e9d\u00e9ral, ne signera pas cet accord.<\/p>\n\n\n\n<p>En parall\u00e8le, la FGF-FO, premi\u00e8re organisation syndicale de la fonction publique de l&rsquo;Etat, constate que la ministre peut s&rsquo;engager sur la future pr\u00e9voyance applicable seulement en 2024 mais refuse d&rsquo;ouvrir des n\u00e9gociations salariales pour augmenter imm\u00e9diatement les salaires.<\/p>\n\n\n\n<p>A six jours du premier tour des \u00e9lections pr\u00e9sidentielles, FO ne se fera pas instrumentaliser par une signature pouvant \u00eatre interpr\u00e9t\u00e9e.<\/p>\n\n\n\n<p>Fid\u00e8le \u00e0 nos valeurs d&rsquo;ind\u00e9pendance, nous ne donnerons aucune consigne de vote, ni directement, ni indirectement.<\/p>\n\n\n\n<p>En revanche, nous participerons activement aux prochaines n\u00e9gociations sur la pr\u00e9voyance et continuons d&rsquo;exiger une revalorisation forte et imm\u00e9diate du point d&rsquo;indice.<\/p>\n\n\n\n<p class=\"has-text-align-right\"><em>Fait \u00e0 Paris, le 4 avril 2022<\/em><\/p>\n\n\n\n<div class=\"wp-block-file\"><a id=\"wp-block-file--media-59be1a15-7c4d-4c08-be5a-d1c6b53bf959\" href=\"https:\/\/snudifo37.fr\/wp-content\/uploads\/2022\/04\/2022-04-04-CP-FGF-FO-PSC-NON-SIGNATURE-DE-L-ACCORD-PREVOYANCE.pdf\">2022-04-04-CP-FGF-FO-PSC-NON-SIGNATURE-DE-L-ACCORD-PREVOYANCE<\/a><a href=\"https:\/\/snudifo37.fr\/wp-content\/uploads\/2022\/04\/2022-04-04-CP-FGF-FO-PSC-NON-SIGNATURE-DE-L-ACCORD-PREVOYANCE.pdf\" class=\"wp-block-file__button\" download aria-describedby=\"wp-block-file--media-59be1a15-7c4d-4c08-be5a-d1c6b53bf959\">T\u00e9l\u00e9charger<\/a><\/div>\n<a class=\"synved-social-button synved-social-button-share synved-social-size-32 synved-social-resolution-single synved-social-provider-facebook nolightbox\" data-provider=\"facebook\" target=\"_blank\" rel=\"nofollow\" title=\"Faites le savoir \u00e0 vos amis via Facebook \" href=\"https:\/\/www.facebook.com\/sharer.php?u=https%3A%2F%2Fsnudifo37.fr%2Findex.php%2Fwp-json%2Fwp%2Fv2%2Fposts%2F4798&#038;t=FORCE%20OUVRIERE%20NE%20SIGNERA%20PAS%20L%E2%80%99ACCORD%20DE%20METHODE%20%C2%AB%20PREVOYANCE%20%C2%BB&#038;s=100&#038;p&#091;url&#093;=https%3A%2F%2Fsnudifo37.fr%2Findex.php%2Fwp-json%2Fwp%2Fv2%2Fposts%2F4798&#038;p&#091;images&#093;&#091;0&#093;=https%3A%2F%2Fsnudifo37.fr%2Fwp-content%2Fuploads%2F2021%2F08%2Ffeat-FGF-FO-fo93fr.jpg&#038;p&#091;title&#093;=FORCE%20OUVRIERE%20NE%20SIGNERA%20PAS%20L%E2%80%99ACCORD%20DE%20METHODE%20%C2%AB%20PREVOYANCE%20%C2%BB\" style=\"font-size: 0px;width:32px;height:32px;margin:0;margin-bottom:20px;margin-right:20px\"><img loading=\"lazy\" decoding=\"async\" alt=\"Facebook\" title=\"Faites le savoir \u00e0 vos amis via Facebook \" class=\"synved-share-image synved-social-image synved-social-image-share\" width=\"32\" height=\"32\" style=\"display: inline;width:32px;height:32px;margin: 0;padding: 0;border: none;box-shadow: none\" src=\"https:\/\/snudifo37.fr\/wp-content\/plugins\/social-media-feather\/synved-social\/image\/social\/regular\/64x64\/facebook.png\" \/><\/a><a class=\"synved-social-button synved-social-button-share synved-social-size-32 synved-social-resolution-single synved-social-provider-twitter nolightbox\" data-provider=\"twitter\" target=\"_blank\" rel=\"nofollow\" title=\"Informez-en vos amis via Twitter\" href=\"https:\/\/twitter.com\/intent\/tweet?url=https%3A%2F%2Fsnudifo37.fr%2Findex.php%2Fwp-json%2Fwp%2Fv2%2Fposts%2F4798&#038;text=Le%20Snudi-Fo%20vous%20informe%3A\" style=\"font-size: 0px;width:32px;height:32px;margin:0;margin-bottom:20px;margin-right:20px\"><img loading=\"lazy\" decoding=\"async\" alt=\"twitter\" title=\"Informez-en vos amis via Twitter\" class=\"synved-share-image synved-social-image synved-social-image-share\" width=\"32\" height=\"32\" style=\"display: inline;width:32px;height:32px;margin: 0;padding: 0;border: none;box-shadow: none\" src=\"https:\/\/snudifo37.fr\/wp-content\/plugins\/social-media-feather\/synved-social\/image\/social\/regular\/64x64\/twitter.png\" \/><\/a><a class=\"synved-social-button synved-social-button-share synved-social-size-32 synved-social-resolution-single synved-social-provider-mail nolightbox\" data-provider=\"mail\" rel=\"nofollow\" title=\"Les derni\u00e8res informations du Snudi-Fo 37\" href=\"mailto:?subject=FORCE%20OUVRIERE%20NE%20SIGNERA%20PAS%20L%E2%80%99ACCORD%20DE%20METHODE%20%C2%AB%20PREVOYANCE%20%C2%BB&#038;body=Le%20Snudi-Fo%20vous%20informe%3A:%20https%3A%2F%2Fsnudifo37.fr%2Findex.php%2Fwp-json%2Fwp%2Fv2%2Fposts%2F4798\" style=\"font-size: 0px;width:32px;height:32px;margin:0;margin-bottom:20px\"><img loading=\"lazy\" decoding=\"async\" alt=\"mail\" title=\"Les derni\u00e8res informations du Snudi-Fo 37\" class=\"synved-share-image synved-social-image synved-social-image-share\" width=\"32\" height=\"32\" style=\"display: inline;width:32px;height:32px;margin: 0;padding: 0;border: none;box-shadow: none\" src=\"https:\/\/snudifo37.fr\/wp-content\/plugins\/social-media-feather\/synved-social\/image\/social\/regular\/64x64\/mail.png\" \/><\/a>","protected":false},"excerpt":{"rendered":"<p>Force Ouvri\u00e8re a fortement contribu\u00e9 aux n\u00e9gociations sur la protection sociale compl\u00e9mentaire des agents publics en mati\u00e8re de sant\u00e9 qui ont abouti \u00e0 un accord majoritaire.<\/p>\n","protected":false},"author":1,"featured_media":3824,"comment_status":"closed","ping_status":"closed","sticky":false,"template":"","format":"standard","meta":{"footnotes":""},"categories":[7],"tags":[1179,1269,242,1270,1271,1161],"class_list":["post-4798","post","type-post","status-publish","format-standard","has-post-thumbnail","hentry","category-syndicat","tag-1179","tag-accord","tag-fgf-fo","tag-methode","tag-prevoyance","tag-protection-sociale-complementaire"],"_links":{"self":[{"href":"https:\/\/snudifo37.fr\/index.php\/wp-json\/wp\/v2\/posts\/4798","targetHints":{"allow":["GET"]}}],"collection":[{"href":"https:\/\/snudifo37.fr\/index.php\/wp-json\/wp\/v2\/posts"}],"about":[{"href":"https:\/\/snudifo37.fr\/index.php\/wp-json\/wp\/v2\/types\/post"}],"author":[{"embeddable":true,"href":"https:\/\/snudifo37.fr\/index.php\/wp-json\/wp\/v2\/users\/1"}],"replies":[{"embeddable":true,"href":"https:\/\/snudifo37.fr\/index.php\/wp-json\/wp\/v2\/comments?post=4798"}],"version-history":[{"count":2,"href":"https:\/\/snudifo37.fr\/index.php\/wp-json\/wp\/v2\/posts\/4798\/revisions"}],"predecessor-version":[{"id":4810,"href":"https:\/\/snudifo37.fr\/index.php\/wp-json\/wp\/v2\/posts\/4798\/revisions\/4810"}],"wp:featuredmedia":[{"embeddable":true,"href":"https:\/\/snudifo37.fr\/index.php\/wp-json\/wp\/v2\/media\/3824"}],"wp:attachment":[{"href":"https:\/\/snudifo37.fr\/index.php\/wp-json\/wp\/v2\/media?parent=4798"}],"wp:term":[{"taxonomy":"category","embeddable":true,"href":"https:\/\/snudifo37.fr\/index.php\/wp-json\/wp\/v2\/categories?post=4798"},{"taxonomy":"post_tag","embeddable":true,"href":"https:\/\/snudifo37.fr\/index.php\/wp-json\/wp\/v2\/tags?post=4798"}],"curies":[{"name":"wp","href":"https:\/\/api.w.org\/{rel}","templated":true}]}}