{"id":4787,"date":"2023-06-19T15:33:00","date_gmt":"2023-06-19T13:33:00","guid":{"rendered":"https:\/\/snudifo37.fr\/?p=4787"},"modified":"2023-07-04T14:52:16","modified_gmt":"2023-07-04T12:52:16","slug":"calendrier-du-mouvement","status":"publish","type":"post","link":"https:\/\/snudifo37.fr\/index.php\/2023\/06\/19\/calendrier-du-mouvement\/","title":{"rendered":"Mouvement 2023 : Le SNUDI-FO \u00e0 vos c\u00f4t\u00e9s! [MAJ Dates]"},"content":{"rendered":"\n<p>Saisissez &#8211; nous pour vos recours \u00e0 <a href=\"mailto:snudi.fo@gmail.com\">snudi.fo@gmail.com<\/a><\/p>\n\n\n\n<p><\/p>\n\n\n\n<figure class=\"wp-block-image size-full\"><img loading=\"lazy\" decoding=\"async\" width=\"1016\" height=\"772\" src=\"https:\/\/snudifo37.fr\/wp-content\/uploads\/2023\/04\/Sans-titre.jpg\" alt=\"\" class=\"wp-image-6257\" srcset=\"https:\/\/snudifo37.fr\/wp-content\/uploads\/2023\/04\/Sans-titre.jpg 1016w, https:\/\/snudifo37.fr\/wp-content\/uploads\/2023\/04\/Sans-titre-300x228.jpg 300w, https:\/\/snudifo37.fr\/wp-content\/uploads\/2023\/04\/Sans-titre-768x584.jpg 768w\" sizes=\"auto, (max-width: 1016px) 100vw, 1016px\" \/><\/figure>\n\n\n\n<p><strong>Calendrier :&nbsp;<\/strong><\/p>\n\n\n\n<p>&#8211; Les TD TRS recevront une liste de postes recompos\u00e9s sur lesquels formuler des voeux le vendredi 23 juin.<br>&#8211; Les BD seront inform\u00e9s de leur positionnement \u00e0 compter du 22 juin<br>&#8211; Les ineats\/exeats retenus seront inform\u00e9s \u00e0 compter du 23 juin<br>&#8211; Les enseignants participant \u00e0 la phase d&rsquo;ajustement seront inform\u00e9s de leur affectation le 5 juillet au plus tard.<br>&#8211; Les enseignants non affect\u00e9s en juillet recevront au plus tard le 5 juillet un mail les informant qu&rsquo;ils seront affect\u00e9s fin ao\u00fbt<br>&#8211; les PES laur\u00e9ats de concours seront inform\u00e9s de leur affectation au plus tard le 5 juillet.&nbsp;&nbsp;<\/p>\n\n\n\n<h3 class=\"has-text-align-center has-vivid-red-color has-text-color wp-block-heading\">Circulaire 2023:<\/h3>\n\n\n\n<p><a href=\"https:\/\/snudifo37.fr\/wp-content\/uploads\/2023\/04\/note-technique-mouvement-2023-pdf-24374-2.pdf\">Circulaire 2023<\/a><\/p>\n\n\n\n<p><a href=\"https:\/\/snudifo37.fr\/wp-content\/uploads\/2023\/04\/Annexe-1-Priorites-de-reaffectation-suite-a-une-mesure-de-carte-scolaire.pdf\" target=\"_blank\" rel=\"noreferrer noopener\">Annexe 1 : Priorit\u00e9s de r\u00e9affectation suite \u00e0 une mesure de carte scolaire<\/a><a rel=\"noreferrer noopener\" href=\"http:\/\/Annexe 1 Priorit\u00e9s de r\u00e9affectation suite \u00e0 une mesure de carte scolaire\" target=\"_blank\">.<\/a><\/p>\n\n\n\n<p><a href=\"https:\/\/snudifo37.fr\/wp-content\/uploads\/2023\/04\/Annexe-2-Demande-de-priorite-suite-a-une-reintegration.pdf\">Annexe 2 : Demande de priorit\u00e9 suite \u00e0 une r\u00e9int\u00e9gration.<\/a><\/p>\n\n\n\n<p><a href=\"https:\/\/snudifo37.fr\/wp-content\/uploads\/2023\/04\/Annexe-3-Demande-de-majoration-pour-handicap.pdf\" target=\"_blank\" rel=\"noreferrer noopener\">Annexe 3 : Demande de majoration pour handicap.<\/a><\/p>\n\n\n\n<p><a href=\"https:\/\/snudifo37.fr\/wp-content\/uploads\/2023\/04\/Annexe-4-Demande-de-majoration-pour-RC-APC.pdf\" target=\"_blank\" rel=\"noreferrer noopener\">Annexe 4 : Demande de majoration pour RC \/ APC<\/a><\/p>\n\n\n\n<p><a href=\"https:\/\/snudifo37.fr\/wp-content\/uploads\/2023\/04\/Annexe-5-demande-dattention-particuliere-pour-situation-medicale-ou-sociale.pdf\" target=\"_blank\" rel=\"noreferrer noopener\">Annexe 5 : Demande d&rsquo;attention particuli\u00e8re pour raison m\u00e9dicale ou sociale.<\/a><\/p>\n\n\n\n<p><a href=\"https:\/\/snudifo37.fr\/wp-content\/uploads\/2023\/04\/Annexe-6-Postes-ouvrant-droit-a-majoration-pour-zone-rurale.pdf\" target=\"_blank\" rel=\"noreferrer noopener\">Annexe 6 : Postes ouvrant droit \u00e0 une majoration pour zone rurale.<\/a><\/p>\n\n\n\n<p><a rel=\"noreferrer noopener\" href=\"https:\/\/snudifo37.fr\/wp-content\/uploads\/2023\/04\/Annexe-7-Liste-des-ULIS-rattachees-aux-colleges.pdf\" target=\"_blank\">Annexe 7 :  Liste des ULIS rattach\u00e9es aux coll<\/a><a href=\"https:\/\/snudifo37.fr\/wp-content\/uploads\/2023\/04\/Annexe-7-Liste-des-ULIS-rattachees-aux-colleges.pdf\" target=\"_blank\" rel=\"noreferrer noopener\">\u00e8<\/a><a rel=\"noreferrer noopener\" href=\"https:\/\/snudifo37.fr\/wp-content\/uploads\/2023\/04\/Annexe-7-Liste-des-ULIS-rattachees-aux-colleges.pdf\" target=\"_blank\">ges<\/a><\/p>\n\n\n\n<p><a href=\"https:\/\/snudifo37.fr\/wp-content\/uploads\/2023\/04\/Annexe-8-Liste-des-postes-ASH-vacants-1er-et-2nd-degres.pdf\" target=\"_blank\" rel=\"noreferrer noopener\">Annexe 8 : Liste des postes ASH des 1er et 2nd degr\u00e9 vacants.<\/a><\/p>\n\n\n\n<p><a href=\"https:\/\/snudifo37.fr\/wp-content\/uploads\/2023\/04\/Annexe-9A-Postes-en-unite-denseignement-dans-les-etablissements-du-secteur-sanitaire-hospitalier.pdf\" target=\"_blank\" rel=\"noreferrer noopener\">Annexe 9A : Postes en unit\u00e9 d&rsquo;enseignement dans les \u00e9tablissements du secteur sanitaire hospitalier.<\/a><\/p>\n\n\n\n<p><a href=\"https:\/\/snudifo37.fr\/wp-content\/uploads\/2023\/04\/Annexe-9B-Postes-en-unite-denseignement-dans-les-etablissements-ou-services-medicosociaux.pdf\" target=\"_blank\" rel=\"noreferrer noopener\">Annexe 9B : Postes en unit\u00e9 d&rsquo;enseignement dans les \u00e9tablissements ou services m\u00e9dicosociaux.<\/a><\/p>\n\n\n\n<p><a href=\"https:\/\/snudifo37.fr\/wp-content\/uploads\/2023\/04\/Annexe-10-Secteurs-dintervention-des-ERSEH.pdf\" target=\"_blank\" rel=\"noreferrer noopener\">Annexe 10 : Secteurs ERSEH<\/a><\/p>\n\n\n\n<p><a href=\"https:\/\/snudifo37.fr\/wp-content\/uploads\/2023\/04\/Annexe-11-Liste-des-postes-de-TD-TRS-a-titre-definitif.pdf\" target=\"_blank\" rel=\"noreferrer noopener\">Annexe 11 : Liste des postes de titulaires d\u00e9partementaux \u00e0 titre d\u00e9finitif.<\/a><\/p>\n\n\n\n<p><a href=\"https:\/\/snudifo37.fr\/wp-content\/uploads\/2023\/04\/Annexe-12-Liste-des-postes-de-TS-a-titre-definitif.pdf\" target=\"_blank\" rel=\"noreferrer noopener\">Annexe 12 : Liste des postes de titulaires de secteur \u00e0 titre d\u00e9finitif.<\/a><\/p>\n\n\n\n<p><a href=\"https:\/\/snudifo37.fr\/wp-content\/uploads\/2023\/04\/Annexe-13-Carte-des-zones-infra-departementales.pdf\" target=\"_blank\" rel=\"noreferrer noopener\">Annexe 13 : Carte des zones infra-d\u00e9partementales.<\/a><\/p>\n\n\n\n<p><a href=\"https:\/\/snudifo37.fr\/wp-content\/uploads\/2023\/04\/Annexe-14-Voeux-Groupes.pdf\" target=\"_blank\" rel=\"noreferrer noopener\">Annexe 14 : V\u0153ux groupes et v\u0153ux groupes \u00e0 mobilit\u00e9 obligatoire.<\/a><\/p>\n\n\n\n<p><a href=\"https:\/\/snudifo37.fr\/wp-content\/uploads\/2023\/04\/Annexe-15-Liste-des-postes-BD-et-ZIL.pdf\" target=\"_blank\" rel=\"noreferrer noopener\">Annexe 15 : liste des postes BD et ZIL.<\/a><\/p>\n\n\n\n<p><a href=\"https:\/\/snudifo37.fr\/wp-content\/uploads\/2023\/04\/Annexe-16-Liste-des-postes-a-exigences-particulieres.pdf\" target=\"_blank\" rel=\"noreferrer noopener\">Annexe 16 : PAEP 2023<\/a><\/p>\n\n\n\n<p><a href=\"https:\/\/snudifo37.fr\/wp-content\/uploads\/2023\/04\/Annexe-17-Liste-des-postes-a-profil.pdf\" target=\"_blank\" rel=\"noreferrer noopener\">Annexe 17 : Liste des postes \u00e0 profil.<\/a><\/p>\n\n\n\n<p><a href=\"https:\/\/snudifo37.fr\/wp-content\/uploads\/2023\/04\/Annexe-I-CLD-CP-modalites-de-conservation-du-poste-et-modalites-de-reintegration.pdf\" target=\"_blank\" rel=\"noreferrer noopener\">Annexe I : CLD CP modalit\u00e9 de conservation du poste et modalit\u00e9 de r\u00e9int\u00e9gration.<\/a><\/p>\n\n\n\n<p><a href=\"https:\/\/snudifo37.fr\/wp-content\/uploads\/2023\/04\/Annexe-II-Positions-entrainant-la-perte-de-poste.pdf\" target=\"_blank\" rel=\"noreferrer noopener\">Annexe II : positions entrainant la perte de poste.<\/a><\/p>\n\n\n\n<p><a href=\"https:\/\/snudifo37.fr\/wp-content\/uploads\/2023\/04\/Annexe-III-Decharges-de-direction.pdf\" target=\"_blank\" rel=\"noreferrer noopener\">Annexe III : D\u00e9charges de direction.<\/a><\/p>\n\n\n\n<p><a href=\"https:\/\/snudifo37.fr\/wp-content\/uploads\/2023\/04\/Annexe-IV-Liste-des-ecoles-primaires.pdf\" target=\"_blank\" rel=\"noreferrer noopener\">Annexe IV : Liste des \u00e9coles primaires.<\/a><\/p>\n\n\n\n<p><a href=\"https:\/\/snudifo37.fr\/wp-content\/uploads\/2023\/04\/ANNEXE-V-Informations-diverses-sur-les-ecoles.pdf\" target=\"_blank\" rel=\"noreferrer noopener\">Annexe V : informations diverses sur les \u00e9coles.<\/a><\/p>\n\n\n\n<p><a rel=\"noreferrer noopener\" href=\"https:\/\/snudifo37.fr\/wp-content\/uploads\/2023\/04\/Annexe-VI-Liste-des-communes-fonctionnant-a-45-jours.pdf\" target=\"_blank\">Annexe VI : liste des communes \u00e0 4,5 jours.<\/a><\/p>\n\n\n\n<p class=\"has-text-align-center has-vivid-red-color has-text-color has-x-large-font-size\"><strong>Toujours plus de d\u00e9r\u00e9glementation dans le cadre de la Loi de Transformation de la Fonction Publique<\/strong> !<\/p>\n\n\n\n<p>L\u2019administration a convoqu\u00e9 une r\u00e9union de pr\u00e9sentation de la circulaire mouvement lundi 27 mars&nbsp;: H\u00e9l\u00e8ne Nizou, No\u00e9mie Le Bastard et Salom\u00e9 Olmedo y si\u00e9geaient pour le SNUDI-FO.<br>Malgr\u00e9 le contexte actuel, l\u2019administration a confirm\u00e9 <strong>l\u2019ouverture du serveur \u00e0 la date du lundi 3 avril 2023.<\/strong><br>Contrairement \u00e0 notre demande et \u00e0 ce que permettent les Lignes directrices de gestion minist\u00e9rielles, la circulaire mouvement ne sera pas pr\u00e9sent\u00e9e pour avis lors du CSA d\u00e9partemental.<\/p>\n\n\n\n<p><strong>\u2013&nbsp;&nbsp;&nbsp;&nbsp;&nbsp;&nbsp; NON au profilage de postes&nbsp;! La liste s\u2019allonge&nbsp;!<\/strong><\/p>\n\n\n\n<p>Nous avons rappel\u00e9 notre ferme opposition aux postes \u00e0 profil (PAP), liste de postes qui s\u2019allonge tous les ans. De plus en plus de postes (ces PAP) sont sortis de la phase informatis\u00e9e du mouvement, ce qui permet \u00e0 l\u2019administration de nommer qui elle veut sans tenir compte de l\u2019anciennet\u00e9 et des qualifications. Il s\u2019agit d\u2019un des axes de la loi de Transformation de la Fonction Publique&nbsp;!<br>A noter que le Ministre, dans ses d\u00e9crets d\u2019application de la Loi Rilhac, pr\u00e9voit de profiler toutes les directions d\u2019\u00e9cole&nbsp;! (Lire notre communiqu\u00e9 ici)<br>Une fois encore, des postes qui \u00e9taient postes \u00e0 exigences particuli\u00e8res (PAEP) l\u2019ann\u00e9e pass\u00e9e, c\u2019est-\u00e0-dire qui n\u00e9cessite une certification ou qualification (CAPPEI\u2026) &nbsp;sont d\u00e9sormais des postes \u00e0 profil. Cette d\u00e9rive laisse la possibilit\u00e9 \u00e0 l\u2019administration pour des postes qui requi\u00e8rent une certification, de recruter des enseignants non certifi\u00e9s \u00e0 la place d\u2019enseignants certifi\u00e9s&nbsp;! Un scandale&nbsp;! Le fait du prince&nbsp;!<\/p>\n\n\n\n<p>\u2013&nbsp;&nbsp;&nbsp;&nbsp;&nbsp;&nbsp; <strong>Pas de blocage de postes \u00e0 temps complet pour les PES&nbsp;!<\/strong><\/p>\n\n\n\n<p>Par ailleurs, l\u2019administration s\u2019est engag\u00e9e \u00e0 ce qu\u2019il n\u2019y ait pas de postes bloqu\u00e9s pour les nouveaux PES 2023\/2024.<\/p>\n\n\n\n<p>\u2013&nbsp;&nbsp;&nbsp;&nbsp;&nbsp;&nbsp; <strong>Le SNUDI-FO a rappel\u00e9 que, NON, l\u2019administration ne peut \u00e9carter tous les coll\u00e8gues \u00e0 temps partiel d\u2019un type de poste (ZIL,&nbsp;BD\u2026)&nbsp;!<\/strong><\/p>\n\n\n\n<p>Dans le projet de note technique, il est \u00e9crit&nbsp;: \u00ab&nbsp;<em>L\u2019exercice \u00e0 temps partiel est difficilement compatible avec les missions d\u2019un TR. Aussi, les BD et ZIL \u00e0 temps partiel devront participer au mouvement manuel des TD TRS \u00e0 titre provisoire.<\/em>&nbsp;\u00bb.&nbsp;<\/p>\n\n\n\n<p><em>Nous sommes intervenus pour demander que ce point soit retir\u00e9. Pour rappel, le SNUDI-FO avait saisi le Minist\u00e8re en 2017 et il nous avait donn\u00e9 raison&nbsp;: on ne peut en effet \u00e9carter tous <strong><u>les coll\u00e8gues \u00e0 temps partiel d\u2019un type de poste<\/u><\/strong>. Le SNUDI-FO se tient \u00e0 votre disposition pour toute aide.<\/em><\/p>\n\n\n\n<p>Depuis le mouvement 2022, il est possible d\u2019ordonner tous les postes \u00ab&nbsp;offerts&nbsp;\u00bb dans un v\u0153u groupe. Cette ann\u00e9e, \u00e0 l\u2019issue de la saisie des v\u0153ux, il sera possible de t\u00e9l\u00e9charger un \u00ab&nbsp;pdf&nbsp;\u00bb avec la liste des v\u0153ux saisis. Figureront \u00e9galement tous les v\u0153ux du v\u0153u groupe.<\/p>\n\n\n\n<p><strong>\u2013&nbsp;&nbsp;&nbsp;&nbsp;&nbsp;&nbsp; Le v\u0153u 1 n\u2019est plus le v\u0153u de r\u00e9f\u00e9rence&nbsp;!<\/strong><\/p>\n\n\n\n<p>Pour les coll\u00e8gues qui passeront \u00e0 la phase d\u2019ajustement, auparavant, l\u2019administration prenait en r\u00e9f\u00e9rence le 1<sup>er<\/sup> v\u0153u formul\u00e9 en phase informatis\u00e9e. D\u00e9sormais, l\u2019administration prendra en compte par ordre croissant tous v\u0153ux les formul\u00e9s.<\/p>\n\n\n\n<p><strong>\u2013&nbsp;&nbsp;&nbsp;&nbsp;&nbsp;&nbsp; Pr\u00e9cisions sur les MUG&nbsp;:<\/strong><\/p>\n\n\n\n<p>Nous avons obtenu la confirmation que le \u00ab&nbsp;MUG enseignant&nbsp;\u00bb comprend les postes d\u2019adjoint maternelle (ECMA) et d\u2019adjoint \u00e9l\u00e9mentaire (ECEL). De la m\u00eame mani\u00e8re, le \u00ab&nbsp;MUG rempla\u00e7ant&nbsp;\u00bb comprend les postes de ZIL et de BD.&nbsp;<\/p>\n\n\n\n<p>\u2013&nbsp;&nbsp;&nbsp;&nbsp;&nbsp;&nbsp; <strong>Demandes de majorations pour les coll\u00e8gues entrant dans le d\u00e9partement&nbsp;:<\/strong><\/p>\n\n\n\n<p>Quand un coll\u00e8gue entre dans le d\u00e9partement, il faut qu\u2019il refasse toutes les demandes de majoration de bar\u00e8me qu\u2019il a pu effectuer dans son ancien d\u00e9partement.<\/p>\n\n\n\n<p>\u2013&nbsp;&nbsp;&nbsp;&nbsp;&nbsp;&nbsp; <strong>Coll\u00e8gues \u00e0 80%&nbsp;: &nbsp;NON aux missions de ZIL sur les jours \u00e0 r\u00e9cup\u00e9rer&nbsp;!<\/strong><\/p>\n\n\n\n<p>Les contractuels alternants sont pr\u00e9vus sur les compl\u00e9ments de service des coll\u00e8gues \u00e0 80%.<br><em>Nous sommes de nouveau intervenus pour les que les coll\u00e8gues \u00e0 80% restent dans leur classe durant les journ\u00e9es dues et ne soient pas missionn\u00e9s sur des missions de remplacement.<\/em><\/p>\n\n\n\n<p>\u2013&nbsp;&nbsp;&nbsp;&nbsp;&nbsp;&nbsp; <strong>Affectations sur postes RASED E&nbsp;:<\/strong><\/p>\n\n\n\n<p>Pour les postes RASED option E, rien n\u2019\u00e9tait \u00e9voqu\u00e9 dans le projet de circulaire. Nous avons demand\u00e9 que des pr\u00e9cisions apparaissent concernant les conditions de nomination et les certifications demand\u00e9es.<\/p>\n\n\n\n<p>\u2013&nbsp;&nbsp;&nbsp;&nbsp;&nbsp;&nbsp; <strong>ZIL et BD&nbsp;rattach\u00e9s \u00e0 une m\u00eame \u00e9cole&nbsp;:<\/strong><\/p>\n\n\n\n<p>Contrairement \u00e0 l\u2019ann\u00e9e derni\u00e8re, les postes de ZIL et de BD rattach\u00e9s \u00e0 la m\u00eame \u00e9cole, auront un code diff\u00e9rent et seront identifi\u00e9s dans l\u2019annexe 15 de la circulaire. &nbsp;<\/p>\n\n\n\n<p>\u2013&nbsp;&nbsp;&nbsp;&nbsp;&nbsp;&nbsp; <strong>Tirage au sort pour d\u00e9partage des PES et autres ex aequo&nbsp;:<\/strong><\/p>\n\n\n\n<p>Pour les PES 2022\/2023, \u00e0 bar\u00e8me \u00e9quivalent, c\u2019est bien le tirage au sort qui sera utilis\u00e9 pour d\u00e9partager les coll\u00e8gues.<br><strong>Cette ann\u00e9e, tous les participants auront un num\u00e9ro al\u00e9atoire sera attribu\u00e9 sur l\u2019accus\u00e9 r\u00e9ception&nbsp;! Bonne chance \u00e0 tous&nbsp;!<\/strong><\/p>\n\n\n\n<p><strong>Bar\u00e8me et r\u00e8gles de priorit\u00e9&nbsp;:<\/strong><\/p>\n\n\n\n<p>\u2013&nbsp;&nbsp;&nbsp;&nbsp;&nbsp;&nbsp; <strong>AF1D \u00e0 la place de l\u2019AGS\u2026. Et l\u2019an prochain, l\u2019\u00e9chelon pour introduire le m\u00e9rite\u2026<\/strong><\/p>\n\n\n\n<p>Concernant le calcul du bar\u00e8me mouvement, c\u2019est l\u2019AF1D (anciennet\u00e9 de fonction en tant que PE) qui est prise en compte et non l\u2019AGS comme nous le r\u00e9clamons depuis l\u2019ann\u00e9e derni\u00e8re.<\/p>\n\n\n\n<p><em>Il s\u2019agit d\u2019une volont\u00e9 minist\u00e9rielle de minimiser au maximum l\u2019anciennet\u00e9. Le Minist\u00e8re pr\u00e9voit m\u00eame que ce soit l\u2019\u00e9chelon qui soit pris en compte l\u2019an prochain et que donc de fait, une part de m\u00e9rite compte dans le mouvement&nbsp;! Les coll\u00e8gues p\u00e9nalis\u00e9s par PPCR et qui peinent \u00e0 acc\u00e9der \u00e0 la hors classe se verraient de nouveau p\u00e9nalis\u00e9s avec un bar\u00e8me moins important que d\u2019autres coll\u00e8gues de m\u00eame anciennet\u00e9&nbsp;!<\/em><\/p>\n\n\n\n<p>\u2013&nbsp;&nbsp;&nbsp;&nbsp;&nbsp;&nbsp; <strong>Demande de majoration zone rurale pour les BD&nbsp;!<\/strong><\/p>\n\n\n\n<p>Nous avons demand\u00e9 \u00e0 ce que les BD puissent b\u00e9n\u00e9ficier eux aussi de la majoration \u00ab&nbsp;zone rurale&nbsp;\u00bb comme les ZIL.<br><em>L\u2019IA-DASEN va arbitrer sur cette demande.<\/em><\/p>\n\n\n\n<p>\u2013&nbsp;&nbsp;&nbsp;&nbsp;&nbsp;&nbsp; <strong>Mesures de carte pour les TRS \u00e0 titre d\u00e9finitif&nbsp;: le SNUDI-FO d\u00e9fend le droit des TRS<\/strong><\/p>\n\n\n\n<p>Depuis le mouvement 2022, les coll\u00e8gues nomm\u00e9s sur des postes de TD-TRS \u00e0 titre d\u00e9finitif, ne peuvent \u00eatre consid\u00e9r\u00e9s en mesure de carte scolaire, que si c\u2019est la partie \u00ab&nbsp;principale&nbsp;\u00bb de leur poste qui est modifi\u00e9e. Or, nous consid\u00e9rons que cela doit \u00eatre \u00e9galement valable pour les parties \u00ab&nbsp;secondaires&nbsp;\u00bb.&nbsp;<\/p>\n\n\n\n<p><strong>Le SNUDI-FO se tient \u00e0 votre disposition pendant toutes les op\u00e9rations du mouvement \u00e0 <a rel=\"noreferrer noopener\" href=\"mailto:snudi.fo37@gmail.com\" target=\"_blank\">snudi.fo37@gmail.com<\/a>&nbsp;!<\/strong><\/p>\n<a class=\"synved-social-button synved-social-button-share synved-social-size-32 synved-social-resolution-single synved-social-provider-facebook nolightbox\" data-provider=\"facebook\" target=\"_blank\" rel=\"nofollow\" title=\"Faites le savoir \u00e0 vos amis via Facebook \" href=\"https:\/\/www.facebook.com\/sharer.php?u=https%3A%2F%2Fsnudifo37.fr%2Findex.php%2Fwp-json%2Fwp%2Fv2%2Fposts%2F4787&#038;t=Mouvement%202023%20%3A%20Le%20SNUDI-FO%20%C3%A0%20vos%20c%C3%B4t%C3%A9s%21%20%5BMAJ%20Dates%5D&#038;s=100&#038;p&#091;url&#093;=https%3A%2F%2Fsnudifo37.fr%2Findex.php%2Fwp-json%2Fwp%2Fv2%2Fposts%2F4787&#038;p&#091;images&#093;&#091;0&#093;=https%3A%2F%2Fsnudifo37.fr%2Fwp-content%2Fuploads%2F2019%2F06%2FIMG_20190613_181829.jpg&#038;p&#091;title&#093;=Mouvement%202023%20%3A%20Le%20SNUDI-FO%20%C3%A0%20vos%20c%C3%B4t%C3%A9s%21%20%5BMAJ%20Dates%5D\" style=\"font-size: 0px;width:32px;height:32px;margin:0;margin-bottom:20px;margin-right:20px\"><img loading=\"lazy\" decoding=\"async\" alt=\"Facebook\" title=\"Faites le savoir \u00e0 vos amis via Facebook \" class=\"synved-share-image synved-social-image synved-social-image-share\" width=\"32\" height=\"32\" style=\"display: inline;width:32px;height:32px;margin: 0;padding: 0;border: none;box-shadow: none\" src=\"https:\/\/snudifo37.fr\/wp-content\/plugins\/social-media-feather\/synved-social\/image\/social\/regular\/64x64\/facebook.png\" \/><\/a><a class=\"synved-social-button synved-social-button-share synved-social-size-32 synved-social-resolution-single synved-social-provider-twitter nolightbox\" data-provider=\"twitter\" target=\"_blank\" rel=\"nofollow\" title=\"Informez-en vos amis via Twitter\" href=\"https:\/\/twitter.com\/intent\/tweet?url=https%3A%2F%2Fsnudifo37.fr%2Findex.php%2Fwp-json%2Fwp%2Fv2%2Fposts%2F4787&#038;text=Le%20Snudi-Fo%20vous%20informe%3A\" style=\"font-size: 0px;width:32px;height:32px;margin:0;margin-bottom:20px;margin-right:20px\"><img loading=\"lazy\" decoding=\"async\" alt=\"twitter\" title=\"Informez-en vos amis via Twitter\" class=\"synved-share-image synved-social-image synved-social-image-share\" width=\"32\" height=\"32\" style=\"display: inline;width:32px;height:32px;margin: 0;padding: 0;border: none;box-shadow: none\" src=\"https:\/\/snudifo37.fr\/wp-content\/plugins\/social-media-feather\/synved-social\/image\/social\/regular\/64x64\/twitter.png\" \/><\/a><a class=\"synved-social-button synved-social-button-share synved-social-size-32 synved-social-resolution-single synved-social-provider-mail nolightbox\" data-provider=\"mail\" rel=\"nofollow\" title=\"Les derni\u00e8res informations du Snudi-Fo 37\" href=\"mailto:?subject=Mouvement%202023%20%3A%20Le%20SNUDI-FO%20%C3%A0%20vos%20c%C3%B4t%C3%A9s%21%20%5BMAJ%20Dates%5D&#038;body=Le%20Snudi-Fo%20vous%20informe%3A:%20https%3A%2F%2Fsnudifo37.fr%2Findex.php%2Fwp-json%2Fwp%2Fv2%2Fposts%2F4787\" style=\"font-size: 0px;width:32px;height:32px;margin:0;margin-bottom:20px\"><img loading=\"lazy\" decoding=\"async\" alt=\"mail\" title=\"Les derni\u00e8res informations du Snudi-Fo 37\" class=\"synved-share-image synved-social-image synved-social-image-share\" width=\"32\" height=\"32\" style=\"display: inline;width:32px;height:32px;margin: 0;padding: 0;border: none;box-shadow: none\" src=\"https:\/\/snudifo37.fr\/wp-content\/plugins\/social-media-feather\/synved-social\/image\/social\/regular\/64x64\/mail.png\" \/><\/a>","protected":false},"excerpt":{"rendered":"<p>Le SNUDI-FO se tient \u00e0 vos c\u00f4t\u00e9s pendant cette p\u00e9riode !<br \/>\nSaisissez nous pour vos recours !<br \/>\nDerni\u00e8re mise \u00e0 jour portant sur les derni\u00e8res dates (ineat-exeats, phase ajustement, PES &#8230;..)<\/p>\n","protected":false},"author":1,"featured_media":496,"comment_status":"closed","ping_status":"closed","sticky":false,"template":"","format":"standard","meta":{"footnotes":""},"categories":[7],"tags":[245,51],"class_list":["post-4787","post","type-post","status-publish","format-standard","has-post-thumbnail","hentry","category-syndicat","tag-calendrier","tag-mouvement"],"_links":{"self":[{"href":"https:\/\/snudifo37.fr\/index.php\/wp-json\/wp\/v2\/posts\/4787","targetHints":{"allow":["GET"]}}],"collection":[{"href":"https:\/\/snudifo37.fr\/index.php\/wp-json\/wp\/v2\/posts"}],"about":[{"href":"https:\/\/snudifo37.fr\/index.php\/wp-json\/wp\/v2\/types\/post"}],"author":[{"embeddable":true,"href":"https:\/\/snudifo37.fr\/index.php\/wp-json\/wp\/v2\/users\/1"}],"replies":[{"embeddable":true,"href":"https:\/\/snudifo37.fr\/index.php\/wp-json\/wp\/v2\/comments?post=4787"}],"version-history":[{"count":23,"href":"https:\/\/snudifo37.fr\/index.php\/wp-json\/wp\/v2\/posts\/4787\/revisions"}],"predecessor-version":[{"id":6455,"href":"https:\/\/snudifo37.fr\/index.php\/wp-json\/wp\/v2\/posts\/4787\/revisions\/6455"}],"wp:featuredmedia":[{"embeddable":true,"href":"https:\/\/snudifo37.fr\/index.php\/wp-json\/wp\/v2\/media\/496"}],"wp:attachment":[{"href":"https:\/\/snudifo37.fr\/index.php\/wp-json\/wp\/v2\/media?parent=4787"}],"wp:term":[{"taxonomy":"category","embeddable":true,"href":"https:\/\/snudifo37.fr\/index.php\/wp-json\/wp\/v2\/categories?post=4787"},{"taxonomy":"post_tag","embeddable":true,"href":"https:\/\/snudifo37.fr\/index.php\/wp-json\/wp\/v2\/tags?post=4787"}],"curies":[{"name":"wp","href":"https:\/\/api.w.org\/{rel}","templated":true}]}}