{"id":4700,"date":"2022-03-24T09:55:39","date_gmt":"2022-03-24T08:55:39","guid":{"rendered":"https:\/\/snudifo37.fr\/?p=4700"},"modified":"2022-03-24T09:56:36","modified_gmt":"2022-03-24T08:56:36","slug":"autonomie-des-ecoles-casse-du-statut-evaluation-management-remuneration-a-la-tete-du-client-retraite-a-65-ans-cest-non","status":"publish","type":"post","link":"https:\/\/snudifo37.fr\/index.php\/2022\/03\/24\/autonomie-des-ecoles-casse-du-statut-evaluation-management-remuneration-a-la-tete-du-client-retraite-a-65-ans-cest-non\/","title":{"rendered":"Autonomie des \u00e9coles, casse du statut, \u00e9valuation-management, r\u00e9mun\u00e9ration \u00e0 la t\u00eate du client, retraite \u00e0 65 ans\u2026 C\u2019EST NON !"},"content":{"rendered":"\n<div class=\"wp-block-image\"><figure class=\"aligncenter size-full\"><img loading=\"lazy\" decoding=\"async\" width=\"190\" height=\"202\" src=\"https:\/\/snudifo37.fr\/wp-content\/uploads\/2020\/03\/cropped-unnamed.jpg\" alt=\"\" class=\"wp-image-2001\"\/><\/figure><\/div>\n\n\n\n<p>Le pr\u00e9sident-candidat Macron a d\u00e9voil\u00e9 son programme concernant les enseignants et l\u2019Ecole publique. Il se place dans la droite ligne des mesures de son ministre Blanquer que les personnels subissent depuis cinq ans et compte m\u00eame les amplifier !<\/p>\n\n\n\n<h3 class=\"wp-block-heading\">Des \u00e9coles-entreprises autonomes contre le statut des personnels et le droit \u00e0 l\u2019instruction le m\u00eame partout<\/h3>\n\n\n\n<p>Rappelons tout d\u2019abord que la loi Rilhac, au moment o\u00f9 le corps des IEN est amen\u00e9 \u00e0 dispara\u00eetre en 2023, accorde d\u00e9sormais aux directeurs une <em>\u00ab d\u00e9l\u00e9gation de comp\u00e9tences de l\u2019autorit\u00e9 acad\u00e9mique \u00bb<\/em>, une <em>\u00ab autorit\u00e9 fonctionnelle \u00bb <\/em>et les contraint d\u2019appliquer les d\u00e9cisions du conseil d\u2019\u00e9cole.<\/p>\n\n\n\n<p>D\u2019autre part, dans le cadre de l\u2019exp\u00e9rimentation lanc\u00e9e \u00e0 Marseille par le pr\u00e9sident lui-m\u00eame, ce sont aujourd\u2019hui 59 \u00e9coles o\u00f9 les directeurs si\u00e8gent au sein d\u2019une commission charg\u00e9e de recruter les adjoints via des postes \u00e0 profil. Cette exp\u00e9rimentation est mise en place en d\u00e9pit d\u2019une farouche r\u00e9sistance des personnels, plus de 100 \u00e9coles ayant contresign\u00e9 un appel \u00e0 refuser l\u2019exp\u00e9rimentation. D\u2019ailleurs, alors que cette exp\u00e9rimentation ne devait \u00e0 l\u2019origine concerner que des \u00e9coles en REP+, 26 \u00e9coles sur les 59 ne rel\u00e8vent finalement pas de ce dispositif !<\/p>\n\n\n\n<p>Cette autonomie des \u00e9coles, cette territorialisation, le pr\u00e9sident-candidat entend la mener \u00e0 son terme. Jugez plut\u00f4t :<\/p>\n\n\n\n<p><em>\u00ab\u00a0Je veux que les directeurs aient la possibilit\u00e9 de r\u00e9cuser des profils et participent \u00e0 la d\u00e9cision\u00a0\u00bb<\/em><\/p>\n\n\n\n<p><em>\u00ab\u00a0Au niveau national on d\u00e9finit un cahier des charges, des objectifs et des leviers. Et on renvoie au local. La r\u00e9forme ne sera pas la m\u00eame dans les quartiers nord de Marseille, \u00e0 Troyes et dans les Hautes Alpes. On garde des examens nationaux, on a des leviers, des cr\u00e9dits et on donne la libert\u00e9 aux acteurs locaux. Nos \u00e9lus y joueront un r\u00f4le\u00a0\u00bb.<\/em><\/p>\n\n\n\n<p>Le pr\u00e9sident-candidat, dans la droite ligne des projets \u00e9ducatifs de territoire (PEdT) institu\u00e9s par le ministre Peillon, de la loi Rilhac, de l\u2019exp\u00e9rimentation \u00e0 Marseille entend donc mettre en place une mosa\u00efque d\u2019\u00e9coles autonomes o\u00f9 l\u2019ensemble des personnels et notamment le directeur seraient soumis \u00e0 toutes les pressions locales, qu\u2019elles viennent des \u00e9lus, des associations\u2026<\/p>\n\n\n\n<p>Il est clair que la mise en \u0153uvre de ces annonces signifierait la fin du statut des enseignants et de l\u2019Ecole publique la\u00efque et r\u00e9publicaine<\/p>\n\n\n\n<h3 class=\"wp-block-heading\">Une logique d\u2019\u00e9valuation manag\u00e9riale initi\u00e9e par PPCR port\u00e9e \u00e0 son paroxysme<\/h3>\n\n\n\n<p>Et, alors que le ministre Blanquer tente de mettre en place les \u00e9valuations d\u2019\u00e9cole, avec une \u00ab \u00e9valuation externe \u00bb et une auto-\u00e9valuation \u00e0 laquelle pourraient participer outre les enseignants dans un exercice inacceptable d\u2019auto- flagellation, les parents, les \u00e9l\u00e8ves, le maire et le directeur du p\u00e9riscolaire dans le cadre du PEdT, le pr\u00e9sident-candidat entend pousser cette logique bien plus loin.<\/p>\n\n\n\n<p><em>\u00ab On sait bien que dans une \u00e9cole on va avoir un professeur qui va changer les r\u00e9sultats des \u00e9l\u00e8ves et un autre non. On doit se donner les moyens de le mesurer. Cette transparence est bonne. Je veux la g\u00e9n\u00e9raliser. \u00bb<\/em><\/p>\n\n\n\n<h3 class=\"wp-block-heading\">Pas un poste en plus\u2026 mais haro sur les personnels absents !<\/h3>\n\n\n\n<p>Dans les \u00e9coles, Covid19 ou pas, le non-remplacement des enseignants absents est devenu la norme, les postes manquent, une avalanche de fermetures de classes a \u00e9t\u00e9 act\u00e9e lors des CTSD\u2026 autant de mesures qui remettent en cause les conditions de travail des personnels et le droit \u00e0 l\u2019instruction des \u00e9l\u00e8ves.<\/p>\n\n\n\n<p>Lors d\u2019une audience le 18 mars avec un repr\u00e9sentant du ministre, la FNEC FP-FO a d\u2019ailleurs re\u00e7u une fin de non- recevoir \u00e0 sa demande de r\u00e9-abondement des listes compl\u00e9mentaires de mani\u00e8re \u00e0 recruter d\u00e8s maintenant des personnels sous statut.<\/p>\n\n\n\n<p>Dans cette situation, le pr\u00e9sident-candidat se garde bien d\u2019annoncer des cr\u00e9ations de postes \u00e0 tous les niveaux, il s\u2019en prend au pr\u00e9tendu absent\u00e9isme des enseignants\u2026<\/p>\n\n\n\n<h3 class=\"wp-block-heading\">Salaires : travailler plus pour gagner plus !<\/h3>\n\n\n\n<p>Enfin, le fait que le pouvoir d\u2019achat des fonctionnaires, et donc des enseignants, ait chut\u00e9 de 22% depuis 2000, et que le point d\u2019indice soit bloqu\u00e9 quasiment sans interruption depuis 2010 ne semble pas \u00e9mouvoir le pr\u00e9sident-candidat.<\/p>\n\n\n\n<p>Il annonce en effet qu\u2019 \u00ab <em>une augmentation g\u00e9n\u00e9rale, c\u2019est selon moi, une mauvaise option <\/em>\u00bb. Son credo : <em>\u00ab On va payer mieux ceux qui sont pr\u00eats \u00e0 faire plus d&rsquo;efforts \u00bb.<\/em><\/p>\n\n\n\n<p><em>\u00ab J&rsquo;assume plusieurs syst\u00e8mes de r\u00e9mun\u00e9ration car ils (les enseignants) ne font pas tous la m\u00eame chose. Vous avez des enseignants qui pendant le Covid se sont occup\u00e9s de leurs \u00e9l\u00e8ves et des enseignants qui ont disparu \u00bb<\/em>. Ignoble !<\/p>\n\n\n\n<p>Qui a disparu pendant le Covid en refusant des recrutements suppl\u00e9mentaires en urgence ? Qui a disparu pendant le Covid en n\u2019accordant pas les mesures de protection n\u00e9cessaires aux personnels ? Qui a disparu pendant le Covid en restant aveugle \u00e0 la pagaille engendr\u00e9e par les protocoles inapplicables ?<\/p>\n\n\n\n<p>Il rajoute : <em>\u00ab On propose un pacte aux enseignants : on vous demande de nouvelles missions qu&rsquo;on est pr\u00eats \u00e0 mieux payer comme le remplacement des profs absents, \u00e7a doit \u00eatre une obligation, le suivi individualis\u00e9 des \u00e9l\u00e8ves, l&rsquo;accom- pagnement sur le temps p\u00e9riscolaire. \u00bb <\/em>et les enseignants d\u2019\u00eatre invit\u00e9s \u00e0 s\u2019engager dans les associations g\u00e9rant le p\u00e9- riscolaire pour obtenir une r\u00e9mun\u00e9ration suppl\u00e9mentaire\u2026<\/p>\n\n\n\n<h3 class=\"wp-block-heading\">Retraite : 65 ans !<\/h3>\n\n\n\n<p>Quant \u00e0 l\u2019annonce de la retraire \u00e0 65 ans, pour les enseignants comme pour les autres salari\u00e9s, elle est bel est bien confirm\u00e9e. Inacceptable d\u2019autant plus qu\u2019avec la r\u00e9forme de la masterisation et la r\u00e9forme Blanquer des concours, les enseignants sont titularis\u00e9s de plus en plus tard\u2026<\/p>\n\n\n\n<p><strong>Avec sa f\u00e9d\u00e9ration, le SNUDI-FO r\u00e9affirme toutes ses revendications qu\u2019elle fera valoir sans rel\u00e2che avant, pendant et apr\u00e8s les \u00e9lections :<\/strong><\/p>\n\n\n\n<ul class=\"wp-block-list\"><li><strong>Abandon de la loi Rilhac et de l\u2019exp\u00e9rimentation marseillaise ! Stop \u00e0 la territorialisation de l\u2019Ecole ! <\/strong><\/li><li><strong>Arr\u00eat des \u00e9valuations d\u2019\u00e9cole et de la logique manag\u00e9riale de PPCR et du Grenelle !<\/strong><\/li><li><strong>Arr\u00eat des fermetures de classes ! Ouvertures de toutes les classes et de tous les postes n\u00e9cessaires ! Recrute- ment imm\u00e9diat de personnels sous statut !<\/strong><\/li><li><strong>Augmentation de la valeur du point d\u2019indice de 22% ! <\/strong><\/li><li><strong>Augmentation imm\u00e9diate indiciaire de 183\u20ac nets men- suels pour tous les personnels !<\/strong><\/li><li><strong>Aucun nouveau recul de l\u2019\u00e2ge de d\u00e9part \u00e0 la retraite ! Abrogation de toutes les lois s\u2019\u00e9tant attaqu\u00e9es \u00e0 nos retraites (Fillon-Chirac 2003, Woerth-Sarkozy 2010, Ayrault-Hollande 2013\u2026) !<\/strong><\/li><\/ul>\n\n\n\n<p class=\"has-text-align-right\"><em>Montreuil, le 23 mars 2022<\/em><\/p>\n\n\n\n<div class=\"wp-block-file\"><a id=\"wp-block-file--media-6da24fc9-2818-4f1d-9b4f-7c6e3e439062\" href=\"https:\/\/snudifo37.fr\/wp-content\/uploads\/2022\/03\/220322-Communique-SNUDI-FO-annonces-Macron.pdf\">220322-Communique-SNUDI-FO-annonces-Macron<\/a><a href=\"https:\/\/snudifo37.fr\/wp-content\/uploads\/2022\/03\/220322-Communique-SNUDI-FO-annonces-Macron.pdf\" class=\"wp-block-file__button\" download aria-describedby=\"wp-block-file--media-6da24fc9-2818-4f1d-9b4f-7c6e3e439062\">T\u00e9l\u00e9charger<\/a><\/div>\n<a class=\"synved-social-button synved-social-button-share synved-social-size-32 synved-social-resolution-single synved-social-provider-facebook nolightbox\" data-provider=\"facebook\" target=\"_blank\" rel=\"nofollow\" title=\"Faites le savoir \u00e0 vos amis via Facebook \" href=\"https:\/\/www.facebook.com\/sharer.php?u=https%3A%2F%2Fsnudifo37.fr%2Findex.php%2Fwp-json%2Fwp%2Fv2%2Fposts%2F4700&#038;t=Autonomie%20des%20%C3%A9coles%2C%20casse%20du%20statut%2C%20%C3%A9valuation-management%2C%20r%C3%A9mun%C3%A9ration%20%C3%A0%20la%20t%C3%AAte%20du%20client%2C%20retraite%20%C3%A0%2065%20ans%E2%80%A6%20C%E2%80%99EST%20NON%20%21&#038;s=100&#038;p&#091;url&#093;=https%3A%2F%2Fsnudifo37.fr%2Findex.php%2Fwp-json%2Fwp%2Fv2%2Fposts%2F4700&#038;p&#091;images&#093;&#091;0&#093;=https%3A%2F%2Fsnudifo37.fr%2Fwp-content%2Fuploads%2F2022%2F03%2FSymboliquePetit.jpg&#038;p&#091;title&#093;=Autonomie%20des%20%C3%A9coles%2C%20casse%20du%20statut%2C%20%C3%A9valuation-management%2C%20r%C3%A9mun%C3%A9ration%20%C3%A0%20la%20t%C3%AAte%20du%20client%2C%20retraite%20%C3%A0%2065%20ans%E2%80%A6%20C%E2%80%99EST%20NON%20%21\" style=\"font-size: 0px;width:32px;height:32px;margin:0;margin-bottom:20px;margin-right:20px\"><img loading=\"lazy\" decoding=\"async\" alt=\"Facebook\" title=\"Faites le savoir \u00e0 vos amis via Facebook \" class=\"synved-share-image synved-social-image synved-social-image-share\" width=\"32\" height=\"32\" style=\"display: inline;width:32px;height:32px;margin: 0;padding: 0;border: none;box-shadow: none\" src=\"https:\/\/snudifo37.fr\/wp-content\/plugins\/social-media-feather\/synved-social\/image\/social\/regular\/64x64\/facebook.png\" \/><\/a><a class=\"synved-social-button synved-social-button-share synved-social-size-32 synved-social-resolution-single synved-social-provider-twitter nolightbox\" data-provider=\"twitter\" target=\"_blank\" rel=\"nofollow\" title=\"Informez-en vos amis via Twitter\" href=\"https:\/\/twitter.com\/intent\/tweet?url=https%3A%2F%2Fsnudifo37.fr%2Findex.php%2Fwp-json%2Fwp%2Fv2%2Fposts%2F4700&#038;text=Le%20Snudi-Fo%20vous%20informe%3A\" style=\"font-size: 0px;width:32px;height:32px;margin:0;margin-bottom:20px;margin-right:20px\"><img loading=\"lazy\" decoding=\"async\" alt=\"twitter\" title=\"Informez-en vos amis via Twitter\" class=\"synved-share-image synved-social-image synved-social-image-share\" width=\"32\" height=\"32\" style=\"display: inline;width:32px;height:32px;margin: 0;padding: 0;border: none;box-shadow: none\" src=\"https:\/\/snudifo37.fr\/wp-content\/plugins\/social-media-feather\/synved-social\/image\/social\/regular\/64x64\/twitter.png\" \/><\/a><a class=\"synved-social-button synved-social-button-share synved-social-size-32 synved-social-resolution-single synved-social-provider-mail nolightbox\" data-provider=\"mail\" rel=\"nofollow\" title=\"Les derni\u00e8res informations du Snudi-Fo 37\" href=\"mailto:?subject=Autonomie%20des%20%C3%A9coles%2C%20casse%20du%20statut%2C%20%C3%A9valuation-management%2C%20r%C3%A9mun%C3%A9ration%20%C3%A0%20la%20t%C3%AAte%20du%20client%2C%20retraite%20%C3%A0%2065%20ans%E2%80%A6%20C%E2%80%99EST%20NON%20%21&#038;body=Le%20Snudi-Fo%20vous%20informe%3A:%20https%3A%2F%2Fsnudifo37.fr%2Findex.php%2Fwp-json%2Fwp%2Fv2%2Fposts%2F4700\" style=\"font-size: 0px;width:32px;height:32px;margin:0;margin-bottom:20px\"><img loading=\"lazy\" decoding=\"async\" alt=\"mail\" title=\"Les derni\u00e8res informations du Snudi-Fo 37\" class=\"synved-share-image synved-social-image synved-social-image-share\" width=\"32\" height=\"32\" style=\"display: inline;width:32px;height:32px;margin: 0;padding: 0;border: none;box-shadow: none\" src=\"https:\/\/snudifo37.fr\/wp-content\/plugins\/social-media-feather\/synved-social\/image\/social\/regular\/64x64\/mail.png\" \/><\/a>","protected":false},"excerpt":{"rendered":"<p>e pr\u00e9sident-candidat Macron a d\u00e9voil\u00e9 son programme concernant les enseignants et l\u2019Ecole publique. Il se place dans la droite ligne des mesures de son ministre Blanquer que les personnels subissent depuis cinq ans et compte m\u00eame les amplifier !<\/p>\n","protected":false},"author":1,"featured_media":4702,"comment_status":"closed","ping_status":"closed","sticky":false,"template":"","format":"standard","meta":{"footnotes":""},"categories":[1],"tags":[1179,1256,34,1122,722,169,859,77,468,178],"class_list":["post-4700","post","type-post","status-publish","format-standard","has-post-thumbnail","hentry","category-non-classe","tag-1179","tag-autonomie-des-ecoles","tag-blanquer","tag-casse-du-statut","tag-evaluation","tag-macron","tag-management","tag-retraite","tag-renumeration","tag-statut"],"_links":{"self":[{"href":"https:\/\/snudifo37.fr\/index.php\/wp-json\/wp\/v2\/posts\/4700","targetHints":{"allow":["GET"]}}],"collection":[{"href":"https:\/\/snudifo37.fr\/index.php\/wp-json\/wp\/v2\/posts"}],"about":[{"href":"https:\/\/snudifo37.fr\/index.php\/wp-json\/wp\/v2\/types\/post"}],"author":[{"embeddable":true,"href":"https:\/\/snudifo37.fr\/index.php\/wp-json\/wp\/v2\/users\/1"}],"replies":[{"embeddable":true,"href":"https:\/\/snudifo37.fr\/index.php\/wp-json\/wp\/v2\/comments?post=4700"}],"version-history":[{"count":3,"href":"https:\/\/snudifo37.fr\/index.php\/wp-json\/wp\/v2\/posts\/4700\/revisions"}],"predecessor-version":[{"id":4706,"href":"https:\/\/snudifo37.fr\/index.php\/wp-json\/wp\/v2\/posts\/4700\/revisions\/4706"}],"wp:featuredmedia":[{"embeddable":true,"href":"https:\/\/snudifo37.fr\/index.php\/wp-json\/wp\/v2\/media\/4702"}],"wp:attachment":[{"href":"https:\/\/snudifo37.fr\/index.php\/wp-json\/wp\/v2\/media?parent=4700"}],"wp:term":[{"taxonomy":"category","embeddable":true,"href":"https:\/\/snudifo37.fr\/index.php\/wp-json\/wp\/v2\/categories?post=4700"},{"taxonomy":"post_tag","embeddable":true,"href":"https:\/\/snudifo37.fr\/index.php\/wp-json\/wp\/v2\/tags?post=4700"}],"curies":[{"name":"wp","href":"https:\/\/api.w.org\/{rel}","templated":true}]}}