{"id":4658,"date":"2022-03-17T11:57:01","date_gmt":"2022-03-17T10:57:01","guid":{"rendered":"https:\/\/snudifo37.fr\/?p=4658"},"modified":"2022-03-17T11:57:02","modified_gmt":"2022-03-17T10:57:02","slug":"manque-de-remplacants-et-ca-continue-encore-et-encore","status":"publish","type":"post","link":"https:\/\/snudifo37.fr\/index.php\/2022\/03\/17\/manque-de-remplacants-et-ca-continue-encore-et-encore\/","title":{"rendered":"Manque de rempla\u00e7ants : et \u00e7a continue encore et encore&#8230;"},"content":{"rendered":"\n<div class=\"wp-block-image\"><figure class=\"aligncenter size-full\"><img loading=\"lazy\" decoding=\"async\" width=\"178\" height=\"190\" src=\"https:\/\/snudifo37.fr\/wp-content\/uploads\/2020\/03\/SNUDI_FO.jpg\" alt=\"\" class=\"wp-image-2034\"\/><\/figure><\/div>\n\n\n\n<p>Le SNUDI-FO et sa f\u00e9d\u00e9ration, la FNEC FP-FO, se sont adress\u00e9s \u00e0 de multiples reprises au ministre M. Blanquer pour lui signaler le manque de rempla\u00e7ants dans les classes.<\/p>\n\n\n\n<h2 class=\"has-text-align-center wp-block-heading\">La situation du remplacement ne s\u2019am\u00e9liore pas\u2026<\/h2>\n\n\n\n<p>Le ministre nous r\u00e9pondait que la situation \u00e9tait due \u00e0 la progression de l\u2019\u00e9pid\u00e9mie de Covid19, \u00e0 la multiplication d\u2019enseignants test\u00e9s positifs mais aujourd\u2019hui, alors qu\u2019\u00e0 l\u2019\u00e9vidence le virus circule moins qu\u2019au mois de janvier, cette probl\u00e9matique est loin d\u2019\u00eatre r\u00e9gl\u00e9e\u2026 Elle empire m\u00eame ! Dans certains d\u00e9partements ce sont toujours des centaines d\u2019enseignants absents qui ne sont pas remplac\u00e9s chaque jour.<\/p>\n\n\n\n<p>Le manque de personnels, le manque de rempla\u00e7ants, n\u2019est donc pas un probl\u00e8me ponctuel cons\u00e9quence d\u2019une situation particuli\u00e8re (l\u2019\u00e9pid\u00e9mie de Covid19) ; c\u2019est un probl\u00e8me structurel qui s\u2019aggrave d\u2019ann\u00e9e en ann\u00e9e, Covid19 ou pas.<\/p>\n\n\n\n<p>Cette situation p\u00e9nalise les \u00e9l\u00e8ves dont le droit \u00e0 l\u2019instruction est remis en cause tout comme elle aggrave les conditions de travail des enseignants pr\u00e9sents, dont les classes sont bien souvent surcharg\u00e9es avec l\u2019accueil d\u2019\u00e9l\u00e8ves scolaris\u00e9s dans d\u2019autres classes.<\/p>\n\n\n\n<h2 class=\"has-text-align-center wp-block-heading\">Sous pression, des IA-DASEN remettent en cause les droits des personnels\u2026<\/h2>\n\n\n\n<p>Pire dans certains d\u00e9partements, ce manque de rempla\u00e7ants conduit les IA-DASEN \u00e0 prendre des mesures remettant en cause les droits des personnels.<\/p>\n\n\n\n<p>Ainsi par exemple dans l\u2019Eure, l\u2019IA-DASEN n\u2019accordera plus les autorisations d\u2019absences au mois de mars, pour les motifs suivants : rendez-vous m\u00e9dicaux, gardes d\u2019enfants au-del\u00e0 du premier jour, mariages, les d\u00e9c\u00e8s autres qu\u2019ascendants ou descendants et toutes les absences pour motif syndical ! Les organisations syndicales SNUDI-FO, SNUipp-FSU et SE-UNSA de ce d\u00e9partement ont ainsi d\u00e9pos\u00e9 un pr\u00e9avis de gr\u00e8ve pour le retrait de ces mesures.<\/p>\n\n\n\n<p>Dans d\u2019autres d\u00e9partements, pour pallier le manque de rempla\u00e7ants qui, au vu des dotations minist\u00e9rielles, n\u2019ira qu\u2019en s\u2019amplifiant lors de l\u2019ann\u00e9e 2022-2023, les IA-DASEN remettent en cause le droit au temps partiel de mani\u00e8re \u00e0 gagner des moyens d\u2019enseignement sur le dos des personnels !<\/p>\n\n\n\n<p>Enfin, les formations en constellations, dont le SNUDI-FO exige l\u2019abandon, reprennent dans certains d\u00e9partements\u2026 et des titulaires rempla\u00e7ants affect\u00e9s sur des remplacements longs sont retir\u00e9s de leurs classes pour suppl\u00e9er des coll\u00e8gues \u00ab constell\u00e9s \u00bb comme cela s\u2019est pass\u00e9 dans l\u2019Ain ce 15 mars !<\/p>\n\n\n\n<h2 class=\"has-text-align-center wp-block-heading\">Le ministre doit cr\u00e9er les postes et recruter massivement, d\u00e8s \u00e0 pr\u00e9sent !<\/h2>\n\n\n\n<p>Suite \u00e0 la gr\u00e8ve massive du 13 janvier, le ministre Blanquer et le premier ministre Castex ont certes \u00e9t\u00e9 contraints d\u2019annoncer le recrutement en tant que fonctionnaires de l\u2019ensemble des candidats aux concours inscrits sur les listes compl\u00e9mentaires\u2026 mais le compte n\u2019y est pas loin s\u2019en faut !<\/p>\n\n\n\n<p>D\u2019autant plus que dans cette situation, et alors que les postes et les personnels en UPE2A sont d\u00e9j\u00e0 notoirement insuffisants, l&rsquo;arriv\u00e9e de r\u00e9fugi\u00e9s ukrainiens va poser ce probl\u00e8me de mani\u00e8re plus aigu\u00eb encore. Quels postes d&rsquo;UPE2A le ministre entend-il cr\u00e9er imm\u00e9diatement afin que les \u00e9l\u00e8ves allophones, d&rsquo;o\u00f9 qu&rsquo;ils viennent, puissent \u00eatre scolaris\u00e9s dans les meilleures conditions ?<\/p>\n\n\n\n<p>La revendication port\u00e9e par le SNUDI-FO et la FNEC FP-FO, \u00e0 savoir le recrutement imm\u00e9diat d\u2019enseignants sous statut, notamment par la cr\u00e9ation imm\u00e9diate de postes et le r\u00e9abondement des listes compl\u00e9mentaires est plus que jamais d\u2019actualit\u00e9.<\/p>\n\n\n\n<p>La FNEC FP-FO r\u00e9affirmera cette exigence lors d\u2019une audience au minist\u00e8re vendredi 18 mars.<\/p>\n\n\n\n<p class=\"has-text-align-right\"><em>Montreuil, le 16 mars 2022<\/em><\/p>\n\n\n\n<div class=\"wp-block-file\"><a id=\"wp-block-file--media-b360af52-2ec8-4f5f-b0b5-03301058fb29\" href=\"https:\/\/snudifo37.fr\/wp-content\/uploads\/2022\/03\/220316-Communique-SNUDI-FO-manque-de-remplacants.pdf\">220316-Communique-SNUDI-FO-manque-de-remplacants<\/a><a href=\"https:\/\/snudifo37.fr\/wp-content\/uploads\/2022\/03\/220316-Communique-SNUDI-FO-manque-de-remplacants.pdf\" class=\"wp-block-file__button\" download aria-describedby=\"wp-block-file--media-b360af52-2ec8-4f5f-b0b5-03301058fb29\">T\u00e9l\u00e9charger<\/a><\/div>\n<a class=\"synved-social-button synved-social-button-share synved-social-size-32 synved-social-resolution-single synved-social-provider-facebook nolightbox\" data-provider=\"facebook\" target=\"_blank\" rel=\"nofollow\" title=\"Faites le savoir \u00e0 vos amis via Facebook \" href=\"https:\/\/www.facebook.com\/sharer.php?u=https%3A%2F%2Fsnudifo37.fr%2Findex.php%2Fwp-json%2Fwp%2Fv2%2Fposts%2F4658&#038;t=Manque%20de%20rempla%C3%A7ants%20%3A%20et%20%C3%A7a%20continue%20encore%20et%20encore%E2%80%A6&#038;s=100&#038;p&#091;url&#093;=https%3A%2F%2Fsnudifo37.fr%2Findex.php%2Fwp-json%2Fwp%2Fv2%2Fposts%2F4658&#038;p&#091;images&#093;&#091;0&#093;=https%3A%2F%2Fsnudifo37.fr%2Fwp-content%2Fuploads%2F2020%2F03%2FSNUDI_FO.jpg&#038;p&#091;title&#093;=Manque%20de%20rempla%C3%A7ants%20%3A%20et%20%C3%A7a%20continue%20encore%20et%20encore%E2%80%A6\" style=\"font-size: 0px;width:32px;height:32px;margin:0;margin-bottom:20px;margin-right:20px\"><img loading=\"lazy\" decoding=\"async\" alt=\"Facebook\" title=\"Faites le savoir \u00e0 vos amis via Facebook \" class=\"synved-share-image synved-social-image synved-social-image-share\" width=\"32\" height=\"32\" style=\"display: inline;width:32px;height:32px;margin: 0;padding: 0;border: none;box-shadow: none\" src=\"https:\/\/snudifo37.fr\/wp-content\/plugins\/social-media-feather\/synved-social\/image\/social\/regular\/64x64\/facebook.png\" \/><\/a><a class=\"synved-social-button synved-social-button-share synved-social-size-32 synved-social-resolution-single synved-social-provider-twitter nolightbox\" data-provider=\"twitter\" target=\"_blank\" rel=\"nofollow\" title=\"Informez-en vos amis via Twitter\" href=\"https:\/\/twitter.com\/intent\/tweet?url=https%3A%2F%2Fsnudifo37.fr%2Findex.php%2Fwp-json%2Fwp%2Fv2%2Fposts%2F4658&#038;text=Le%20Snudi-Fo%20vous%20informe%3A\" style=\"font-size: 0px;width:32px;height:32px;margin:0;margin-bottom:20px;margin-right:20px\"><img loading=\"lazy\" decoding=\"async\" alt=\"twitter\" title=\"Informez-en vos amis via Twitter\" class=\"synved-share-image synved-social-image synved-social-image-share\" width=\"32\" height=\"32\" style=\"display: inline;width:32px;height:32px;margin: 0;padding: 0;border: none;box-shadow: none\" src=\"https:\/\/snudifo37.fr\/wp-content\/plugins\/social-media-feather\/synved-social\/image\/social\/regular\/64x64\/twitter.png\" \/><\/a><a class=\"synved-social-button synved-social-button-share synved-social-size-32 synved-social-resolution-single synved-social-provider-mail nolightbox\" data-provider=\"mail\" rel=\"nofollow\" title=\"Les derni\u00e8res informations du Snudi-Fo 37\" href=\"mailto:?subject=Manque%20de%20rempla%C3%A7ants%20%3A%20et%20%C3%A7a%20continue%20encore%20et%20encore%E2%80%A6&#038;body=Le%20Snudi-Fo%20vous%20informe%3A:%20https%3A%2F%2Fsnudifo37.fr%2Findex.php%2Fwp-json%2Fwp%2Fv2%2Fposts%2F4658\" style=\"font-size: 0px;width:32px;height:32px;margin:0;margin-bottom:20px\"><img loading=\"lazy\" decoding=\"async\" alt=\"mail\" title=\"Les derni\u00e8res informations du Snudi-Fo 37\" class=\"synved-share-image synved-social-image synved-social-image-share\" width=\"32\" height=\"32\" style=\"display: inline;width:32px;height:32px;margin: 0;padding: 0;border: none;box-shadow: none\" src=\"https:\/\/snudifo37.fr\/wp-content\/plugins\/social-media-feather\/synved-social\/image\/social\/regular\/64x64\/mail.png\" \/><\/a>","protected":false},"excerpt":{"rendered":"<p>Le SNUDI-FO et sa f\u00e9d\u00e9ration, la FNEC FP-FO, se sont adress\u00e9s \u00e0 de multiples reprises au ministre M. Blanquer pour lui signaler le manque de rempla\u00e7ants dans les classes.<\/p>\n","protected":false},"author":1,"featured_media":0,"comment_status":"closed","ping_status":"closed","sticky":false,"template":"","format":"standard","meta":{"footnotes":""},"categories":[1],"tags":[1179,34,580,455],"class_list":["post-4658","post","type-post","status-publish","format-standard","hentry","category-non-classe","tag-1179","tag-blanquer","tag-creation-de-postes","tag-recrutement"],"_links":{"self":[{"href":"https:\/\/snudifo37.fr\/index.php\/wp-json\/wp\/v2\/posts\/4658","targetHints":{"allow":["GET"]}}],"collection":[{"href":"https:\/\/snudifo37.fr\/index.php\/wp-json\/wp\/v2\/posts"}],"about":[{"href":"https:\/\/snudifo37.fr\/index.php\/wp-json\/wp\/v2\/types\/post"}],"author":[{"embeddable":true,"href":"https:\/\/snudifo37.fr\/index.php\/wp-json\/wp\/v2\/users\/1"}],"replies":[{"embeddable":true,"href":"https:\/\/snudifo37.fr\/index.php\/wp-json\/wp\/v2\/comments?post=4658"}],"version-history":[{"count":2,"href":"https:\/\/snudifo37.fr\/index.php\/wp-json\/wp\/v2\/posts\/4658\/revisions"}],"predecessor-version":[{"id":4664,"href":"https:\/\/snudifo37.fr\/index.php\/wp-json\/wp\/v2\/posts\/4658\/revisions\/4664"}],"wp:attachment":[{"href":"https:\/\/snudifo37.fr\/index.php\/wp-json\/wp\/v2\/media?parent=4658"}],"wp:term":[{"taxonomy":"category","embeddable":true,"href":"https:\/\/snudifo37.fr\/index.php\/wp-json\/wp\/v2\/categories?post=4658"},{"taxonomy":"post_tag","embeddable":true,"href":"https:\/\/snudifo37.fr\/index.php\/wp-json\/wp\/v2\/tags?post=4658"}],"curies":[{"name":"wp","href":"https:\/\/api.w.org\/{rel}","templated":true}]}}