{"id":4617,"date":"2022-03-10T15:55:00","date_gmt":"2022-03-10T14:55:00","guid":{"rendered":"https:\/\/snudifo37.fr\/?p=4617"},"modified":"2022-03-14T15:58:16","modified_gmt":"2022-03-14T14:58:16","slug":"pouvoir-dachat-il-est-urgent-daugmenter-les-traitements-et-les-salaires","status":"publish","type":"post","link":"https:\/\/snudifo37.fr\/index.php\/2022\/03\/10\/pouvoir-dachat-il-est-urgent-daugmenter-les-traitements-et-les-salaires\/","title":{"rendered":"Pouvoir d\u2019achat: il est urgent d\u2019augmenter les traitements et les salaires"},"content":{"rendered":"\n<div class=\"wp-block-image\"><figure class=\"aligncenter size-full\"><img loading=\"lazy\" decoding=\"async\" width=\"400\" height=\"250\" src=\"https:\/\/snudifo37.fr\/wp-content\/uploads\/2021\/08\/feat-FGF-FO-fo93fr.jpg\" alt=\"\" class=\"wp-image-3824\" srcset=\"https:\/\/snudifo37.fr\/wp-content\/uploads\/2021\/08\/feat-FGF-FO-fo93fr.jpg 400w, https:\/\/snudifo37.fr\/wp-content\/uploads\/2021\/08\/feat-FGF-FO-fo93fr-300x188.jpg 300w\" sizes=\"auto, (max-width: 400px) 100vw, 400px\" \/><\/figure><\/div>\n\n\n\n<p>Apr\u00e8s une inflation 2021 sans pr\u00e9c\u00e9dent, il est clairement act\u00e9 aujourd\u2019hui que l\u2019inflation 2022, pr\u00e9sent\u00e9e en d\u00e9but d\u2019ann\u00e9e comme conjoncturelle, sera en r\u00e9alit\u00e9 structurelle.<\/p>\n\n\n\n<p>En r\u00e9sum\u00e9, elle sera forte et constante.<\/p>\n\n\n\n<p>Bien entendu, l\u2019inadmissible guerre men\u00e9e par la Russie contre l\u2019Ukraine entra\u00eenera des cons\u00e9quences \u00e9conomiques lourdes sur les prix de l\u2019\u00e9nergie, de l\u2019alimentaire, etc. y compris en France.<\/p>\n\n\n\n<p>Cette situation internationale ne doit pas nous faire oublier l\u2019incapacit\u00e9 du Gouvernement de r\u00e9pondre depuis des mois \u00e0 une augmentation incessante des co\u00fbts de l\u2019\u00e9nergie, des carburants, des loyers et des produits alimentaires notamment.<\/p>\n\n\n\n<p>Les prix des carburants continuent de flamber, et le gasoil est pass\u00e9 au-dessus de la barre des 2 euros le litre. Cette hausse, sans limite apparente, ne peut pas se poursuivre sans une hausse forte des traitements et salaires.<\/p>\n\n\n\n<p>Alors que le Gouvernement semble s\u2019orienter vers une revalorisation du remboursement des indemnit\u00e9s kilom\u00e9triques pour les personnels se d\u00e9pla\u00e7ant avec leur v\u00e9hicule personnel pour les besoins de leur mission, ou encore vers un renouvellement de l\u2019indemnit\u00e9 inflation, la FGF-FO rappelle que ces mesures, en apparences positives, ne peuvent masquer la r\u00e9alit\u00e9 et ne peuvent en rien remplacer des mesures g\u00e9n\u00e9rales.<\/p>\n\n\n\n<p>Le point d\u2019indice, gel\u00e9 totalement ou partiellement depuis l\u2019an 2000, entraine une perte de 22 % de pouvoir d\u2019achat. Les grilles indiciaires, sans cesse rattrap\u00e9es par la hausse du SMIC, se tassent inexorablement.<\/p>\n\n\n\n<p>Aujourd\u2019hui, un agent en cat\u00e9gorie C ou en cat\u00e9gorie B d\u00e9marre sa carri\u00e8re au SMIC. La cat\u00e9gorie A n\u2019est pas \u00e9pargn\u00e9e, d\u00e9marrant seulement 14 % au-dessus du SMIC.<\/p>\n\n\n\n<p>Qui peut parler d\u2019attractivit\u00e9 des carri\u00e8res?? Qui peut vanter le d\u00e9roulement de carri\u00e8re?? Personne \u00e9videmment.<\/p>\n\n\n\n<p>Pourtant, depuis des mois, pas une journ\u00e9e ne se passe sans que le d\u00e9vouement et l\u2019engagement des fonctionnaires et agents publics ne soient lou\u00e9s et pl\u00e9biscit\u00e9s. Le tout dans des conditions de travail de plus en plus difficiles en raison du manque d\u2019effectifs, des r\u00e9organisations incessantes et du manque de moyens financiers.<\/p>\n\n\n\n<p><strong>La reconnaissance et les congratulations des employeurs ne suffisent pas. C\u2019est pourquoi, la FGF-FO poursuit inlassablement sa revendication d\u2019une ouverture imm\u00e9diate de n\u00e9gociation salariale pour revaloriser le point d\u2019indice et pour am\u00e9liorer la grille indiciaire.<\/strong><\/p>\n\n\n\n<p class=\"has-text-align-right\"><em>Fait \u00e0 Paris, le 10 mars 2022<\/em><\/p>\n\n\n\n<div class=\"wp-block-file\"><a id=\"wp-block-file--media-77ea40ec-1a53-45e2-a4ea-9da32058f80e\" href=\"https:\/\/snudifo37.fr\/wp-content\/uploads\/2022\/03\/2022-03-10-COMMUNIQUE-FGF-FO-POUVOIR-D-ACHAT.pdf\">2022-03-10-COMMUNIQUE-FGF-FO-POUVOIR-D-ACHAT<\/a><a href=\"https:\/\/snudifo37.fr\/wp-content\/uploads\/2022\/03\/2022-03-10-COMMUNIQUE-FGF-FO-POUVOIR-D-ACHAT.pdf\" class=\"wp-block-file__button\" download aria-describedby=\"wp-block-file--media-77ea40ec-1a53-45e2-a4ea-9da32058f80e\">T\u00e9l\u00e9charger<\/a><\/div>\n<a class=\"synved-social-button synved-social-button-share synved-social-size-32 synved-social-resolution-single synved-social-provider-facebook nolightbox\" data-provider=\"facebook\" target=\"_blank\" rel=\"nofollow\" title=\"Faites le savoir \u00e0 vos amis via Facebook \" href=\"https:\/\/www.facebook.com\/sharer.php?u=https%3A%2F%2Fsnudifo37.fr%2Findex.php%2Fwp-json%2Fwp%2Fv2%2Fposts%2F4617&#038;t=Pouvoir%20d%E2%80%99achat%3A%20il%20est%20urgent%20d%E2%80%99augmenter%20les%20traitements%20et%20les%20salaires&#038;s=100&#038;p&#091;url&#093;=https%3A%2F%2Fsnudifo37.fr%2Findex.php%2Fwp-json%2Fwp%2Fv2%2Fposts%2F4617&#038;p&#091;images&#093;&#091;0&#093;=https%3A%2F%2Fsnudifo37.fr%2Fwp-content%2Fuploads%2F2021%2F08%2Ffeat-FGF-FO-fo93fr.jpg&#038;p&#091;title&#093;=Pouvoir%20d%E2%80%99achat%3A%20il%20est%20urgent%20d%E2%80%99augmenter%20les%20traitements%20et%20les%20salaires\" style=\"font-size: 0px;width:32px;height:32px;margin:0;margin-bottom:20px;margin-right:20px\"><img loading=\"lazy\" decoding=\"async\" alt=\"Facebook\" title=\"Faites le savoir \u00e0 vos amis via Facebook \" class=\"synved-share-image synved-social-image synved-social-image-share\" width=\"32\" height=\"32\" style=\"display: inline;width:32px;height:32px;margin: 0;padding: 0;border: none;box-shadow: none\" src=\"https:\/\/snudifo37.fr\/wp-content\/plugins\/social-media-feather\/synved-social\/image\/social\/regular\/64x64\/facebook.png\" \/><\/a><a class=\"synved-social-button synved-social-button-share synved-social-size-32 synved-social-resolution-single synved-social-provider-twitter nolightbox\" data-provider=\"twitter\" target=\"_blank\" rel=\"nofollow\" title=\"Informez-en vos amis via Twitter\" href=\"https:\/\/twitter.com\/intent\/tweet?url=https%3A%2F%2Fsnudifo37.fr%2Findex.php%2Fwp-json%2Fwp%2Fv2%2Fposts%2F4617&#038;text=Le%20Snudi-Fo%20vous%20informe%3A\" style=\"font-size: 0px;width:32px;height:32px;margin:0;margin-bottom:20px;margin-right:20px\"><img loading=\"lazy\" decoding=\"async\" alt=\"twitter\" title=\"Informez-en vos amis via Twitter\" class=\"synved-share-image synved-social-image synved-social-image-share\" width=\"32\" height=\"32\" style=\"display: inline;width:32px;height:32px;margin: 0;padding: 0;border: none;box-shadow: none\" src=\"https:\/\/snudifo37.fr\/wp-content\/plugins\/social-media-feather\/synved-social\/image\/social\/regular\/64x64\/twitter.png\" \/><\/a><a class=\"synved-social-button synved-social-button-share synved-social-size-32 synved-social-resolution-single synved-social-provider-mail nolightbox\" data-provider=\"mail\" rel=\"nofollow\" title=\"Les derni\u00e8res informations du Snudi-Fo 37\" href=\"mailto:?subject=Pouvoir%20d%E2%80%99achat%3A%20il%20est%20urgent%20d%E2%80%99augmenter%20les%20traitements%20et%20les%20salaires&#038;body=Le%20Snudi-Fo%20vous%20informe%3A:%20https%3A%2F%2Fsnudifo37.fr%2Findex.php%2Fwp-json%2Fwp%2Fv2%2Fposts%2F4617\" style=\"font-size: 0px;width:32px;height:32px;margin:0;margin-bottom:20px\"><img loading=\"lazy\" decoding=\"async\" alt=\"mail\" title=\"Les derni\u00e8res informations du Snudi-Fo 37\" class=\"synved-share-image synved-social-image synved-social-image-share\" width=\"32\" height=\"32\" style=\"display: inline;width:32px;height:32px;margin: 0;padding: 0;border: none;box-shadow: none\" src=\"https:\/\/snudifo37.fr\/wp-content\/plugins\/social-media-feather\/synved-social\/image\/social\/regular\/64x64\/mail.png\" \/><\/a>","protected":false},"excerpt":{"rendered":"<p>Apr\u00e8s une inflation 2021 sans pr\u00e9c\u00e9dent, il est clairement act\u00e9 aujourd\u2019hui que l\u2019inflation 2022, pr\u00e9sent\u00e9e en d\u00e9but d\u2019ann\u00e9e comme conjoncturelle, sera en r\u00e9alit\u00e9 structurelle. En r\u00e9sum\u00e9, elle sera forte et constante.<\/p>\n","protected":false},"author":1,"featured_media":3824,"comment_status":"closed","ping_status":"closed","sticky":false,"template":"","format":"standard","meta":{"footnotes":""},"categories":[7],"tags":[1179,153,242,1151,332,99,101],"class_list":["post-4617","post","type-post","status-publish","format-standard","has-post-thumbnail","hentry","category-syndicat","tag-1179","tag-augmentation","tag-fgf-fo","tag-inflation","tag-revalorisation","tag-salaires","tag-traitement"],"_links":{"self":[{"href":"https:\/\/snudifo37.fr\/index.php\/wp-json\/wp\/v2\/posts\/4617","targetHints":{"allow":["GET"]}}],"collection":[{"href":"https:\/\/snudifo37.fr\/index.php\/wp-json\/wp\/v2\/posts"}],"about":[{"href":"https:\/\/snudifo37.fr\/index.php\/wp-json\/wp\/v2\/types\/post"}],"author":[{"embeddable":true,"href":"https:\/\/snudifo37.fr\/index.php\/wp-json\/wp\/v2\/users\/1"}],"replies":[{"embeddable":true,"href":"https:\/\/snudifo37.fr\/index.php\/wp-json\/wp\/v2\/comments?post=4617"}],"version-history":[{"count":3,"href":"https:\/\/snudifo37.fr\/index.php\/wp-json\/wp\/v2\/posts\/4617\/revisions"}],"predecessor-version":[{"id":4647,"href":"https:\/\/snudifo37.fr\/index.php\/wp-json\/wp\/v2\/posts\/4617\/revisions\/4647"}],"wp:featuredmedia":[{"embeddable":true,"href":"https:\/\/snudifo37.fr\/index.php\/wp-json\/wp\/v2\/media\/3824"}],"wp:attachment":[{"href":"https:\/\/snudifo37.fr\/index.php\/wp-json\/wp\/v2\/media?parent=4617"}],"wp:term":[{"taxonomy":"category","embeddable":true,"href":"https:\/\/snudifo37.fr\/index.php\/wp-json\/wp\/v2\/categories?post=4617"},{"taxonomy":"post_tag","embeddable":true,"href":"https:\/\/snudifo37.fr\/index.php\/wp-json\/wp\/v2\/tags?post=4617"}],"curies":[{"name":"wp","href":"https:\/\/api.w.org\/{rel}","templated":true}]}}