{"id":458,"date":"2019-06-04T09:09:28","date_gmt":"2019-06-04T07:09:28","guid":{"rendered":"http:\/\/snudifo37.fr\/?p=458"},"modified":"2019-06-15T22:53:56","modified_gmt":"2019-06-15T20:53:56","slug":"ouvertures-fermetures-de-classes-faites-nous-remonter-vos-effectifs","status":"publish","type":"post","link":"https:\/\/snudifo37.fr\/index.php\/2019\/06\/04\/ouvertures-fermetures-de-classes-faites-nous-remonter-vos-effectifs\/","title":{"rendered":"Ouvertures &#038; fermetures de classes : Faites nous remonter vos effectifs !"},"content":{"rendered":"\n<p>Le 18 juin prochain se tiendra le CTSD \u00e9tudiant les ouvertures et fermetures de classes de notre d\u00e9partement. Afin de pr\u00e9parer au mieux la d\u00e9fense de chaque \u00e9cole concern\u00e9e, faites nous remonter rapidement vos effectifs via <a href=\"https:\/\/docs.google.com\/forms\/d\/e\/1FAIpQLSePkfQ5tV3dOC-MMel1VeXgacgW0m8PGlI4V-inRUYRzl1ejQ\/viewform\"><strong>notre formulaire de surveillance de la carte scolaire<\/strong><\/a><strong>.<\/strong> Plus nous aurons d&rsquo;informations, plus nous serons \u00e0 m\u00eame de porter vos revendications devant l&rsquo;IA-Dasen.<\/p>\n<a class=\"synved-social-button synved-social-button-share synved-social-size-32 synved-social-resolution-single synved-social-provider-facebook nolightbox\" data-provider=\"facebook\" target=\"_blank\" rel=\"nofollow\" title=\"Faites le savoir \u00e0 vos amis via Facebook \" href=\"https:\/\/www.facebook.com\/sharer.php?u=https%3A%2F%2Fsnudifo37.fr%2Findex.php%2Fwp-json%2Fwp%2Fv2%2Fposts%2F458&#038;t=Ouvertures%20%26%20fermetures%20de%20classes%20%3A%20Faites%20nous%20remonter%20vos%20effectifs%20%21&#038;s=100&#038;p&#091;url&#093;=https%3A%2F%2Fsnudifo37.fr%2Findex.php%2Fwp-json%2Fwp%2Fv2%2Fposts%2F458&#038;p&#091;images&#093;&#091;0&#093;=https%3A%2F%2Fsnudifo37.fr%2Fwp-content%2Fuploads%2F2019%2F05%2FCTSD.png&#038;p&#091;title&#093;=Ouvertures%20%26%20fermetures%20de%20classes%20%3A%20Faites%20nous%20remonter%20vos%20effectifs%20%21\" style=\"font-size: 0px;width:32px;height:32px;margin:0;margin-bottom:20px;margin-right:20px\"><img loading=\"lazy\" decoding=\"async\" alt=\"Facebook\" title=\"Faites le savoir \u00e0 vos amis via Facebook \" class=\"synved-share-image synved-social-image synved-social-image-share\" width=\"32\" height=\"32\" style=\"display: inline;width:32px;height:32px;margin: 0;padding: 0;border: none;box-shadow: none\" src=\"https:\/\/snudifo37.fr\/wp-content\/plugins\/social-media-feather\/synved-social\/image\/social\/regular\/64x64\/facebook.png\" \/><\/a><a class=\"synved-social-button synved-social-button-share synved-social-size-32 synved-social-resolution-single synved-social-provider-twitter nolightbox\" data-provider=\"twitter\" target=\"_blank\" rel=\"nofollow\" title=\"Informez-en vos amis via Twitter\" href=\"https:\/\/twitter.com\/intent\/tweet?url=https%3A%2F%2Fsnudifo37.fr%2Findex.php%2Fwp-json%2Fwp%2Fv2%2Fposts%2F458&#038;text=Le%20Snudi-Fo%20vous%20informe%3A\" style=\"font-size: 0px;width:32px;height:32px;margin:0;margin-bottom:20px;margin-right:20px\"><img loading=\"lazy\" decoding=\"async\" alt=\"twitter\" title=\"Informez-en vos amis via Twitter\" class=\"synved-share-image synved-social-image synved-social-image-share\" width=\"32\" height=\"32\" style=\"display: inline;width:32px;height:32px;margin: 0;padding: 0;border: none;box-shadow: none\" src=\"https:\/\/snudifo37.fr\/wp-content\/plugins\/social-media-feather\/synved-social\/image\/social\/regular\/64x64\/twitter.png\" \/><\/a><a class=\"synved-social-button synved-social-button-share synved-social-size-32 synved-social-resolution-single synved-social-provider-mail nolightbox\" data-provider=\"mail\" rel=\"nofollow\" title=\"Les derni\u00e8res informations du Snudi-Fo 37\" href=\"mailto:?subject=Ouvertures%20%26%20fermetures%20de%20classes%20%3A%20Faites%20nous%20remonter%20vos%20effectifs%20%21&#038;body=Le%20Snudi-Fo%20vous%20informe%3A:%20https%3A%2F%2Fsnudifo37.fr%2Findex.php%2Fwp-json%2Fwp%2Fv2%2Fposts%2F458\" style=\"font-size: 0px;width:32px;height:32px;margin:0;margin-bottom:20px\"><img loading=\"lazy\" decoding=\"async\" alt=\"mail\" title=\"Les derni\u00e8res informations du Snudi-Fo 37\" class=\"synved-share-image synved-social-image synved-social-image-share\" width=\"32\" height=\"32\" style=\"display: inline;width:32px;height:32px;margin: 0;padding: 0;border: none;box-shadow: none\" src=\"https:\/\/snudifo37.fr\/wp-content\/plugins\/social-media-feather\/synved-social\/image\/social\/regular\/64x64\/mail.png\" \/><\/a>","protected":false},"excerpt":{"rendered":"<p>Le 18 juin prochain se tiendra le CTSD \u00e9tudiant les ouvertures et fermetures de classes de notre d\u00e9partement. Afin de pr\u00e9parer au mieux la d\u00e9fense de chaque \u00e9cole concern\u00e9e, faites nous remonter rapidement vos effectifs via notre formulaire de surveillance de la carte scolaire (cliquez sur l&rsquo;image pour acc\u00e9der au lien dans l&rsquo;article). Plus nous aurons d&rsquo;informations, plus nous serons \u00e0 m\u00eame de porter vos revendications devant l&rsquo;IA-Dasen.<\/p>\n","protected":false},"author":1,"featured_media":289,"comment_status":"closed","ping_status":"closed","sticky":false,"template":"","format":"standard","meta":{"footnotes":""},"categories":[10,8],"tags":[22,85,82,84,16,83],"class_list":["post-458","post","type-post","status-publish","format-standard","has-post-thumbnail","hentry","category-csa","category-instances","tag-22","tag-carte-scolaire","tag-ctsd","tag-fermeture","tag-instances","tag-ouverture"],"_links":{"self":[{"href":"https:\/\/snudifo37.fr\/index.php\/wp-json\/wp\/v2\/posts\/458","targetHints":{"allow":["GET"]}}],"collection":[{"href":"https:\/\/snudifo37.fr\/index.php\/wp-json\/wp\/v2\/posts"}],"about":[{"href":"https:\/\/snudifo37.fr\/index.php\/wp-json\/wp\/v2\/types\/post"}],"author":[{"embeddable":true,"href":"https:\/\/snudifo37.fr\/index.php\/wp-json\/wp\/v2\/users\/1"}],"replies":[{"embeddable":true,"href":"https:\/\/snudifo37.fr\/index.php\/wp-json\/wp\/v2\/comments?post=458"}],"version-history":[{"count":3,"href":"https:\/\/snudifo37.fr\/index.php\/wp-json\/wp\/v2\/posts\/458\/revisions"}],"predecessor-version":[{"id":461,"href":"https:\/\/snudifo37.fr\/index.php\/wp-json\/wp\/v2\/posts\/458\/revisions\/461"}],"wp:featuredmedia":[{"embeddable":true,"href":"https:\/\/snudifo37.fr\/index.php\/wp-json\/wp\/v2\/media\/289"}],"wp:attachment":[{"href":"https:\/\/snudifo37.fr\/index.php\/wp-json\/wp\/v2\/media?parent=458"}],"wp:term":[{"taxonomy":"category","embeddable":true,"href":"https:\/\/snudifo37.fr\/index.php\/wp-json\/wp\/v2\/categories?post=458"},{"taxonomy":"post_tag","embeddable":true,"href":"https:\/\/snudifo37.fr\/index.php\/wp-json\/wp\/v2\/tags?post=458"}],"curies":[{"name":"wp","href":"https:\/\/api.w.org\/{rel}","templated":true}]}}