{"id":4477,"date":"2022-02-11T17:11:00","date_gmt":"2022-02-11T16:11:00","guid":{"rendered":"https:\/\/snudifo37.fr\/?p=4477"},"modified":"2022-02-26T17:11:42","modified_gmt":"2022-02-26T16:11:42","slug":"point-sanitaire-du-11-fevrier-et-nouveau-protocole-lautosatisfecit-du-ministre","status":"publish","type":"post","link":"https:\/\/snudifo37.fr\/index.php\/2022\/02\/11\/point-sanitaire-du-11-fevrier-et-nouveau-protocole-lautosatisfecit-du-ministre\/","title":{"rendered":"Point \u00ab sanitaire \u00bb du 11 f\u00e9vrier et nouveau protocole : l\u2019autosatisfecit du ministre"},"content":{"rendered":"\n<div class=\"wp-block-image\"><figure class=\"aligncenter size-large is-resized\"><img loading=\"lazy\" decoding=\"async\" src=\"https:\/\/snudifo37.fr\/wp-content\/uploads\/2021\/05\/logo.vectoriel-1024x1024-1-1024x1024.jpg\" alt=\"\" class=\"wp-image-3614\" width=\"295\" height=\"295\" srcset=\"https:\/\/snudifo37.fr\/wp-content\/uploads\/2021\/05\/logo.vectoriel-1024x1024-1.jpg 1024w, https:\/\/snudifo37.fr\/wp-content\/uploads\/2021\/05\/logo.vectoriel-1024x1024-1-300x300.jpg 300w, https:\/\/snudifo37.fr\/wp-content\/uploads\/2021\/05\/logo.vectoriel-1024x1024-1-150x150.jpg 150w, https:\/\/snudifo37.fr\/wp-content\/uploads\/2021\/05\/logo.vectoriel-1024x1024-1-768x768.jpg 768w, https:\/\/snudifo37.fr\/wp-content\/uploads\/2021\/05\/logo.vectoriel-1024x1024-1-125x125.jpg 125w\" sizes=\"auto, (max-width: 295px) 100vw, 295px\" \/><\/figure><\/div>\n\n\n\n<p><em>\u00ab<\/em><em> <\/em><em>Pendant<\/em><em> <\/em><em>la<\/em><em> <\/em><em>seconde<\/em><em> <\/em><em>guerre<\/em><em> <\/em><em>mondiale,<\/em><em> <\/em><em>les habitants de Londres ne se plaignaient pas aupr\u00e8s de Winston Churchill du bruit des avions la nuit\u2026 \u00bb<\/em><em><\/em><\/p>\n\n\n\n<p class=\"has-text-align-right\">Jean-Michel Blanquer lors du point \u00ab sanitaire \u00bb du 11 f\u00e9vrier<\/p>\n\n\n\n<p>La FNEC FP-FO a particip\u00e9 au point \u00ab sanitaire \u00bb organis\u00e9 par le ministre le 11 f\u00e9vrier. Ce dernier s\u2019est f\u00e9licit\u00e9 de la nette am\u00e9lioration de la situation sanitaire et a pr\u00e9cis\u00e9 les mesures prises :<\/p>\n\n\n\n<ul class=\"wp-block-list\"><li>La fin du port du masque en ext\u00e9rieur pour les \u00e9l\u00e8ves et les personnels ;<\/li><li>La possibilit\u00e9 d\u2019effectuer les s\u00e9ances d\u2019EPS sans masque en int\u00e9rieur (dans le respect des distances donc pas d\u2019activit\u00e9 de contact) ;<\/li><li>Le retour au niveau 2 du protocole donc la fin de la limitation du brassage par classe pour le premier degr\u00e9 ;<\/li><li>Un seul test sera demand\u00e9 aux parents en cas de covid dans la classe et plus d\u2019attestation sur l\u2019honneur ; cela se fera sur une base de confiance ;<\/li><li>La Foire Aux Questions sera mise \u00e0 jour en fonction de ces annonces.<\/li><\/ul>\n\n\n\n<p>La FNEC FP-FO a indiqu\u00e9 pour sa part que la situation \u00e9tait toujours extr\u00eamement chaotique dans les \u00e9coles, \u00e9tablissements et services et que la question centrale \u00e9tait celle des postes et du recrutement imm\u00e9diat des personnels sous statut pour faire face. L\u2019annonce du retour au niveau 2 du protocole dans le premier degr\u00e9 doit s\u2019accompagner des moyens de remplacements n\u00e9cessaires, ce qui n\u2019est absolument pas le cas actuellement.<\/p>\n\n\n\n<p>La FNEC FP-FO a demand\u00e9 en particulier :<\/p>\n\n\n\n<ul class=\"wp-block-list\"><li>L\u2019arr\u00eat de l\u2019obligation vaccinale et la r\u00e9int\u00e9gration de tous les personnels sur leurs postes (infirmi\u00e8res, m\u00e9decins, psyEN, enseignants sp\u00e9cialis\u00e9s\u2026) ; il est injuste autant qu\u2019absurde d\u2019\u00e9vincer ces personnels qui font cruellement d\u00e9faut sur le terrain ;<\/li><li>L\u2019ouverture des listes compl\u00e9mentaires pour tous les corps (2nd degr\u00e9, infirmi\u00e8res, personnels administratifs, priv\u00e9\u2026) ;<\/li><li>Le r\u00e9abondement des listes compl\u00e9mentaires ;<\/li><li>Le r\u00e9emploi et la titularisation des contractuels qui le souhaitent ;<\/li><li>Les cr\u00e9ations de postes n\u00e9cessaires pour la rentr\u00e9e 2022 et l\u2019annulation de toutes les fermetures ;<\/li><li>Le retour \u00e0 un recrutement BAC +3 pour les enseignants pour permettre ces recrutements de personnels sous statut, et pour \u00e9viter la catastrophe annonc\u00e9e pour la rentr\u00e9e 2022.<\/li><\/ul>\n\n\n\n<p>La FNEC FP-FO a \u00e9galement rappel\u00e9 ses revendications en mati\u00e8re de salaire, de retour \u00e0 un baccalaur\u00e9at avec \u00e9preuves nationales, terminales et anonymes d\u00e8s la session 2022 (comme l\u2019exige la p\u00e9tition FO SNES SNEP CGT SUD SNALC soutenue par des associations de sp\u00e9cialistes et des syndicats lyc\u00e9ens), d\u2019abrogation de la loi Rilhac, d\u2019arr\u00eat des pressions et injonctions manag\u00e9riales (\u00e9valuation d\u2019\u00e9tablissement, \u00e9valuation CP, formations impos\u00e9es type \u00ab constellations \u00bb \u2026).<\/p>\n\n\n\n<p>Le ministre a r\u00e9pondu aux organisations syndicales que la gestion de la crise sanitaire de l\u2019\u00c9cole en France \u00e9tait un mod\u00e8le reconnu dans le monde entier et a vant\u00e9 les choix du gouvernement et de son minist\u00e8re.<\/p>\n\n\n\n<p>En r\u00e9ponse \u00e0 certaines des revendications de la FNEC FP-FO, il a pr\u00e9cis\u00e9 :<\/p>\n\n\n\n<ul class=\"wp-block-list\"><li><em>\u00ab qu\u2019il poursuivrait \u00e0 l\u2019\u00c9ducation nationale la doctrine g\u00e9n\u00e9rale concernant l\u2019obligation vaccinale, dont la remise en cause n\u2019\u00e9tait pas pour l\u2019heure \u00e0 l\u2019ordre du jour ;<\/em><\/li><\/ul>\n\n\n\n<ul class=\"wp-block-list\"><li><em>que toutes les demandes minist\u00e9rielles comme par exemple les \u00e9valuations CP \u00e9taient utiles, y compris en cette p\u00e9riode de crise ;<\/em><\/li><li><em>que les dotations pour la rentr\u00e9e sont tout \u00e0 fait suffisantes au vu de l\u2019\u00e9volution d\u00e9mographique ;<\/em><\/li><li><em>que des recrutements ont d\u00e9j\u00e0 \u00e9t\u00e9 r\u00e9alis\u00e9s et qu\u2019on allait pouvoir faire face pleinement gr\u00e2ce \u00e0 ces recrutements,<\/em><\/li><li><em>qu\u2019il n\u2019\u00e9tait pas favorable \u00e0 la demande de rallonger les listes compl\u00e9mentaires car on ne pouvait pas recruter pour 40 ans des enseignants qui n\u2019avaient pas le niveau suffisant, que ce n\u2019\u00e9tait pas rendre service au syst\u00e8me \u00e9ducatif. \u00bb<\/em><\/li><\/ul>\n\n\n\n<p>A noter que ce dernier argument avait d\u00e9j\u00e0 \u00e9t\u00e9 utilis\u00e9 suite \u00e0 notre demande d\u2019ouvrir la liste compl\u00e9mentaire lors du point sanitaire du 6 janvier. La gr\u00e8ve massive du 13 janvier (qui a conduit au recrutement de plus de 800 coll\u00e8gues sur liste compl\u00e9mentaire dans le premier degr\u00e9) l\u2019avait visiblement amen\u00e9 \u00e0 reconsid\u00e9rer sa position\u2026<\/p>\n\n\n\n<p>Le ministre n\u2019a pas r\u00e9pondu \u00e0 nos autres demandes, y compris celle sur le baccalaur\u00e9at.<\/p>\n\n\n\n<p>Il a rappel\u00e9 que nous \u00e9tions en p\u00e9riode exceptionnelle de Covid et que dans ces conditions difficiles qui ne relevaient pas de sa responsabilit\u00e9, le minist\u00e8re avait tout mis en \u0153uvre pour que tout se passe au mieux\u2026 En bref : \u00ab <em>nous sommes en guerre <\/em>\u00bb donc il faudrait cesser de revendiquer (cf. la r\u00e9f\u00e9rence \u00e0 W. Churchill).<\/p>\n\n\n\n<p>La gr\u00e8ve historique du 13 janvier a \u00e9branl\u00e9 le gouvernement qui a \u00e9t\u00e9 contraint de conc\u00e9der le recrutement de listes compl\u00e9mentaires. Alors que les instances de carte scolaire se r\u00e9unissent en ce moment, que les dotations sont catastrophiques, qu\u2019elles se traduisent par des centaines de fermetures de classes, les personnels n\u2019acceptent pas et se mobilisent devant les IA, les rectorats et le minist\u00e8re.<\/p>\n\n\n\n<p>La FNEC FP-FO appelle les personnels \u00e0 se r\u00e9unir, \u00e0 d\u00e9cider et poursuivre les initiatives et les mobilisations pour la satisfaction des revendications.<\/p>\n\n\n\n<p class=\"has-text-align-right\"><em>Montreuil le 11 f\u00e9vrier 2022<\/em><\/p>\n\n\n\n<div class=\"wp-block-file\"><a id=\"wp-block-file--media-1aa2c743-2cbd-4c71-ad3a-ee1cdf77acff\" href=\"https:\/\/snudifo37.fr\/wp-content\/uploads\/2022\/02\/22-02-11-point-sanitaire-du-11-fev-version-def.pdf\">22-02-11-point-sanitaire-du-11-fev-version-def<\/a><a href=\"https:\/\/snudifo37.fr\/wp-content\/uploads\/2022\/02\/22-02-11-point-sanitaire-du-11-fev-version-def.pdf\" class=\"wp-block-file__button\" download aria-describedby=\"wp-block-file--media-1aa2c743-2cbd-4c71-ad3a-ee1cdf77acff\">T\u00e9l\u00e9charger<\/a><\/div>\n<a class=\"synved-social-button synved-social-button-share synved-social-size-32 synved-social-resolution-single synved-social-provider-facebook nolightbox\" data-provider=\"facebook\" target=\"_blank\" rel=\"nofollow\" title=\"Faites le savoir \u00e0 vos amis via Facebook \" href=\"https:\/\/www.facebook.com\/sharer.php?u=https%3A%2F%2Fsnudifo37.fr%2Findex.php%2Fwp-json%2Fwp%2Fv2%2Fposts%2F4477&#038;t=Point%20%C2%AB%20sanitaire%20%C2%BB%20du%2011%20f%C3%A9vrier%20et%20nouveau%20protocole%20%3A%20l%E2%80%99autosatisfecit%20du%20ministre&#038;s=100&#038;p&#091;url&#093;=https%3A%2F%2Fsnudifo37.fr%2Findex.php%2Fwp-json%2Fwp%2Fv2%2Fposts%2F4477&#038;p&#091;images&#093;&#091;0&#093;=https%3A%2F%2Fsnudifo37.fr%2Fwp-content%2Fuploads%2F2021%2F05%2Flogo.vectoriel-1024x1024-1-1024x1024.jpg&#038;p&#091;title&#093;=Point%20%C2%AB%20sanitaire%20%C2%BB%20du%2011%20f%C3%A9vrier%20et%20nouveau%20protocole%20%3A%20l%E2%80%99autosatisfecit%20du%20ministre\" style=\"font-size: 0px;width:32px;height:32px;margin:0;margin-bottom:20px;margin-right:20px\"><img loading=\"lazy\" decoding=\"async\" alt=\"Facebook\" title=\"Faites le savoir \u00e0 vos amis via Facebook \" class=\"synved-share-image synved-social-image synved-social-image-share\" width=\"32\" height=\"32\" style=\"display: inline;width:32px;height:32px;margin: 0;padding: 0;border: none;box-shadow: none\" src=\"https:\/\/snudifo37.fr\/wp-content\/plugins\/social-media-feather\/synved-social\/image\/social\/regular\/64x64\/facebook.png\" \/><\/a><a class=\"synved-social-button synved-social-button-share synved-social-size-32 synved-social-resolution-single synved-social-provider-twitter nolightbox\" data-provider=\"twitter\" target=\"_blank\" rel=\"nofollow\" title=\"Informez-en vos amis via Twitter\" href=\"https:\/\/twitter.com\/intent\/tweet?url=https%3A%2F%2Fsnudifo37.fr%2Findex.php%2Fwp-json%2Fwp%2Fv2%2Fposts%2F4477&#038;text=Le%20Snudi-Fo%20vous%20informe%3A\" style=\"font-size: 0px;width:32px;height:32px;margin:0;margin-bottom:20px;margin-right:20px\"><img loading=\"lazy\" decoding=\"async\" alt=\"twitter\" title=\"Informez-en vos amis via Twitter\" class=\"synved-share-image synved-social-image synved-social-image-share\" width=\"32\" height=\"32\" style=\"display: inline;width:32px;height:32px;margin: 0;padding: 0;border: none;box-shadow: none\" src=\"https:\/\/snudifo37.fr\/wp-content\/plugins\/social-media-feather\/synved-social\/image\/social\/regular\/64x64\/twitter.png\" \/><\/a><a class=\"synved-social-button synved-social-button-share synved-social-size-32 synved-social-resolution-single synved-social-provider-mail nolightbox\" data-provider=\"mail\" rel=\"nofollow\" title=\"Les derni\u00e8res informations du Snudi-Fo 37\" href=\"mailto:?subject=Point%20%C2%AB%20sanitaire%20%C2%BB%20du%2011%20f%C3%A9vrier%20et%20nouveau%20protocole%20%3A%20l%E2%80%99autosatisfecit%20du%20ministre&#038;body=Le%20Snudi-Fo%20vous%20informe%3A:%20https%3A%2F%2Fsnudifo37.fr%2Findex.php%2Fwp-json%2Fwp%2Fv2%2Fposts%2F4477\" style=\"font-size: 0px;width:32px;height:32px;margin:0;margin-bottom:20px\"><img loading=\"lazy\" decoding=\"async\" alt=\"mail\" title=\"Les derni\u00e8res informations du Snudi-Fo 37\" class=\"synved-share-image synved-social-image synved-social-image-share\" width=\"32\" height=\"32\" style=\"display: inline;width:32px;height:32px;margin: 0;padding: 0;border: none;box-shadow: none\" src=\"https:\/\/snudifo37.fr\/wp-content\/plugins\/social-media-feather\/synved-social\/image\/social\/regular\/64x64\/mail.png\" \/><\/a>","protected":false},"excerpt":{"rendered":"<p>\u00ab Pendant la seconde guerre mondiale, les habitants de Londres ne se plaignaient pas aupr\u00e8s de Winston Churchill du bruit des avions la nuit\u2026 \u00bb<\/p>\n<p>Jean-Michel Blanquer lors du point \u00ab sanitaire \u00bb du 11 f\u00e9vrier<\/p>\n","protected":false},"author":1,"featured_media":0,"comment_status":"closed","ping_status":"closed","sticky":false,"template":"","format":"standard","meta":{"footnotes":""},"categories":[531,7],"tags":[1179,34,1224,283],"class_list":["post-4477","post","type-post","status-publish","format-standard","hentry","category-epidemie-coronavirus","category-syndicat","tag-1179","tag-blanquer","tag-point-sanitaire","tag-revendications"],"_links":{"self":[{"href":"https:\/\/snudifo37.fr\/index.php\/wp-json\/wp\/v2\/posts\/4477","targetHints":{"allow":["GET"]}}],"collection":[{"href":"https:\/\/snudifo37.fr\/index.php\/wp-json\/wp\/v2\/posts"}],"about":[{"href":"https:\/\/snudifo37.fr\/index.php\/wp-json\/wp\/v2\/types\/post"}],"author":[{"embeddable":true,"href":"https:\/\/snudifo37.fr\/index.php\/wp-json\/wp\/v2\/users\/1"}],"replies":[{"embeddable":true,"href":"https:\/\/snudifo37.fr\/index.php\/wp-json\/wp\/v2\/comments?post=4477"}],"version-history":[{"count":2,"href":"https:\/\/snudifo37.fr\/index.php\/wp-json\/wp\/v2\/posts\/4477\/revisions"}],"predecessor-version":[{"id":4480,"href":"https:\/\/snudifo37.fr\/index.php\/wp-json\/wp\/v2\/posts\/4477\/revisions\/4480"}],"wp:attachment":[{"href":"https:\/\/snudifo37.fr\/index.php\/wp-json\/wp\/v2\/media?parent=4477"}],"wp:term":[{"taxonomy":"category","embeddable":true,"href":"https:\/\/snudifo37.fr\/index.php\/wp-json\/wp\/v2\/categories?post=4477"},{"taxonomy":"post_tag","embeddable":true,"href":"https:\/\/snudifo37.fr\/index.php\/wp-json\/wp\/v2\/tags?post=4477"}],"curies":[{"name":"wp","href":"https:\/\/api.w.org\/{rel}","templated":true}]}}