{"id":4467,"date":"2022-02-26T14:29:52","date_gmt":"2022-02-26T13:29:52","guid":{"rendered":"https:\/\/snudifo37.fr\/?p=4467"},"modified":"2022-02-26T17:15:49","modified_gmt":"2022-02-26T16:15:49","slug":"le-snudi-fo-recu-en-audience-par-lia-dasen","status":"publish","type":"post","link":"https:\/\/snudifo37.fr\/index.php\/2022\/02\/26\/le-snudi-fo-recu-en-audience-par-lia-dasen\/","title":{"rendered":"LE SNUDI-FO re\u00e7u en audience par l&rsquo;IA DASEN"},"content":{"rendered":"\n<p class=\"has-vivid-red-color has-text-color\"><strong>Le SNUDI-FO re\u00e7u hier soir pendant pr\u00e8s de 3h (de 18h30 \u00e0 21h15) en audience par l&rsquo;IA-DASEN<\/strong><\/p>\n\n\n\n<p>Une d\u00e9l\u00e9gation du SNUDI-FO (H\u00e9l\u00e8ne Nizou, Salom\u00e9 Olmedo et J\u00e9r\u00f4me Th\u00e9baut) a \u00e9t\u00e9 re\u00e7ue en audience hier soir \u00e0 18h30 par l&rsquo;IA-DASEN, son adjointe et l&rsquo;IEN ASH sur de nombreux dossiers d&rsquo;actualit\u00e9s dans les \u00e9coles et \u00e9galement sur des situations individuelles.<\/p>\n\n\n\n<p class=\"has-vivid-red-color has-text-color\"><strong>P\u00f4le de remplacement : des h\u00e9sitations malgr\u00e9 les consignes minist\u00e9rielles&#8230;<\/strong><\/p>\n\n\n\n<p>L&rsquo;IA-DASEN nous a expliqu\u00e9 qu&rsquo;il devait modifier sa gestion du remplacement afin de rendre des statistiques au Minist\u00e8re qui d\u00e9sormais demande des indicateurs relatifs \u00e0 son efficience. <\/p>\n\n\n\n<p><br>Il compte donc maintenir son projet en exp\u00e9rimentant sur les circonscriptions de Tours Nord-Sud et St Avertin. Une seule secr\u00e9taire g\u00e9rerait les ZIL des 2 circonscriptions au sein de la DPE de la DSDEN.<br><strong>Mais il ne serait plus question de modifier les missions des rempla\u00e7ants <em>\u00ab\u00a0dans un premier temps\u00a0\u00bb.<\/em>..<\/strong><br>R\u00e9trop\u00e9dalage donc sur ce point : rappelons que le SNUDI-FO a d\u00e8s le d\u00e9but oppos\u00e9&nbsp; \u00e0 l&rsquo;IA-DASEN le fait qu&rsquo;il ne pouvait modifier les missions sans la r\u00e9union d&rsquo;un CTSD en r\u00e9ponse \u00e0 l&rsquo;\u00e9vocation de modifications de celles-ci&#8230;<br><\/p>\n\n\n\n<p>Il est certain que la ferme opposition et le d\u00e9but de mobilisation intersyndicale initi\u00e9e par le SNUDI-FO a pes\u00e9 sur les choix de l&rsquo;IA-DASEN. Une chose est s\u00fbre :<strong> le SNUDI-FO ne se satisfait pas des annonces et maintient sa demande de retrait total de l&rsquo;exp\u00e9rimentation.<\/strong><\/p>\n\n\n\n<p>Rappelons que l&rsquo;Indre-et-Loire est un des derniers d\u00e9partements \u00e0 conserver la distinction ZIL et BD et, qu&rsquo;\u00e0 2 reprises ces derni\u00e8res ann\u00e9es, le SNUDI-FO a fait reculer les IA-DASEN qui ont tent\u00e9 de la remettre en cause.<\/p>\n\n\n\n<p>Nous ne sommes pas dupes : nous avons expliqu\u00e9 \u00e0 l&rsquo;IA-DASEN que le Ministre cherche \u00e0 imposer la gestion privatis\u00e9e du remplacement comme il l&rsquo;a fait dans 16&nbsp; d\u00e9partements et souhaite l&rsquo;\u00e9tendre avec l&rsquo;application Andjaro<em>.<strong><a href=\"https:\/\/fo-snudi.fr\/2021\/06\/18\/stop-a-la-privatisation-de-leducation-nationale-abandon-de-lapplication-de-gestion-des-remplacants-andjaro\/\" rel=\"noreferrer noopener\" target=\"_blank\"> (lire ici)<\/a><\/strong><\/em><\/p>\n\n\n\n<p>Nous lui avons \u00e9galement donn\u00e9 le bilan d&rsquo;une telle exp\u00e9rimentation en C\u00f4te d&rsquo;Or o\u00f9 cela a cr\u00e9\u00e9 le chaos. <strong><em><a href=\"https:\/\/fo-snudi.fr\/2022\/02\/22\/restructuration-de-la-gestion-du-remplacement-des-professeurs-des-ecoles-dans-les-departements-une-attaque-contre-les-personnels-qui-sinscrit-dans-la-logique-du-grenelle\/\" rel=\"noreferrer noopener\" target=\"_blank\">(lire ici)<\/a><\/em><\/strong><\/p>\n\n\n\n<p><strong>Nous continuons donc la mobilisation pour le retrait total et attendons toujours la p\u00e9tition intersyndicale pour obtenir l&rsquo;abandon d\u00e9finitif du projet !<\/strong><\/p>\n\n\n\n<p>Nous invitons les rempla\u00e7ants \u00e0 s&rsquo;inscrire nombreux \u00e0 notre stage sp\u00e9cial rempla\u00e7ants sur temps de classe le lundi 4 avril<strong>. <a rel=\"noreferrer noopener\" href=\"https:\/\/snudifo37.fr\/index.php\/2022\/02\/01\/stages-syndicaux-du-snudi-fo-ouverts-a-tous-sur-temps-de-classe-inscrivez-vous-rapidement-des-maintenant\/\" target=\"_blank\">Cliquez ici !<\/a><br><\/strong><\/p>\n\n\n\n<p class=\"has-vivid-red-color has-text-color\"><strong>Ecrits r\u00e9flexifs du temps 2 des actions de formation : aucune obligation, confirme l&rsquo;IA-DASEN !<\/strong><\/p>\n\n\n\n<p>Depuis 1 an, le SNUDI-FO rappelle inlassablement \u00e0 l&rsquo;IA-DASEN qu&rsquo;il ne peut \u00eatre r\u00e9glementairement impos\u00e9 d&rsquo;\u00e9crits r\u00e9flexifs ou autres \u00e9crits \u00e0 rendre suite \u00e0 des formations. De nombreux \u00e9changes de courriers entre son adjointe, des IEN et le SNUDI-FO t\u00e9moignent de notre d\u00e9termination \u00e0 faire respecter nos droits. Nous avions \u00e9galement d\u00e9pos\u00e9 des avis en ce sens dans les CTSD et CHSCT, avis que seul le SNUDI-FO a vot\u00e9s.<\/p>\n\n\n\n<p>N&rsquo;en d\u00e9plaise aux d\u00e9fenseurs des demandes non r\u00e9glementaires de l&rsquo;administration, l&rsquo;IA-DASEN confirme enfin en audience que ces demandes ne peuvent \u00eatre obligatoires !<\/p>\n\n\n\n<p>Nous invitons tous les coll\u00e8gues \u00e0 nous saisir en cas de question sur ce sujet \u00e0 <a href=\"mailto:snudi.fo37@gmail.com\" target=\"_blank\" rel=\"noreferrer noopener\">snudi.fo37@gmail.com<\/a> ou 06 32 39 05 38<\/p>\n\n\n\n<p><\/p>\n\n\n\n<p class=\"has-vivid-red-color has-text-color\"><strong>Evaluations d&rsquo;\u00e9cole : du plomb dans l&rsquo;aile ?<\/strong><\/p>\n\n\n\n<p>Nous avons de nouveau fait part \u00e0 l&rsquo;IA-DASEN de notre opposition aux \u00e9valuations d&rsquo;\u00e9cole, v\u00e9ritable machine de guerre contre notre statut et d&rsquo;ach\u00e8vement de la territorialisation de l&rsquo;\u00e9cole. (Lire nos informations \u00e0 ce sujet <strong><em><a href=\"https:\/\/snudifo37.fr\/index.php\/2021\/09\/09\/evaluation-decoles-une-nouveaute-accompagnement-collectif-ppcr-qui-concernera-toutes-les-ecoles-en-5-ans-et-qui-sinscrit-dans-le-nouveau-management-ppcr-grenelle\/\" rel=\"noreferrer noopener\" target=\"_blank\">ici <\/a>et <a href=\"https:\/\/fo-snudi.fr\/2022\/01\/31\/les-evaluations-decole-territorialisation-extreme-dans-le-cadre-de-levaluation-permanente\/\" rel=\"noreferrer noopener\" target=\"_blank\">l\u00e0<\/a>)<\/em><\/strong><\/p>\n\n\n\n<p>Sollicitant l&rsquo;IA-DASEN sur les modalit\u00e9s retenues dans le d\u00e9partement, il nous a r\u00e9pondu qu&rsquo;ils avaient fait remonter les r\u00e9sultats de l&rsquo;exp\u00e9rimentation faite dans le d\u00e9partement au minist\u00e8re et que pour l&rsquo;instant tout est en suspens, le manque de personnels notamment rempla\u00e7ants posant des probl\u00e8mes de mise en place&#8230;<\/p>\n\n\n\n<p>Rappelons que le Minist\u00e8re pr\u00e9voyait que 20% des \u00e9coles soient \u00e9valu\u00e9es tous les ans d\u00e8s septembre.<\/p>\n\n\n\n<p>Comme pour les constellations, la r\u00e9sistance sur le terrain, aid\u00e9e et souvent initi\u00e9e par le SNUDI-FO, freine les objectifs minist\u00e9riels.<\/p>\n\n\n\n<p>Nul doute que la col\u00e8re exprim\u00e9e le 13 janvier a quelque peu \u00e9branl\u00e9 le Ministre et ralenti ses plans.<\/p>\n\n\n\n<p>Le SNUDI-FO continue d&rsquo;intervenir \u00e0 tous les niveaux et d&rsquo;informer les personnels <em>(d\u00e9j\u00e0 plus de 500 PE r\u00e9unis depuis septembre dans le 37) <\/em>pour faire \u00e9chec aux funestes projets minist\u00e9riels du Grenelle.<\/p>\n\n\n\n<p class=\"has-vivid-red-color has-text-color\"><strong>Manque d&rsquo;AESH ? un scandale : 207 \u00e9l\u00e8ves notifi\u00e9s sont non accompagn\u00e9s \u00e0 cette date !<\/strong><\/p>\n\n\n\n<p>Nous avons soulev\u00e9 le manque d&rsquo;AESH qui nous remonte de plusieurs \u00e9coles !<br>L&rsquo;IEN ASH et IA-DASEN confirment le fait que le Minist\u00e8re n&rsquo;a pas allou\u00e9 l&rsquo;enveloppe qu&rsquo;il alloue habituellement en janvier ! Elle est l\u00e0 la bienveillance de l&rsquo;Education Nationale et de l&rsquo;Ecole dite inclusive!<br>Un vrai scandale !<br>Ce n&rsquo;est pas un manque de vivier qui p\u00e9nalise ces 207 \u00e9l\u00e8ves mais bien le fait que le Minist\u00e8re ait bloqu\u00e9 son budget. Nous voyons imm\u00e9diatement avec notre f\u00e9d\u00e9ration nationale pour qu&rsquo;elle saisisse le Minist\u00e8re sur ce dossier en urgence!<\/p>\n\n\n\n<p class=\"has-vivid-red-color has-text-color\"><strong>Mouvement : nous avons rappel\u00e9 nos revendications :<\/strong><\/p>\n\n\n\n<p>Nous avons demand\u00e9 \u00e0 obtenir la circulaire mouvement rapidement. Une r\u00e9union de pr\u00e9sentation aux syndicats aura lieu le 22 mars. Dans le cadre des modifications du logiciel, nous avons rappel\u00e9 notre exigence qu&rsquo;aucune zone ne soit impos\u00e9e aux coll\u00e8gues. <strong>Participez \u00e0 nos RIS mouvement pour plus d&rsquo;informations :<\/strong><a href=\"https:\/\/framaforms.org\/snudi-fo-visioris-speciale-mouvement-1641302196\" rel=\"noreferrer noopener\" target=\"_blank\">visio ici<\/a> ou pr\u00e9sentiel le 16 mars !<\/p>\n\n\n\n<p>Le serveur devrait ouvrir le 1er avril !<\/p>\n\n\n\n<p class=\"has-vivid-red-color has-text-color\"><strong>Mouvement TRS et TS et augmentation d\u00e9charge de direction :<\/strong><\/p>\n\n\n\n<p>Nous avons demand\u00e9 quels seront les choix de l&rsquo;IA-DASEN pour les TRS ou TS en poste sur les recompositions de d\u00e9charges de direction, celles-ci \u00e9tant modifi\u00e9es \u00e0 la rentr\u00e9e 2022. Nous avons demand\u00e9 qu&rsquo;aucun TRS ou TS ne soit p\u00e9nalis\u00e9 et nous d\u00e9fendrons chaque dossier.<\/p>\n\n\n\n<p>Pour rappel :<br><strong><em>Changement du r\u00e9gime de d\u00e9charge des directeurs d&rsquo;\u00e9cole en septembre 2022<\/em><\/strong><br><em>13 classes &#8211; passage de 3\/4 de d\u00e9charge \u00e0 une d\u00e9charge compl\u00e8te<\/em><br><em>12 classes &#8211; passage d&rsquo;1\/2 d\u00e9charge \u00e0 une d\u00e9charge compl\u00e8te<\/em><br><em>6 et 7 classes &#8211; passage de 1\/4 \u00e0 1\/3 de d\u00e9charge<\/em><\/p>\n\n\n\n<p><strong>Vous \u00eates TD-TRS ou TS et serez impact\u00e9s par l&rsquo;augmentation des d\u00e9charges de direction?<\/strong><br>Contactez-nous \u00e0 <a rel=\"noreferrer noopener\" href=\"mailto:snudi.fo37@gmail.com\" target=\"_blank\">snudi.fo37@gmail.com<\/a> en nous laissant votre nom, pr\u00e9nom et affectation<\/p>\n\n\n\n<p class=\"has-vivid-red-color has-text-color\"><strong>Droit syndical : RIS et Animations P\u00e9dagogiques<\/strong><\/p>\n\n\n\n<p>L&rsquo;IA-DASEN nous a confirm\u00e9 qu&rsquo;aucune entrave ne sera faite \u00e0 la d\u00e9duction des RIS sur les animations p\u00e9dagogiques. Pour tout probl\u00e8me, <a href=\"mailto:snudi.fo37@gmail.com\" target=\"_blank\" rel=\"noreferrer noopener\">snudi.fo37@gmail.com<\/a> ou 06 32 39 05 38<\/p>\n\n\n\n<p class=\"has-vivid-red-color has-text-color\"><strong>La mission climat scolaire ne doit pas se substituer aux IEN !<\/strong><\/p>\n\n\n\n<p>Nous avons rappel\u00e9 \u00e0 l&rsquo;IA-DASEN que la mission climat scolaire ne devait aucunement se substituer aux IEN ni \u00eatre une obstruction \u00e0 la protection des coll\u00e8gues mis en cause et malmen\u00e9s.<br>L&rsquo;IA-DASEN s&rsquo;est engag\u00e9 \u00e0 le rappeler aux IEN.<br>Pour tout probl\u00e8me, <a rel=\"noreferrer noopener\" href=\"mailto:snudi.fo37@gmail.com\" target=\"_blank\">snudi.fo37@gmail.com<\/a> ou 06 32 39 05 38<\/p>\n\n\n\n<p><\/p>\n\n\n\n<p class=\"has-vivid-red-color has-text-color\"><strong>Temps partiel 80% : nous avons demande l&rsquo;annulation des remplacements<\/strong><\/p>\n\n\n\n<p>Nous avons rappel\u00e9 notre demande d&rsquo;annulation du fait de renvoyer les coll\u00e8gues \u00e0 80% sur des missions de remplacement pour 7 jours et renouvel\u00e9 notre demande que les TRS puissent rester en surnombre.<br>L&rsquo;IA-DASEN nous a assur\u00e9 que cela se passait bien et que chaque situation particuli\u00e8re \u00e9tait prise en compte. Les directeurs en sont toujours exempt\u00e9s comme nous l&rsquo;avions obtenu. Les coll\u00e8gues compl\u00e9t\u00e9s par des contractuels alternants ne seraient pas concern\u00e9s&#8230;&nbsp;<br>En cas de difficult\u00e9 ou situation particuli\u00e8re, le SNUDI-FO est \u00e0 vos c\u00f4t\u00e9s : pour toute question, <a rel=\"noreferrer noopener\" href=\"mailto:snudi.fo37@gmail.com\" target=\"_blank\">snudi.fo37@gmail.com<\/a><\/p>\n\n\n\n<p class=\"has-vivid-red-color has-text-color\"><strong>Avis de suppl\u00e9ance et arr\u00eat\u00e9s des rempla\u00e7ants &#8230;<\/strong><\/p>\n\n\n\n<p>Nous avons demand\u00e9 les raisons du retard dans l&rsquo;envoi des avis de suppl\u00e9ances des rempla\u00e7ants. L&rsquo;IA-DASEN nous a r\u00e9pondu que cela \u00e9tait d\u00fb \u00e0 la surcharge de travail li\u00e9e \u00e0 la situation sanitaire. Nous solliciter si cela perdure \u00e0 <a href=\"mailto:snudi.fo37@gmail.com\" target=\"_blank\" rel=\"noreferrer noopener\">snudi.fo37@gmail.com<\/a><\/p>\n\n\n\n<p class=\"has-vivid-red-color has-text-color\"><strong>\u00ab\u00a0Visio \u00e9clairs\u00a0\u00bb des directeurs : pas de r\u00e9cup\u00e9ration possible&nbsp;<\/strong><\/p>\n\n\n\n<p>Nous avons demand\u00e9 que les coll\u00e8gues directeurs qui participent aux \u00ab\u00a0visios \u00e9clairs\u00a0\u00bb propos\u00e9es par la DSDEN puissent r\u00e9cup\u00e9rer les heures sur leurs 108h. Refus de l&rsquo;IA-DASEN expliquant qu&rsquo;il n&rsquo;y avait aucune obligation d&rsquo;y participer&#8230;<\/p>\n\n\n\n<p class=\"has-vivid-red-color has-text-color\"><strong>Pass \u00e9ducation : retard de livraison<\/strong><\/p>\n\n\n\n<p>Nous avons rappel\u00e9 que nous sommes intervenus en f\u00e9vrier avant les cong\u00e9s pour que chaque coll\u00e8gue puisse avoir son pass \u00e9ducation avant de partir en vacances.<br>L&rsquo;IA-DASEN a expliqu\u00e9 que des probl\u00e8mes de logistiques ont impact\u00e9 certaines circonscriptions et que tous doivent avoir \u00e9t\u00e9 livr\u00e9s.<br>Nous solliciter si ce n&rsquo;est pas arriv\u00e9 \u00e0 ce jour \u00e0 <a rel=\"noreferrer noopener\" href=\"mailto:snudi.fo37@gmail.com\" target=\"_blank\">snudi.fo37@gmail.com<\/a><\/p>\n\n\n\n<p class=\"has-vivid-red-color has-text-color\"><strong>Convocation stage la\u00efcit\u00e9 mercredi 9 mars :<\/strong><\/p>\n\n\n\n<p>Des coll\u00e8gues nous ont saisis hier en raison de la convocation \u00e0 un stage de formation mercredi 9 mars (dans moins de 2 semaines) toute la journ\u00e9e.<br>Nous avons d\u00e9nonc\u00e9 le cours d\u00e9lai de convocation, expliqu\u00e9 que des coll\u00e8gues ont des obligations cal\u00e9es et demand\u00e9 le report ainsi que le d\u00e9coupage en 2 demi-journ\u00e9es, les semaines \u00e9tant d\u00e9j\u00e0 extr\u00eamement charg\u00e9es.<br>Le Rectorat g\u00e9rant ces stages, l&rsquo;IA-DASEN nous a expliqu\u00e9 qu&rsquo;il allait \u00eatre compliqu\u00e9 de modifier les choses.<br>Nous invitons les coll\u00e8gues qui le souhaitent \u00e0 s&rsquo;inscrire \u00e0 nos RIS pour les d\u00e9duire de ce stage.<\/p>\n\n\n\n<p class=\"has-vivid-red-color has-text-color\"><strong>Stages d&rsquo;\u00e9coles et formations suspendues &#8230;<\/strong><\/p>\n\n\n\n<p>Les stages d&rsquo;\u00e9coles initialement pr\u00e9vus ne se sont pas tenus en raison de la suspension des formations.<br>Toutes les formations sont de nouveau suspendues pour une semaine pour l&rsquo;instant.<\/p>\n<a class=\"synved-social-button synved-social-button-share synved-social-size-32 synved-social-resolution-single synved-social-provider-facebook nolightbox\" data-provider=\"facebook\" target=\"_blank\" rel=\"nofollow\" title=\"Faites le savoir \u00e0 vos amis via Facebook \" href=\"https:\/\/www.facebook.com\/sharer.php?u=https%3A%2F%2Fsnudifo37.fr%2Findex.php%2Fwp-json%2Fwp%2Fv2%2Fposts%2F4467&#038;t=LE%20SNUDI-FO%20re%C3%A7u%20en%20audience%20par%20l%E2%80%99IA%20DASEN&#038;s=100&#038;p&#091;url&#093;=https%3A%2F%2Fsnudifo37.fr%2Findex.php%2Fwp-json%2Fwp%2Fv2%2Fposts%2F4467&#038;p&#091;images&#093;&#091;0&#093;=&#038;p&#091;title&#093;=LE%20SNUDI-FO%20re%C3%A7u%20en%20audience%20par%20l%E2%80%99IA%20DASEN\" style=\"font-size: 0px;width:32px;height:32px;margin:0;margin-bottom:20px;margin-right:20px\"><img loading=\"lazy\" decoding=\"async\" alt=\"Facebook\" title=\"Faites le savoir \u00e0 vos amis via Facebook \" class=\"synved-share-image synved-social-image synved-social-image-share\" width=\"32\" height=\"32\" style=\"display: inline;width:32px;height:32px;margin: 0;padding: 0;border: none;box-shadow: none\" src=\"https:\/\/snudifo37.fr\/wp-content\/plugins\/social-media-feather\/synved-social\/image\/social\/regular\/64x64\/facebook.png\" \/><\/a><a class=\"synved-social-button synved-social-button-share synved-social-size-32 synved-social-resolution-single synved-social-provider-twitter nolightbox\" data-provider=\"twitter\" target=\"_blank\" rel=\"nofollow\" title=\"Informez-en vos amis via Twitter\" href=\"https:\/\/twitter.com\/intent\/tweet?url=https%3A%2F%2Fsnudifo37.fr%2Findex.php%2Fwp-json%2Fwp%2Fv2%2Fposts%2F4467&#038;text=Le%20Snudi-Fo%20vous%20informe%3A\" style=\"font-size: 0px;width:32px;height:32px;margin:0;margin-bottom:20px;margin-right:20px\"><img loading=\"lazy\" decoding=\"async\" alt=\"twitter\" title=\"Informez-en vos amis via Twitter\" class=\"synved-share-image synved-social-image synved-social-image-share\" width=\"32\" height=\"32\" style=\"display: inline;width:32px;height:32px;margin: 0;padding: 0;border: none;box-shadow: none\" src=\"https:\/\/snudifo37.fr\/wp-content\/plugins\/social-media-feather\/synved-social\/image\/social\/regular\/64x64\/twitter.png\" \/><\/a><a class=\"synved-social-button synved-social-button-share synved-social-size-32 synved-social-resolution-single synved-social-provider-mail nolightbox\" data-provider=\"mail\" rel=\"nofollow\" title=\"Les derni\u00e8res informations du Snudi-Fo 37\" href=\"mailto:?subject=LE%20SNUDI-FO%20re%C3%A7u%20en%20audience%20par%20l%E2%80%99IA%20DASEN&#038;body=Le%20Snudi-Fo%20vous%20informe%3A:%20https%3A%2F%2Fsnudifo37.fr%2Findex.php%2Fwp-json%2Fwp%2Fv2%2Fposts%2F4467\" style=\"font-size: 0px;width:32px;height:32px;margin:0;margin-bottom:20px\"><img loading=\"lazy\" decoding=\"async\" alt=\"mail\" title=\"Les derni\u00e8res informations du Snudi-Fo 37\" class=\"synved-share-image synved-social-image synved-social-image-share\" width=\"32\" height=\"32\" style=\"display: inline;width:32px;height:32px;margin: 0;padding: 0;border: none;box-shadow: none\" src=\"https:\/\/snudifo37.fr\/wp-content\/plugins\/social-media-feather\/synved-social\/image\/social\/regular\/64x64\/mail.png\" \/><\/a>","protected":false},"excerpt":{"rendered":"<p>Le SNUDI-FO re\u00e7u hier soir pendant pr\u00e8s de 3h (de 18h30 \u00e0 21h15) en audience par l&rsquo;IA-DASEN sur de nombreux dossiers d&rsquo;actualit\u00e9s dans les \u00e9coles et \u00e9galement sur des situations individuelles.<\/p>\n","protected":false},"author":1,"featured_media":0,"comment_status":"closed","ping_status":"closed","sticky":false,"template":"","format":"standard","meta":{"footnotes":""},"categories":[1],"tags":[1179,43,20],"class_list":["post-4467","post","type-post","status-publish","format-standard","hentry","category-non-classe","tag-1179","tag-audience","tag-snudi-fo"],"_links":{"self":[{"href":"https:\/\/snudifo37.fr\/index.php\/wp-json\/wp\/v2\/posts\/4467","targetHints":{"allow":["GET"]}}],"collection":[{"href":"https:\/\/snudifo37.fr\/index.php\/wp-json\/wp\/v2\/posts"}],"about":[{"href":"https:\/\/snudifo37.fr\/index.php\/wp-json\/wp\/v2\/types\/post"}],"author":[{"embeddable":true,"href":"https:\/\/snudifo37.fr\/index.php\/wp-json\/wp\/v2\/users\/1"}],"replies":[{"embeddable":true,"href":"https:\/\/snudifo37.fr\/index.php\/wp-json\/wp\/v2\/comments?post=4467"}],"version-history":[{"count":2,"href":"https:\/\/snudifo37.fr\/index.php\/wp-json\/wp\/v2\/posts\/4467\/revisions"}],"predecessor-version":[{"id":4469,"href":"https:\/\/snudifo37.fr\/index.php\/wp-json\/wp\/v2\/posts\/4467\/revisions\/4469"}],"wp:attachment":[{"href":"https:\/\/snudifo37.fr\/index.php\/wp-json\/wp\/v2\/media?parent=4467"}],"wp:term":[{"taxonomy":"category","embeddable":true,"href":"https:\/\/snudifo37.fr\/index.php\/wp-json\/wp\/v2\/categories?post=4467"},{"taxonomy":"post_tag","embeddable":true,"href":"https:\/\/snudifo37.fr\/index.php\/wp-json\/wp\/v2\/tags?post=4467"}],"curies":[{"name":"wp","href":"https:\/\/api.w.org\/{rel}","templated":true}]}}