{"id":4414,"date":"2022-02-05T13:17:14","date_gmt":"2022-02-05T12:17:14","guid":{"rendered":"https:\/\/snudifo37.fr\/?p=4414"},"modified":"2022-02-26T17:03:28","modified_gmt":"2022-02-26T16:03:28","slug":"appel-de-remplacants-reunis-avec-le-snudi-fo-37-rassemblement","status":"publish","type":"post","link":"https:\/\/snudifo37.fr\/index.php\/2022\/02\/05\/appel-de-remplacants-reunis-avec-le-snudi-fo-37-rassemblement\/","title":{"rendered":"Appel de rempla\u00e7ants r\u00e9unis avec                                               le SNUDI-FO 37 : rassemblement !"},"content":{"rendered":"\n<p class=\"has-text-align-center has-vivid-red-color has-text-color\">      <strong>Projet de modification de la gestion du remplacement :&nbsp;<\/strong><\/p>\n\n\n\n<p class=\"has-text-align-center has-vivid-red-color has-text-color\"><strong>Appel de rempla\u00e7ants r\u00e9unis avec le SNUDI-FO 37<\/strong><\/p>\n\n\n\n<p>Nous, professeurs des \u00e9coles rempla\u00e7ants d\u2019Indre-et-Loire r\u00e9unis ce 4 f\u00e9vrier avec le SNUDI-FO, avons pris connaissance du projet de l\u2019IA-DASEN d\u2019exp\u00e9rimentation de r\u00e9organisation de la gestion du remplacement qui impacterait nos missions.<\/p>\n\n\n\n<p>Consid\u00e9rant que&nbsp;:<\/p>\n\n\n\n<p>&#8211; De telles initiatives sont men\u00e9es dans plusieurs d\u00e9partements avec tr\u00e8s souvent la fusion des missions des ZIL et des BD et des cons\u00e9quences catastrophiques pour les personnels voire une privatisation de la gestion avec Andjaro ;<\/p>\n\n\n\n<p>&#8211; La circonscription doit rester l\u2019\u00e9chelon de proximit\u00e9 pour la gestion des ZIL ;<\/p>\n\n\n\n<p><strong>&#8211; Nous sommes tous concern\u00e9s (rempla\u00e7ants, directeurs, adjoints) <\/strong>car cette exp\u00e9rimentation s\u2019inscrit dans les projets minist\u00e9riels de fusion des corps d\u2019inspection en janvier 2023 avec les IEN qui perdraient la pr\u00e9rogative de gestion des \u00e9coles retombant sur les directeurs d\u2019\u00e9cole dans le cadre de la Loi Rilhac et mena\u00e7ant de fait l\u2019existence des circonscriptions ;<\/p>\n\n\n\n<p>&#8211; Malgr\u00e9 la col\u00e8re exprim\u00e9e le 13 janvier, le Ministre continue ses contre-r\u00e9formes et de s\u2019attaquer \u00e0 notre statut,<\/p>\n\n\n\n<p><strong>Nous demandons solennellement \u00e0 Monsieur l\u2019Inspecteur d\u2019Acad\u00e9mie de renoncer \u00e0 cette exp\u00e9rimentation d\u00e8s \u00e0 pr\u00e9sent.<\/strong><\/p>\n\n\n\n<p>Inform\u00e9s de l\u2019appel \u00e0 un rassemblement sur la carte scolaire devant la pr\u00e9fecture le mardi 22 f\u00e9vrier \u00e0 partir de 17h lors du CDEN, nous appelons tous les coll\u00e8gues \u00e0 y \u00eatre pr\u00e9sents pour faire entendre cette revendication.<\/p>\n\n\n\n<p>Nous appelons tous les syndicats d\u2019Indre-et-Loire pour que, d\u2019une part, ils soutiennent cette revendication, la d\u00e9fendent lors des instances et qu\u2019ils appellent au rassemblement le 22 f\u00e9vrier.<\/p>\n\n\n\n<p class=\"has-text-align-center has-vivid-red-color has-text-color\"><strong>Pour l&rsquo;abandon de l&rsquo;exp\u00e9rimentation du DASEN de la gestion du remplacement,<\/strong><\/p>\n\n\n\n<p class=\"has-text-align-center has-vivid-red-color has-text-color\"><strong>Contre les fermetures de classes, pour les ouvertures n\u00e9cessaires,<\/strong><\/p>\n\n\n\n<p class=\"has-text-align-center has-vivid-red-color has-text-color\"><strong>Rassemblons-nous massivement devant la pr\u00e9fecture le soir du CDEN*&nbsp;<\/strong><\/p>\n\n\n\n<p class=\"has-text-align-center has-vivid-red-color has-text-color\"><strong>le mardi 22 f\u00e9vrier \u00e0 partir de 17h&nbsp;<\/strong><\/p>\n\n\n\n<p>* Comit\u00e9 D\u00e9partemental de l&rsquo;Education Nationale dans lequel si\u00e8gent entre autres le pr\u00e9fet, l&rsquo;IA-DASEN, les syndicats repr\u00e9sentatifs (FO, FSU, UNSA, CGT), les associations de parents&#8230; <strong>Manifestons nombreux sous leurs fen\u00eatres !<\/strong><\/p>\n\n\n\n<p><strong>Pour toute question, toute aide : snudi.fo37@gmail.com ou 06 32 39 05 38 !<\/strong><\/p>\n<a class=\"synved-social-button synved-social-button-share synved-social-size-32 synved-social-resolution-single synved-social-provider-facebook nolightbox\" data-provider=\"facebook\" target=\"_blank\" rel=\"nofollow\" title=\"Faites le savoir \u00e0 vos amis via Facebook \" href=\"https:\/\/www.facebook.com\/sharer.php?u=https%3A%2F%2Fsnudifo37.fr%2Findex.php%2Fwp-json%2Fwp%2Fv2%2Fposts%2F4414&#038;t=Appel%20de%20rempla%C3%A7ants%20r%C3%A9unis%20avec%20%20%20%20%20%20%20%20%20%20%20%20%20%20%20%20%20%20%20%20%20%20%20%20%20%20%20%20%20%20%20%20%20%20%20%20%20%20%20%20%20%20%20%20%20%20%20le%20SNUDI-FO%2037%20%3A%20rassemblement%20%21&#038;s=100&#038;p&#091;url&#093;=https%3A%2F%2Fsnudifo37.fr%2Findex.php%2Fwp-json%2Fwp%2Fv2%2Fposts%2F4414&#038;p&#091;images&#093;&#091;0&#093;=https%3A%2F%2Fsnudifo37.fr%2Fwp-content%2Fuploads%2F2020%2F06%2Fwarning-alert-sign.jpg&#038;p&#091;title&#093;=Appel%20de%20rempla%C3%A7ants%20r%C3%A9unis%20avec%20%20%20%20%20%20%20%20%20%20%20%20%20%20%20%20%20%20%20%20%20%20%20%20%20%20%20%20%20%20%20%20%20%20%20%20%20%20%20%20%20%20%20%20%20%20%20le%20SNUDI-FO%2037%20%3A%20rassemblement%20%21\" style=\"font-size: 0px;width:32px;height:32px;margin:0;margin-bottom:20px;margin-right:20px\"><img loading=\"lazy\" decoding=\"async\" alt=\"Facebook\" title=\"Faites le savoir \u00e0 vos amis via Facebook \" class=\"synved-share-image synved-social-image synved-social-image-share\" width=\"32\" height=\"32\" style=\"display: inline;width:32px;height:32px;margin: 0;padding: 0;border: none;box-shadow: none\" src=\"https:\/\/snudifo37.fr\/wp-content\/plugins\/social-media-feather\/synved-social\/image\/social\/regular\/64x64\/facebook.png\" \/><\/a><a class=\"synved-social-button synved-social-button-share synved-social-size-32 synved-social-resolution-single synved-social-provider-twitter nolightbox\" data-provider=\"twitter\" target=\"_blank\" rel=\"nofollow\" title=\"Informez-en vos amis via Twitter\" href=\"https:\/\/twitter.com\/intent\/tweet?url=https%3A%2F%2Fsnudifo37.fr%2Findex.php%2Fwp-json%2Fwp%2Fv2%2Fposts%2F4414&#038;text=Le%20Snudi-Fo%20vous%20informe%3A\" style=\"font-size: 0px;width:32px;height:32px;margin:0;margin-bottom:20px;margin-right:20px\"><img loading=\"lazy\" decoding=\"async\" alt=\"twitter\" title=\"Informez-en vos amis via Twitter\" class=\"synved-share-image synved-social-image synved-social-image-share\" width=\"32\" height=\"32\" style=\"display: inline;width:32px;height:32px;margin: 0;padding: 0;border: none;box-shadow: none\" src=\"https:\/\/snudifo37.fr\/wp-content\/plugins\/social-media-feather\/synved-social\/image\/social\/regular\/64x64\/twitter.png\" \/><\/a><a class=\"synved-social-button synved-social-button-share synved-social-size-32 synved-social-resolution-single synved-social-provider-mail nolightbox\" data-provider=\"mail\" rel=\"nofollow\" title=\"Les derni\u00e8res informations du Snudi-Fo 37\" href=\"mailto:?subject=Appel%20de%20rempla%C3%A7ants%20r%C3%A9unis%20avec%20%20%20%20%20%20%20%20%20%20%20%20%20%20%20%20%20%20%20%20%20%20%20%20%20%20%20%20%20%20%20%20%20%20%20%20%20%20%20%20%20%20%20%20%20%20%20le%20SNUDI-FO%2037%20%3A%20rassemblement%20%21&#038;body=Le%20Snudi-Fo%20vous%20informe%3A:%20https%3A%2F%2Fsnudifo37.fr%2Findex.php%2Fwp-json%2Fwp%2Fv2%2Fposts%2F4414\" style=\"font-size: 0px;width:32px;height:32px;margin:0;margin-bottom:20px\"><img loading=\"lazy\" decoding=\"async\" alt=\"mail\" title=\"Les derni\u00e8res informations du Snudi-Fo 37\" class=\"synved-share-image synved-social-image synved-social-image-share\" width=\"32\" height=\"32\" style=\"display: inline;width:32px;height:32px;margin: 0;padding: 0;border: none;box-shadow: none\" src=\"https:\/\/snudifo37.fr\/wp-content\/plugins\/social-media-feather\/synved-social\/image\/social\/regular\/64x64\/mail.png\" \/><\/a>","protected":false},"excerpt":{"rendered":"<p>Nous, professeurs des \u00e9coles rempla\u00e7ants d\u2019Indre-et-Loire r\u00e9unis ce 4 f\u00e9vrier avec le SNUDI-FO, avons pris connaissance du projet de l\u2019IA-DASEN d\u2019exp\u00e9rimentation de r\u00e9organisation de la gestion du remplacement qui impacterait nos missions.<br \/>\nRassemblons-nous massivement devant la pr\u00e9fecture, le mardi 22 f\u00e9vrier \u00e0 partir de 17h.<\/p>\n","protected":false},"author":1,"featured_media":2442,"comment_status":"closed","ping_status":"closed","sticky":false,"template":"","format":"standard","meta":{"footnotes":""},"categories":[1],"tags":[1179,20],"class_list":["post-4414","post","type-post","status-publish","format-standard","has-post-thumbnail","hentry","category-non-classe","tag-1179","tag-snudi-fo"],"_links":{"self":[{"href":"https:\/\/snudifo37.fr\/index.php\/wp-json\/wp\/v2\/posts\/4414","targetHints":{"allow":["GET"]}}],"collection":[{"href":"https:\/\/snudifo37.fr\/index.php\/wp-json\/wp\/v2\/posts"}],"about":[{"href":"https:\/\/snudifo37.fr\/index.php\/wp-json\/wp\/v2\/types\/post"}],"author":[{"embeddable":true,"href":"https:\/\/snudifo37.fr\/index.php\/wp-json\/wp\/v2\/users\/1"}],"replies":[{"embeddable":true,"href":"https:\/\/snudifo37.fr\/index.php\/wp-json\/wp\/v2\/comments?post=4414"}],"version-history":[{"count":3,"href":"https:\/\/snudifo37.fr\/index.php\/wp-json\/wp\/v2\/posts\/4414\/revisions"}],"predecessor-version":[{"id":4417,"href":"https:\/\/snudifo37.fr\/index.php\/wp-json\/wp\/v2\/posts\/4414\/revisions\/4417"}],"wp:featuredmedia":[{"embeddable":true,"href":"https:\/\/snudifo37.fr\/index.php\/wp-json\/wp\/v2\/media\/2442"}],"wp:attachment":[{"href":"https:\/\/snudifo37.fr\/index.php\/wp-json\/wp\/v2\/media?parent=4414"}],"wp:term":[{"taxonomy":"category","embeddable":true,"href":"https:\/\/snudifo37.fr\/index.php\/wp-json\/wp\/v2\/categories?post=4414"},{"taxonomy":"post_tag","embeddable":true,"href":"https:\/\/snudifo37.fr\/index.php\/wp-json\/wp\/v2\/tags?post=4414"}],"curies":[{"name":"wp","href":"https:\/\/api.w.org\/{rel}","templated":true}]}}