{"id":4376,"date":"2022-02-01T09:45:19","date_gmt":"2022-02-01T08:45:19","guid":{"rendered":"https:\/\/snudifo37.fr\/?p=4376"},"modified":"2022-02-01T09:47:49","modified_gmt":"2022-02-01T08:47:49","slug":"alerte-ils-accelerent-lia-dasen-sur-consignes-du-ministre-sen-prend-aux-remplacants","status":"publish","type":"post","link":"https:\/\/snudifo37.fr\/index.php\/2022\/02\/01\/alerte-ils-accelerent-lia-dasen-sur-consignes-du-ministre-sen-prend-aux-remplacants\/","title":{"rendered":"ALERTE !!\u00a0Ils acc\u00e9l\u00e8rent ! L&rsquo;IA-DASEN, sur consignes du Ministre, s&rsquo;en prend aux rempla\u00e7ants !"},"content":{"rendered":"\n<p>L&rsquo;Inspecteur d&rsquo;Acad\u00e9mie a r\u00e9uni ce soir les syndicats du 1er degr\u00e9 et ceux des administratifs pour pr\u00e9senter <em>\u00ab\u00a0une r\u00e9organisation des services\u00a0\u00bb<\/em>&#8230;.&nbsp;<\/p>\n\n\n\n<p class=\"has-vivid-red-color has-text-color\"><strong>Ce que craignait le SNUDI-FO s&rsquo;est r\u00e9v\u00e9l\u00e9 exact : les rempla\u00e7ants ZIL sont menac\u00e9s &#8230; et&nbsp; les remplacements courts avec !<\/strong><\/p>\n\n\n\n<p>Subissant les suppressions de postes massives ces derni\u00e8res ann\u00e9es, les services administratifs vont se voir red\u00e9ploy\u00e9s&#8230;<\/p>\n\n\n\n<p>S&rsquo;appuyant sur les conditions de travail difficiles de ces personnels, l&rsquo;IA-DASEN pr\u00e9voit d&rsquo;exp\u00e9rimenter <strong>la centralisation de la gestion des rempla\u00e7ants \u00e0 la DSDEN<\/strong> pour les deux circonscriptions de St Avertin et Tours Nord Sud d\u00e8s la rentr\u00e9e 2022 avant une \u00e9ventuelle g\u00e9n\u00e9ralisation ensuite.<br>Il n&rsquo;y aurait plus qu&rsquo;une seule secr\u00e9taire de circonscription pour 2 circonscriptions qui n&rsquo;aurait plus la gestion des remplacements, tout cela\u00a0\u00bb en vue d&rsquo;une meilleure efficience du syst\u00e8me de remplacement \u00ab\u00a0!<\/p>\n\n\n\n<p>Le SNUDI-FO a point\u00e9 l&rsquo;impact sur les titulaires rempla\u00e7ants et demander l&rsquo;abandon imm\u00e9diat de ce projet. <br>L&rsquo;IA-DASEN a confirm\u00e9 que les missions de ces personnels seraient revues&#8230;. <strong>Alerte sur la distinction ZIL et BD !<\/strong> <br>Nous avons rappel\u00e9 que les 2 derni\u00e8res fois o\u00f9 le pr\u00e9c\u00e9dent IA-DASEN a tent\u00e9 cette op\u00e9ration, il a fait face \u00e0 une lev\u00e9e de boucliers, aid\u00e9e par le SNUDI-FO, avant de reculer, et que dans le contexte actuel, <strong>c&rsquo;\u00e9tait une v\u00e9ritable nouvelle provocation !<\/strong><\/p>\n\n\n\n<p>Le SNUDI-FO a expliqu\u00e9 qu&rsquo;il s&rsquo;agissait ni plus ni moins que de la <strong>pr\u00e9paration de la fusion des corps d&rsquo;inspection en janvier 2023<\/strong> <em>(FO a vot\u00e9 contre au Comit\u00e9 Technique Minist\u00e9riel)<\/em> <strong>avec la fin de la gestion des \u00e9coles par les IEN <\/strong>devenus inspecteurs territoriaux avec d&rsquo;autres missions&#8230; <a href=\"https:\/\/snudifo37.fr\/index.php\/2021\/01\/22\/nouvelles-missions-des-inspecteurs-encore-des-attaques-inacceptables-contre-les-statuts-particuliers-de-corps\/\">(lire ici!)<\/a> et la fin des circonscriptions. (la gestion des \u00e9coles retombant sur les directeurs dans le cadre de la Loi Rilhac)<\/p>\n\n\n\n<p>Nous avons soulev\u00e9 le fait que ces exp\u00e9rimentations se d\u00e9roulaient dans d&rsquo;autres d\u00e9partements, avec l&rsquo;aboutissement vers la gestion privatis\u00e9e <a href=\"https:\/\/snudifo37.fr\/index.php\/2021\/06\/20\/stop-a-la-privatisation-de-leducation-nationale-abandon-de-lapplication-de-gestion-des-remplacants-andjaro\/\">par la start up Andjaro !<\/a><\/p>\n\n\n\n<p>Nous avons expliqu\u00e9 \u00e0 l&rsquo;IA-DASEN qu&rsquo;il \u00e9tait hors de question qu&rsquo;il modifie les missions des rempla\u00e7ants d&rsquo;autant plus \u00e0 l&rsquo;approche de la rentr\u00e9e et que cela ne serait pas r\u00e9glementaire. Il convoquera un CTSD extraordinaire pour que cela le soit.<br>Cela confirme nos craintes !&nbsp;<\/p>\n\n\n\n<p><strong>Le SNUDI-FO alerte toute la profession : ce n&rsquo;est pas une question de rempla\u00e7ants. <\/strong><br><strong>Il s&rsquo;agit d&rsquo;une forte menace sur les remplacements courts et de la mise en place du Grenelle-PPCR et du nouveau management !<\/strong>&nbsp;<\/p>\n\n\n\n<h3 class=\"has-text-align-center wp-block-heading\" id=\"nous-appelons-dans-un-premier-temps\">Nous appelons dans un premier temps <\/h3>\n\n\n\n<h2 class=\"has-text-align-center has-vivid-red-color has-text-color wp-block-heading\" id=\"tous-les-remplacants-a-se-reunir-avec-le-snudi-fo-37en-ris-visio-speciale-remplacants-vendredi-4-fevrier-a-17h30\"><strong>tous les rempla\u00e7ants \u00e0 se r\u00e9unir avec le SNUDI-FO 37en RIS visio sp\u00e9ciale rempla\u00e7ants vendredi 4 f\u00e9vrier \u00e0 17h30. <\/strong><\/h2>\n\n\n\n<p class=\"has-text-align-center\">(s&rsquo;inscrire par mail \u00e0 <a>snudi.fo37@gmail.com<\/a>)&nbsp;<\/p>\n\n\n\n<p><strong>Nous nous adressons imm\u00e9diatement au SNuipp FSU pour une action commune afin de bloquer le projet de l&rsquo;IA-DASEN !<\/strong><\/p>\n\n\n\n<p><\/p>\n\n\n\n<p><\/p>\n<a class=\"synved-social-button synved-social-button-share synved-social-size-32 synved-social-resolution-single synved-social-provider-facebook nolightbox\" data-provider=\"facebook\" target=\"_blank\" rel=\"nofollow\" title=\"Faites le savoir \u00e0 vos amis via Facebook \" href=\"https:\/\/www.facebook.com\/sharer.php?u=https%3A%2F%2Fsnudifo37.fr%2Findex.php%2Fwp-json%2Fwp%2Fv2%2Fposts%2F4376&#038;t=ALERTE%20%21%21%C2%A0Ils%20acc%C3%A9l%C3%A8rent%20%21%20L%E2%80%99IA-DASEN%2C%20sur%20consignes%20du%20Ministre%2C%20s%E2%80%99en%20prend%20aux%20rempla%C3%A7ants%20%21&#038;s=100&#038;p&#091;url&#093;=https%3A%2F%2Fsnudifo37.fr%2Findex.php%2Fwp-json%2Fwp%2Fv2%2Fposts%2F4376&#038;p&#091;images&#093;&#091;0&#093;=https%3A%2F%2Fsnudifo37.fr%2Fwp-content%2Fuploads%2F2020%2F05%2FServicesPublics.jpg&#038;p&#091;title&#093;=ALERTE%20%21%21%C2%A0Ils%20acc%C3%A9l%C3%A8rent%20%21%20L%E2%80%99IA-DASEN%2C%20sur%20consignes%20du%20Ministre%2C%20s%E2%80%99en%20prend%20aux%20rempla%C3%A7ants%20%21\" style=\"font-size: 0px;width:32px;height:32px;margin:0;margin-bottom:20px;margin-right:20px\"><img loading=\"lazy\" decoding=\"async\" alt=\"Facebook\" title=\"Faites le savoir \u00e0 vos amis via Facebook \" class=\"synved-share-image synved-social-image synved-social-image-share\" width=\"32\" height=\"32\" style=\"display: inline;width:32px;height:32px;margin: 0;padding: 0;border: none;box-shadow: none\" src=\"https:\/\/snudifo37.fr\/wp-content\/plugins\/social-media-feather\/synved-social\/image\/social\/regular\/64x64\/facebook.png\" \/><\/a><a class=\"synved-social-button synved-social-button-share synved-social-size-32 synved-social-resolution-single synved-social-provider-twitter nolightbox\" data-provider=\"twitter\" target=\"_blank\" rel=\"nofollow\" title=\"Informez-en vos amis via Twitter\" href=\"https:\/\/twitter.com\/intent\/tweet?url=https%3A%2F%2Fsnudifo37.fr%2Findex.php%2Fwp-json%2Fwp%2Fv2%2Fposts%2F4376&#038;text=Le%20Snudi-Fo%20vous%20informe%3A\" style=\"font-size: 0px;width:32px;height:32px;margin:0;margin-bottom:20px;margin-right:20px\"><img loading=\"lazy\" decoding=\"async\" alt=\"twitter\" title=\"Informez-en vos amis via Twitter\" class=\"synved-share-image synved-social-image synved-social-image-share\" width=\"32\" height=\"32\" style=\"display: inline;width:32px;height:32px;margin: 0;padding: 0;border: none;box-shadow: none\" src=\"https:\/\/snudifo37.fr\/wp-content\/plugins\/social-media-feather\/synved-social\/image\/social\/regular\/64x64\/twitter.png\" \/><\/a><a class=\"synved-social-button synved-social-button-share synved-social-size-32 synved-social-resolution-single synved-social-provider-mail nolightbox\" data-provider=\"mail\" rel=\"nofollow\" title=\"Les derni\u00e8res informations du Snudi-Fo 37\" href=\"mailto:?subject=ALERTE%20%21%21%C2%A0Ils%20acc%C3%A9l%C3%A8rent%20%21%20L%E2%80%99IA-DASEN%2C%20sur%20consignes%20du%20Ministre%2C%20s%E2%80%99en%20prend%20aux%20rempla%C3%A7ants%20%21&#038;body=Le%20Snudi-Fo%20vous%20informe%3A:%20https%3A%2F%2Fsnudifo37.fr%2Findex.php%2Fwp-json%2Fwp%2Fv2%2Fposts%2F4376\" style=\"font-size: 0px;width:32px;height:32px;margin:0;margin-bottom:20px\"><img loading=\"lazy\" decoding=\"async\" alt=\"mail\" title=\"Les derni\u00e8res informations du Snudi-Fo 37\" class=\"synved-share-image synved-social-image synved-social-image-share\" width=\"32\" height=\"32\" style=\"display: inline;width:32px;height:32px;margin: 0;padding: 0;border: none;box-shadow: none\" src=\"https:\/\/snudifo37.fr\/wp-content\/plugins\/social-media-feather\/synved-social\/image\/social\/regular\/64x64\/mail.png\" \/><\/a>","protected":false},"excerpt":{"rendered":"<p>Vers la fin des remplacements courts ?<\/p>\n","protected":false},"author":1,"featured_media":2289,"comment_status":"closed","ping_status":"closed","sticky":false,"template":"","format":"standard","meta":{"footnotes":""},"categories":[7],"tags":[1179,109,1215,1069,265,955,123,20,164],"class_list":["post-4376","post","type-post","status-publish","format-standard","has-post-thumbnail","hentry","category-syndicat","tag-1179","tag-brigades","tag-centralisation","tag-gestion","tag-ia-dasen","tag-remplacant","tag-remplacants","tag-snudi-fo","tag-zil"],"_links":{"self":[{"href":"https:\/\/snudifo37.fr\/index.php\/wp-json\/wp\/v2\/posts\/4376","targetHints":{"allow":["GET"]}}],"collection":[{"href":"https:\/\/snudifo37.fr\/index.php\/wp-json\/wp\/v2\/posts"}],"about":[{"href":"https:\/\/snudifo37.fr\/index.php\/wp-json\/wp\/v2\/types\/post"}],"author":[{"embeddable":true,"href":"https:\/\/snudifo37.fr\/index.php\/wp-json\/wp\/v2\/users\/1"}],"replies":[{"embeddable":true,"href":"https:\/\/snudifo37.fr\/index.php\/wp-json\/wp\/v2\/comments?post=4376"}],"version-history":[{"count":3,"href":"https:\/\/snudifo37.fr\/index.php\/wp-json\/wp\/v2\/posts\/4376\/revisions"}],"predecessor-version":[{"id":4380,"href":"https:\/\/snudifo37.fr\/index.php\/wp-json\/wp\/v2\/posts\/4376\/revisions\/4380"}],"wp:featuredmedia":[{"embeddable":true,"href":"https:\/\/snudifo37.fr\/index.php\/wp-json\/wp\/v2\/media\/2289"}],"wp:attachment":[{"href":"https:\/\/snudifo37.fr\/index.php\/wp-json\/wp\/v2\/media?parent=4376"}],"wp:term":[{"taxonomy":"category","embeddable":true,"href":"https:\/\/snudifo37.fr\/index.php\/wp-json\/wp\/v2\/categories?post=4376"},{"taxonomy":"post_tag","embeddable":true,"href":"https:\/\/snudifo37.fr\/index.php\/wp-json\/wp\/v2\/tags?post=4376"}],"curies":[{"name":"wp","href":"https:\/\/api.w.org\/{rel}","templated":true}]}}