{"id":4317,"date":"2022-01-18T15:13:05","date_gmt":"2022-01-18T14:13:05","guid":{"rendered":"https:\/\/snudifo37.fr\/?p=4317"},"modified":"2022-01-18T15:13:56","modified_gmt":"2022-01-18T14:13:56","slug":"le-code-de-leducation-modifie-en-application-de-la-loi-rilhac-plus-que-jamais-le-snudi-fo-exige-son-abandon","status":"publish","type":"post","link":"https:\/\/snudifo37.fr\/index.php\/2022\/01\/18\/le-code-de-leducation-modifie-en-application-de-la-loi-rilhac-plus-que-jamais-le-snudi-fo-exige-son-abandon\/","title":{"rendered":"Le Code de l\u2019Education modifi\u00e9 en application de la loi Rilhac\u2026 Plus que jamais, le SNUDI-FO exige son abandon !"},"content":{"rendered":"\n<div class=\"wp-block-image\"><figure class=\"aligncenter size-full\"><img loading=\"lazy\" decoding=\"async\" width=\"190\" height=\"202\" src=\"https:\/\/snudifo37.fr\/wp-content\/uploads\/2020\/03\/cropped-unnamed.jpg\" alt=\"\" class=\"wp-image-2001\"\/><\/figure><\/div>\n\n\n\n<p>Le 23 d\u00e9cembre 2021, trois articles du code de l\u2019Education (L 411-1, L 411-2 et L 411-4) ont \u00e9t\u00e9 modifi\u00e9s en application de la loi Rilhac.<\/p>\n\n\n\n<h3 class=\"has-text-align-center wp-block-heading\">Le conseil d\u2019\u00e9cole devient d\u00e9cisionnaire (article L411-1) et renforce l\u2019autonomie des \u00e9coles !<\/h3>\n\n\n\n<p>L\u2019article L411-1 confirme le r\u00f4le d\u00e9cisionnaire du conseil d\u2019\u00e9cole : l\u00e0 o\u00f9 la version pr\u00e9c\u00e9dente indiquait <em>\u00ab Le directeur de l&rsquo;\u00e9cole pr\u00e9side le conseil d&rsquo;\u00e9cole qui r\u00e9unit les repr\u00e9sentants de la communaut\u00e9 \u00e9ducative et <strong><u>donne<\/u> <u>son avis sur les principales questions de la vie scolaire<\/u> <\/strong>\u00bb<\/em><strong>, <\/strong>le Code de l\u2019Education pr\u00e9cise d\u00e9sormais <em>\u00ab Le directeur de l&rsquo;\u00e9cole pr\u00e9side le conseil d&rsquo;\u00e9cole qui r\u00e9unit les repr\u00e9sentants de la communaut\u00e9 \u00e9ducative, <strong><u>ent\u00e9rine les d\u00e9cisions<\/u> <u>qui y sont prises et les met en \u0153uvre<\/u> <\/strong><\/em>\u00bb.<\/p>\n\n\n\n<p>Le conseil d\u2019\u00e9cole ne donnerait plus des avis, mais prendrait des d\u00e9cisions, charge au directeur de les appliquer. Celui-ci deviendrait ainsi l\u2019employ\u00e9 d\u2019un conseil d\u2019\u00e9cole d\u2019un nouveau type.<\/p>\n\n\n\n<p>Le SNUDI-FO rejette la mise en place d\u2019\u00e9coles autonomes o\u00f9 chaque conseil d\u2019\u00e9cole (compos\u00e9 des enseignants, des parents, des \u00e9lus locaux, des DDEN) pourrait prendre des d\u00e9cisions propres \u00e0 l\u2019\u00e9cole.<\/p>\n\n\n\n<h3 class=\"has-text-align-center wp-block-heading\">Mise en place de la d\u00e9l\u00e9gation de comp\u00e9tences du DASEN et de l\u2019autorit\u00e9 fonctionnelle (L 411-1)<\/h3>\n\n\n\n<p>L\u2019article L411-1 confirme \u00e9galement que le directeur <em>\u00ab <strong><u>b\u00e9n\u00e9ficie d&rsquo;une d\u00e9l\u00e9gation de comp\u00e9tences de l&rsquo;autorit\u00e9<\/u> <u>acad\u00e9mique<\/u> <\/strong>\u00bb <\/em>et <em>\u00ab <strong><u>dispose d&rsquo;une autorit\u00e9 fonctionnelle<\/u> <\/strong>\u00bb<\/em>. Jusqu\u2019o\u00f9 iront cette d\u00e9l\u00e9gation de comp\u00e9tences et cette autorit\u00e9 fonctionnelle ? Jusqu\u2019\u00e0 participer au recrutement des autres enseignants comme dans le cadre de l\u2019exp\u00e9rimentation Macron \u00e0 Marseille ? Jusqu\u2019\u00e0 les \u00e9valuer comme pr\u00e9conis\u00e9 par la synth\u00e8se des ateliers du Grenelle ?<\/p>\n\n\n\n<p>Par ailleurs, au moment o\u00f9 le ministre s\u2019appr\u00eate \u00e0 fusionner les diff\u00e9rents corps d\u2019inspection et supprimer le corps des IEN en 2023, la d\u00e9l\u00e9gation de comp\u00e9tences et l\u2019autorit\u00e9 fonctionnelle, ne pourront qu\u2019imposer de nouvelles t\u00e2ches aux directeurs, qui n\u2019en ont pas besoin au moment o\u00f9 ils font face aux protocoles Blanquer !<\/p>\n\n\n\n<h3 class=\"has-text-align-center wp-block-heading\">Des d\u00e9charges \u00e0 la t\u00eate du client ! (article L411-2)<\/h3>\n\n\n\n<p>L\u2019article L411-2 indique pour sa part que les directeurs et directrices b\u00e9n\u00e9ficient d\u2019une indemnit\u00e9 de direction (qui existe d\u00e9j\u00e0) et d\u2019un \u00ab <em>avancement acc\u00e9l\u00e9r\u00e9 au sein de leur corps <\/em>\u00bb sans que rien ne sp\u00e9cifie comment celui-ci sera mis en place.<\/p>\n\n\n\n<p>Pour le SNUDI-FO, c\u2019est l\u2019avancement de tous les personnels, qu\u2019ils soient directeurs, adjoints, rempla\u00e7ants, enseignants sp\u00e9cialis\u00e9s qui doit \u00eatre acc\u00e9l\u00e9r\u00e9 !<\/p>\n\n\n\n<p>Cet article pr\u00e9cise \u00e9galement que les directeurs et directrices d\u2019\u00e9cole b\u00e9n\u00e9ficient d\u2019une d\u00e9charge \u00ab <strong><em><u>d\u00e9termin\u00e9e en<\/u> <u>fonction du nombre de classes et des sp\u00e9cificit\u00e9s de l&rsquo;\u00e9cole<\/u> <\/em><\/strong>\u00bb ouvrant ainsi la porte \u00e0 des d\u00e9charges attribu\u00e9es \u00e0 la t\u00eate du client par les IA-DASEN et \u00e0 moyens constants.<\/p>\n\n\n\n<h3 class=\"has-text-align-center wp-block-heading\">Des directeurs toujours responsables de la mise en \u0153uvre du PPMS (article L411-4)<\/h3>\n\n\n\n<p>Enfin l\u2019article L411-4, s\u2019il pr\u00e9cise que le plan pour parer aux risques majeurs est \u00e9tabli conjointement par l\u2019autorit\u00e9 acad\u00e9mique (dont, rappelons-le, directeur d\u00e9tient d\u00e9sormais une d\u00e9l\u00e9gation de comp\u00e9tences) et la commune, continue \u00e0 confier sa diffusion et sa mise en \u0153uvre au directeur\u2026 Le PPMS n\u2019est toujours pas int\u00e9gr\u00e9 au plan communal de sauvegarde (PCS) comme le revendique le SNUDI-FO.<\/p>\n\n\n\n<h3 class=\"has-text-align-center wp-block-heading\">Le SNUDI-FO r\u00e9affirme ses revendications et appelle \u00e0 la gr\u00e8ve jeudi 27 janvier<\/h3>\n\n\n\n<p>Le SNUDI-FO revendique l\u2019abrogation de la loi Rilhac, de l\u2019exp\u00e9rimentation Macron \u00e0 Marseille et l\u2019annulation de la modification des articles du Code de l\u2019Education.<\/p>\n\n\n\n<p>Cette loi concerne tous les personnels des \u00e9coles (directeurs, adjoints, AESH, \u2026) car elle modifiera profond\u00e9ment le fonctionnement des \u00e9coles et la relation entre les personnels confront\u00e9s aux pressions locales, sans oublier la pression du DASEN qui p\u00e8sera sur les directeurs et directrices d\u2019\u00e9cole avec la d\u00e9l\u00e9gation de comp\u00e9tences.<\/p>\n\n\n\n<p>Le SNUDI-FO maintient ses revendications sur la direction d\u2019\u00e9cole :<\/p>\n\n\n\n<ul class=\"wp-block-list\"><li>All\u00e8gement des t\u00e2ches et respect du d\u00e9cret de 1989 !<\/li><li>Arr\u00eat de toutes les missions confi\u00e9es aux directeurs et directrices d\u2019\u00e9cole pendant la crise sanitaire (comme le contr\u00f4le des tests des \u00e9l\u00e8ves) qui ne rel\u00e8vent pas de leurs obligations !<\/li><li>Augmentation des d\u00e9charges de direction dans toutes les \u00e9coles ! Pas une \u00e9cole sans d\u00e9charge hebdoma- daire !<\/li><li>Am\u00e9lioration indiciaire pour les directeurs : 100 points d\u2019indice pour tous !<\/li><li>Mise en place d\u2019une aide administrative statutaire dans chaque \u00e9cole !<\/li><\/ul>\n\n\n\n<p>Le SNUDI-FO appelle les personnels \u00e0 la gr\u00e8ve jeudi 27 janvier pour l\u2019abandon des contre-r\u00e9formes Blanquer (dont la loi Rilhac), la cr\u00e9ation de postes et le recrutement de personnels sous statut \u00e0 hauteur des besoins, l\u2019aug- mentations des salaires par l\u2019augmentation de 21% de la valeur du point d\u2019indice et une augmentation indiciaire de 183\u20ac net par mois comme l\u2019ont obtenu les hospitaliers !<\/p>\n\n\n\n<p class=\"has-text-align-right\"><em>Montreuil, le 17 janvier 2022<\/em><\/p>\n\n\n\n<div class=\"wp-block-file\"><a href=\"https:\/\/snudifo37.fr\/wp-content\/uploads\/2022\/01\/220117-Communique-SNUDI-FO-Code-de-leducation-direction.pdf\">220117-Communique-SNUDI-FO-Code-de-leducation-direction<\/a><a href=\"https:\/\/snudifo37.fr\/wp-content\/uploads\/2022\/01\/220117-Communique-SNUDI-FO-Code-de-leducation-direction.pdf\" class=\"wp-block-file__button\" download>T\u00e9l\u00e9charger<\/a><\/div>\n<a class=\"synved-social-button synved-social-button-share synved-social-size-32 synved-social-resolution-single synved-social-provider-facebook nolightbox\" data-provider=\"facebook\" target=\"_blank\" rel=\"nofollow\" title=\"Faites le savoir \u00e0 vos amis via Facebook \" href=\"https:\/\/www.facebook.com\/sharer.php?u=https%3A%2F%2Fsnudifo37.fr%2Findex.php%2Fwp-json%2Fwp%2Fv2%2Fposts%2F4317&#038;t=Le%20Code%20de%20l%E2%80%99Education%20modifi%C3%A9%20en%20application%20de%20la%20loi%20Rilhac%E2%80%A6%20Plus%20que%20jamais%2C%20le%20SNUDI-FO%20exige%20son%20abandon%20%21&#038;s=100&#038;p&#091;url&#093;=https%3A%2F%2Fsnudifo37.fr%2Findex.php%2Fwp-json%2Fwp%2Fv2%2Fposts%2F4317&#038;p&#091;images&#093;&#091;0&#093;=https%3A%2F%2Fsnudifo37.fr%2Fwp-content%2Fuploads%2F2020%2F03%2Fcropped-unnamed.jpg&#038;p&#091;title&#093;=Le%20Code%20de%20l%E2%80%99Education%20modifi%C3%A9%20en%20application%20de%20la%20loi%20Rilhac%E2%80%A6%20Plus%20que%20jamais%2C%20le%20SNUDI-FO%20exige%20son%20abandon%20%21\" style=\"font-size: 0px;width:32px;height:32px;margin:0;margin-bottom:20px;margin-right:20px\"><img loading=\"lazy\" decoding=\"async\" alt=\"Facebook\" title=\"Faites le savoir \u00e0 vos amis via Facebook \" class=\"synved-share-image synved-social-image synved-social-image-share\" width=\"32\" height=\"32\" style=\"display: inline;width:32px;height:32px;margin: 0;padding: 0;border: none;box-shadow: none\" src=\"https:\/\/snudifo37.fr\/wp-content\/plugins\/social-media-feather\/synved-social\/image\/social\/regular\/64x64\/facebook.png\" \/><\/a><a class=\"synved-social-button synved-social-button-share synved-social-size-32 synved-social-resolution-single synved-social-provider-twitter nolightbox\" data-provider=\"twitter\" target=\"_blank\" rel=\"nofollow\" title=\"Informez-en vos amis via Twitter\" href=\"https:\/\/twitter.com\/intent\/tweet?url=https%3A%2F%2Fsnudifo37.fr%2Findex.php%2Fwp-json%2Fwp%2Fv2%2Fposts%2F4317&#038;text=Le%20Snudi-Fo%20vous%20informe%3A\" style=\"font-size: 0px;width:32px;height:32px;margin:0;margin-bottom:20px;margin-right:20px\"><img loading=\"lazy\" decoding=\"async\" alt=\"twitter\" title=\"Informez-en vos amis via Twitter\" class=\"synved-share-image synved-social-image synved-social-image-share\" width=\"32\" height=\"32\" style=\"display: inline;width:32px;height:32px;margin: 0;padding: 0;border: none;box-shadow: none\" src=\"https:\/\/snudifo37.fr\/wp-content\/plugins\/social-media-feather\/synved-social\/image\/social\/regular\/64x64\/twitter.png\" \/><\/a><a class=\"synved-social-button synved-social-button-share synved-social-size-32 synved-social-resolution-single synved-social-provider-mail nolightbox\" data-provider=\"mail\" rel=\"nofollow\" title=\"Les derni\u00e8res informations du Snudi-Fo 37\" href=\"mailto:?subject=Le%20Code%20de%20l%E2%80%99Education%20modifi%C3%A9%20en%20application%20de%20la%20loi%20Rilhac%E2%80%A6%20Plus%20que%20jamais%2C%20le%20SNUDI-FO%20exige%20son%20abandon%20%21&#038;body=Le%20Snudi-Fo%20vous%20informe%3A:%20https%3A%2F%2Fsnudifo37.fr%2Findex.php%2Fwp-json%2Fwp%2Fv2%2Fposts%2F4317\" style=\"font-size: 0px;width:32px;height:32px;margin:0;margin-bottom:20px\"><img loading=\"lazy\" decoding=\"async\" alt=\"mail\" title=\"Les derni\u00e8res informations du Snudi-Fo 37\" class=\"synved-share-image synved-social-image synved-social-image-share\" width=\"32\" height=\"32\" style=\"display: inline;width:32px;height:32px;margin: 0;padding: 0;border: none;box-shadow: none\" src=\"https:\/\/snudifo37.fr\/wp-content\/plugins\/social-media-feather\/synved-social\/image\/social\/regular\/64x64\/mail.png\" \/><\/a>","protected":false},"excerpt":{"rendered":"<p>Le 23 d\u00e9cembre 2021, trois articles du code de l\u2019Education (L 411-1, L 411-2 et L 411-4) ont \u00e9t\u00e9 modifi\u00e9s en application de la loi Rilhac.<\/p>\n","protected":false},"author":1,"featured_media":0,"comment_status":"closed","ping_status":"closed","sticky":false,"template":"","format":"standard","meta":{"footnotes":""},"categories":[335,336],"tags":[1179,815,1207,761,358,243,128,750,20],"class_list":["post-4317","post","type-post","status-publish","format-standard","hentry","category-direction-decole","category-news-communiques","tag-1179","tag-abandon","tag-code-de-leducation","tag-delegation-de-competence","tag-directeur","tag-directeurs","tag-direction","tag-loi-rilhac","tag-snudi-fo"],"_links":{"self":[{"href":"https:\/\/snudifo37.fr\/index.php\/wp-json\/wp\/v2\/posts\/4317","targetHints":{"allow":["GET"]}}],"collection":[{"href":"https:\/\/snudifo37.fr\/index.php\/wp-json\/wp\/v2\/posts"}],"about":[{"href":"https:\/\/snudifo37.fr\/index.php\/wp-json\/wp\/v2\/types\/post"}],"author":[{"embeddable":true,"href":"https:\/\/snudifo37.fr\/index.php\/wp-json\/wp\/v2\/users\/1"}],"replies":[{"embeddable":true,"href":"https:\/\/snudifo37.fr\/index.php\/wp-json\/wp\/v2\/comments?post=4317"}],"version-history":[{"count":2,"href":"https:\/\/snudifo37.fr\/index.php\/wp-json\/wp\/v2\/posts\/4317\/revisions"}],"predecessor-version":[{"id":4321,"href":"https:\/\/snudifo37.fr\/index.php\/wp-json\/wp\/v2\/posts\/4317\/revisions\/4321"}],"wp:attachment":[{"href":"https:\/\/snudifo37.fr\/index.php\/wp-json\/wp\/v2\/media?parent=4317"}],"wp:term":[{"taxonomy":"category","embeddable":true,"href":"https:\/\/snudifo37.fr\/index.php\/wp-json\/wp\/v2\/categories?post=4317"},{"taxonomy":"post_tag","embeddable":true,"href":"https:\/\/snudifo37.fr\/index.php\/wp-json\/wp\/v2\/tags?post=4317"}],"curies":[{"name":"wp","href":"https:\/\/api.w.org\/{rel}","templated":true}]}}