{"id":4231,"date":"2021-12-17T11:55:37","date_gmt":"2021-12-17T10:55:37","guid":{"rendered":"https:\/\/snudifo37.fr\/?p=4231"},"modified":"2021-12-17T11:55:37","modified_gmt":"2021-12-17T10:55:37","slug":"suite-au-chsct-d-le-snudi-fo-37-ecrit-au-snuipp-fsu-37-et-au-se-unsa-37","status":"publish","type":"post","link":"https:\/\/snudifo37.fr\/index.php\/2021\/12\/17\/suite-au-chsct-d-le-snudi-fo-37-ecrit-au-snuipp-fsu-37-et-au-se-unsa-37\/","title":{"rendered":"Suite au CHSCT-D, le SNUDI-FO 37 \u00e9crit au SNUipp-FSU 37 et au SE UNSA 37"},"content":{"rendered":"\n<p>Chers camarades,<\/p>\n\n\n\n<p>Lors du CHSCT-D, vous avez refus\u00e9 de prendre part au vote sur l\u2019avis suivant&nbsp;:<\/p>\n\n\n\n<p><strong><em>\u00ab Le CHSCT-D se prononce pour l\u2019abandon des demandes de travaux \u00e9crits impos\u00e9s lors des actions de formation, stages etc\u2026 \u00bb<\/em><\/strong><\/p>\n\n\n\n<p>Par ailleurs, un des d\u00e9l\u00e9gu\u00e9s SNUipp-FSU nous a pr\u00e9cis\u00e9 que son syndicat ne voterait pas cet avis car il est en accord avec les demandes de l\u2019administration.<\/p>\n\n\n\n<p>De nombreux coll\u00e8gues nous sollicitent sur le caract\u00e8re obligatoire de ces demandes qui alourdissent les conditions de travail par ailleurs d\u00e9j\u00e0 fortement d\u00e9grad\u00e9es et qui ne sont pas r\u00e9glementaires.<\/p>\n\n\n\n<p>Aussi ne comprenons-nous pas que vous ne soyez pas oppos\u00e9s \u00e0 une telle demande qui s\u2019inscrit dans la politique d\u2019\u00e9valuation du ministre Blanquer dans la continuit\u00e9 du PPCR.<\/p>\n\n\n\n<p>Nous vous sollicitons donc de nouveau pour que nous puissions nous adresser en commun aupr\u00e8s de l\u2019IA-DASEN afin qu\u2019il retire ces injonctions inacceptables.<\/p>\n\n\n\n<p><br>Dans l\u2019attente de vous lire,<\/p>\n\n\n\n<p class=\"has-text-align-right\">Syndicalement,<\/p>\n\n\n\n<p class=\"has-text-align-right\"><em>J\u00e9r\u00f4me Th\u00e9baut, secr\u00e9taire d\u00e9partemental SNUDI-FO 37<\/em><\/p>\n<a class=\"synved-social-button synved-social-button-share synved-social-size-32 synved-social-resolution-single synved-social-provider-facebook nolightbox\" data-provider=\"facebook\" target=\"_blank\" rel=\"nofollow\" title=\"Faites le savoir \u00e0 vos amis via Facebook \" href=\"https:\/\/www.facebook.com\/sharer.php?u=https%3A%2F%2Fsnudifo37.fr%2Findex.php%2Fwp-json%2Fwp%2Fv2%2Fposts%2F4231&#038;t=Suite%20au%20CHSCT-D%2C%20le%20SNUDI-FO%2037%20%C3%A9crit%20au%20SNUipp-FSU%2037%20et%20au%20SE%20UNSA%2037&#038;s=100&#038;p&#091;url&#093;=https%3A%2F%2Fsnudifo37.fr%2Findex.php%2Fwp-json%2Fwp%2Fv2%2Fposts%2F4231&#038;p&#091;images&#093;&#091;0&#093;=https%3A%2F%2Fsnudifo37.fr%2Fwp-content%2Fuploads%2F2021%2F02%2FClipboard01.jpg&#038;p&#091;title&#093;=Suite%20au%20CHSCT-D%2C%20le%20SNUDI-FO%2037%20%C3%A9crit%20au%20SNUipp-FSU%2037%20et%20au%20SE%20UNSA%2037\" style=\"font-size: 0px;width:32px;height:32px;margin:0;margin-bottom:20px;margin-right:20px\"><img loading=\"lazy\" decoding=\"async\" alt=\"Facebook\" title=\"Faites le savoir \u00e0 vos amis via Facebook \" class=\"synved-share-image synved-social-image synved-social-image-share\" width=\"32\" height=\"32\" style=\"display: inline;width:32px;height:32px;margin: 0;padding: 0;border: none;box-shadow: none\" src=\"https:\/\/snudifo37.fr\/wp-content\/plugins\/social-media-feather\/synved-social\/image\/social\/regular\/64x64\/facebook.png\" \/><\/a><a class=\"synved-social-button synved-social-button-share synved-social-size-32 synved-social-resolution-single synved-social-provider-twitter nolightbox\" data-provider=\"twitter\" target=\"_blank\" rel=\"nofollow\" title=\"Informez-en vos amis via Twitter\" href=\"https:\/\/twitter.com\/intent\/tweet?url=https%3A%2F%2Fsnudifo37.fr%2Findex.php%2Fwp-json%2Fwp%2Fv2%2Fposts%2F4231&#038;text=Le%20Snudi-Fo%20vous%20informe%3A\" style=\"font-size: 0px;width:32px;height:32px;margin:0;margin-bottom:20px;margin-right:20px\"><img loading=\"lazy\" decoding=\"async\" alt=\"twitter\" title=\"Informez-en vos amis via Twitter\" class=\"synved-share-image synved-social-image synved-social-image-share\" width=\"32\" height=\"32\" style=\"display: inline;width:32px;height:32px;margin: 0;padding: 0;border: none;box-shadow: none\" src=\"https:\/\/snudifo37.fr\/wp-content\/plugins\/social-media-feather\/synved-social\/image\/social\/regular\/64x64\/twitter.png\" \/><\/a><a class=\"synved-social-button synved-social-button-share synved-social-size-32 synved-social-resolution-single synved-social-provider-mail nolightbox\" data-provider=\"mail\" rel=\"nofollow\" title=\"Les derni\u00e8res informations du Snudi-Fo 37\" href=\"mailto:?subject=Suite%20au%20CHSCT-D%2C%20le%20SNUDI-FO%2037%20%C3%A9crit%20au%20SNUipp-FSU%2037%20et%20au%20SE%20UNSA%2037&#038;body=Le%20Snudi-Fo%20vous%20informe%3A:%20https%3A%2F%2Fsnudifo37.fr%2Findex.php%2Fwp-json%2Fwp%2Fv2%2Fposts%2F4231\" style=\"font-size: 0px;width:32px;height:32px;margin:0;margin-bottom:20px\"><img loading=\"lazy\" decoding=\"async\" alt=\"mail\" title=\"Les derni\u00e8res informations du Snudi-Fo 37\" class=\"synved-share-image synved-social-image synved-social-image-share\" width=\"32\" height=\"32\" style=\"display: inline;width:32px;height:32px;margin: 0;padding: 0;border: none;box-shadow: none\" src=\"https:\/\/snudifo37.fr\/wp-content\/plugins\/social-media-feather\/synved-social\/image\/social\/regular\/64x64\/mail.png\" \/><\/a>","protected":false},"excerpt":{"rendered":"<p>L&rsquo;unit\u00e9 syndicale doit se r\u00e9aliser pour d\u00e9fendre les droits des personnels ! <\/p>\n","protected":false},"author":1,"featured_media":3231,"comment_status":"closed","ping_status":"closed","sticky":false,"template":"","format":"standard","meta":{"footnotes":""},"categories":[7],"tags":[829,34,47,33,58,56],"class_list":["post-4231","post","type-post","status-publish","format-standard","has-post-thumbnail","hentry","category-syndicat","tag-829","tag-blanquer","tag-intersyndicale","tag-ppcr","tag-se-unsa","tag-snuipp"],"_links":{"self":[{"href":"https:\/\/snudifo37.fr\/index.php\/wp-json\/wp\/v2\/posts\/4231","targetHints":{"allow":["GET"]}}],"collection":[{"href":"https:\/\/snudifo37.fr\/index.php\/wp-json\/wp\/v2\/posts"}],"about":[{"href":"https:\/\/snudifo37.fr\/index.php\/wp-json\/wp\/v2\/types\/post"}],"author":[{"embeddable":true,"href":"https:\/\/snudifo37.fr\/index.php\/wp-json\/wp\/v2\/users\/1"}],"replies":[{"embeddable":true,"href":"https:\/\/snudifo37.fr\/index.php\/wp-json\/wp\/v2\/comments?post=4231"}],"version-history":[{"count":1,"href":"https:\/\/snudifo37.fr\/index.php\/wp-json\/wp\/v2\/posts\/4231\/revisions"}],"predecessor-version":[{"id":4232,"href":"https:\/\/snudifo37.fr\/index.php\/wp-json\/wp\/v2\/posts\/4231\/revisions\/4232"}],"wp:featuredmedia":[{"embeddable":true,"href":"https:\/\/snudifo37.fr\/index.php\/wp-json\/wp\/v2\/media\/3231"}],"wp:attachment":[{"href":"https:\/\/snudifo37.fr\/index.php\/wp-json\/wp\/v2\/media?parent=4231"}],"wp:term":[{"taxonomy":"category","embeddable":true,"href":"https:\/\/snudifo37.fr\/index.php\/wp-json\/wp\/v2\/categories?post=4231"},{"taxonomy":"post_tag","embeddable":true,"href":"https:\/\/snudifo37.fr\/index.php\/wp-json\/wp\/v2\/tags?post=4231"}],"curies":[{"name":"wp","href":"https:\/\/api.w.org\/{rel}","templated":true}]}}