{"id":4214,"date":"2021-12-15T15:12:08","date_gmt":"2021-12-15T14:12:08","guid":{"rendered":"https:\/\/snudifo37.fr\/?p=4214"},"modified":"2021-12-15T15:12:08","modified_gmt":"2021-12-15T14:12:08","slug":"pour-mettre-fin-au-chaos-lurgence-cest-la-creation-de-postes-a-la-hauteur-des-besoins-et-larret-des-contre-reformes","status":"publish","type":"post","link":"https:\/\/snudifo37.fr\/index.php\/2021\/12\/15\/pour-mettre-fin-au-chaos-lurgence-cest-la-creation-de-postes-a-la-hauteur-des-besoins-et-larret-des-contre-reformes\/","title":{"rendered":"Pour mettre fin au chaos, l\u2019urgence, c\u2019est la cr\u00e9ation de postes \u00e0 la hauteur des besoins et l\u2019arr\u00eat des contre-r\u00e9formes !"},"content":{"rendered":"\n<div class=\"wp-block-image\"><figure class=\"aligncenter size-large is-resized\"><img loading=\"lazy\" decoding=\"async\" src=\"https:\/\/snudifo37.fr\/wp-content\/uploads\/2021\/05\/logo.vectoriel-1024x1024-1-1024x1024.jpg\" alt=\"\" class=\"wp-image-3614\" width=\"228\" height=\"228\" srcset=\"https:\/\/snudifo37.fr\/wp-content\/uploads\/2021\/05\/logo.vectoriel-1024x1024-1.jpg 1024w, https:\/\/snudifo37.fr\/wp-content\/uploads\/2021\/05\/logo.vectoriel-1024x1024-1-300x300.jpg 300w, https:\/\/snudifo37.fr\/wp-content\/uploads\/2021\/05\/logo.vectoriel-1024x1024-1-150x150.jpg 150w, https:\/\/snudifo37.fr\/wp-content\/uploads\/2021\/05\/logo.vectoriel-1024x1024-1-768x768.jpg 768w, https:\/\/snudifo37.fr\/wp-content\/uploads\/2021\/05\/logo.vectoriel-1024x1024-1-125x125.jpg 125w\" sizes=\"auto, (max-width: 228px) 100vw, 228px\" \/><\/figure><\/div>\n\n\n\n<p>Le ministre Blanquer a aggrav\u00e9 le chaos dans les services, les \u00e9coles et les \u00e9tablissements scolaires. Les effectifs surcharg\u00e9s, la d\u00e9gradation des conditions d\u2019enseignement, cela ne semble pas l\u2019alarmer. Il a rendu 75 millions suppl\u00e9mentaires \u00e0 Bercy cette ann\u00e9e, apr\u00e8s les 600 millions d\u2019euros des ann\u00e9es pr\u00e9c\u00e9dentes.<\/p>\n\n\n\n<h2 class=\"wp-block-heading\"><strong><span class=\"has-inline-color has-vivid-red-color\">Le ministre, responsable de l\u2019aggravation du chaos<\/span><\/strong><\/h2>\n\n\n\n<p>Protocoles apr\u00e8s protocoles, le ministre Blanquer continue \u00e0 faire peser sur les personnels la gestion de l\u2019\u00e9pid\u00e9mie et \u00e0 transf\u00e9rer sur eux la responsabilit\u00e9 de la sant\u00e9 publique.<\/p>\n\n\n\n<p>Les directeurs d\u2019\u00e9coles sont aujourd\u2019hui contraints de v\u00e9rifier les tests des \u00e9l\u00e8ves, r\u00e9diger des courriers aux familles, g\u00e9rer les ouvertures et fermetures de classes, se confronter aux parents m\u00e9contents.<\/p>\n\n\n\n<p>Les professeurs ne sont pas remplac\u00e9s. Les DSDEN font d\u00e9sormais appel aux retrait\u00e9s !<\/p>\n\n\n\n<p>Les personnels subissent toutes sortes de pressions pour effectuer un enseignement \u00e0 distance en plus de leurs heures de classes.<\/p>\n\n\n\n<p>Le ministre n\u2019annonce pas le recrutement en urgence de personnels sous statut : administratifs, enseignants, infirmi\u00e8res, m\u00e9decins\u2026 mais au contraire le maintien de toutes les fermetures de classes et de postes annonc\u00e9es. Il ne propose pas le recrutement sur liste compl\u00e9mentaire. Il ne d\u00e9cide pas la lev\u00e9e de la suspension des personnels non vaccin\u00e9s, comme les PsyEN, les infirmi\u00e8res ou les m\u00e9decins, qui manquent partout.<\/p>\n\n\n\n<h3 class=\"has-text-align-center wp-block-heading\"><strong>La FNEC FP-FO revendique le recrutement en urgence de personnels sous statut et la cr\u00e9ation de postes \u00e0 la hauteur des besoins<\/strong><strong><\/strong><\/h3>\n\n\n\n<p>Dans le m\u00eame temps, le ministre multiplie les mesures de mise au pas. C\u2019est le contr\u00f4le permanent avec les \u00e9valuations d\u2019\u00e9tablissements, les formations constellations, la RH de proximit\u00e9&#8230; Ce ne sont pas les personnels, c\u2019est le ministre qui est responsable de la d\u00e9gradation de l\u2019\u00c9cole publique.<\/p>\n\n\n\n<p>Les personnels de l\u2019\u00c9ducation nationale confront\u00e9s au chaos dans les services, les \u00e9coles et dans les \u00e9tablissements, g\u00e9n\u00e9r\u00e9 par les protocoles du ministre, sont \u00e9puis\u00e9s. Ils veulent pouvoir exercer leurs missions. Ils veulent les moyens pour le faire. Ils veulent le maintien du cadre national de l\u2019\u00e9ducation nationale et de ses services. Ils veulent le maintien de leurs statuts.<\/p>\n\n\n\n<p>Dans cette situation, la FNEC FP-FO appelle les personnels \u00e0 se r\u00e9unir, \u00e0 amplifier les r\u00e9unions syndicales et les AG d\u00e8s la rentr\u00e9e pour dresser les revendications, et construire le rapport de force, ce qui pose la question de la gr\u00e8ve, de l&rsquo;action commune en direction du ministre.<\/p>\n\n\n\n<p>La FNEC FP-FO revendique :<\/p>\n\n\n\n<ul class=\"wp-block-list\"><li>Le respect du statut des personnels et le contr\u00f4le et la prise en charge des tests des \u00e9l\u00e8ves par les agences r\u00e9gionales de sant\u00e9 ;<\/li><li>L\u2019abandon des protocoles qui placent les personnels dans des situations insupportables ;<\/li><li>Le recrutement imm\u00e9diat d\u2019enseignants, de CPE, de PsyEN, d\u2019infirmi\u00e8res, de m\u00e9decins, d\u2019administratifs sous statut ainsi que d\u2019AED et d\u2019AESH, la titularisation des personnels contrac- tuels qui le souhaitent ;<\/li><li>L\u2019arr\u00eat des pressions sur les personnels pour les contraindre \u00e0 effectuer un t\u00e9l\u00e9- enseignement ;<\/li><li>L\u2019abandon des \u00e9valuations d\u2019\u00e9cole, d\u2019\u00e9tablissement, des formations impos\u00e9es (constellations&#8230;) et de toutes les mesures de \u00ab management \u00bb issues du Grenelle.<\/li><\/ul>\n\n\n\n<p class=\"has-text-align-right\"><em>Montreuil le 14 d\u00e9cembre 2021<\/em><\/p>\n\n\n\n<div class=\"wp-block-file\"><a href=\"https:\/\/snudifo37.fr\/wp-content\/uploads\/2021\/12\/21-12-14-Communique-postes-V2.pdf\">21-12-14-Communique-postes-V2<\/a><a href=\"https:\/\/snudifo37.fr\/wp-content\/uploads\/2021\/12\/21-12-14-Communique-postes-V2.pdf\" class=\"wp-block-file__button\" download>T\u00e9l\u00e9charger<\/a><\/div>\n<a class=\"synved-social-button synved-social-button-share synved-social-size-32 synved-social-resolution-single synved-social-provider-facebook nolightbox\" data-provider=\"facebook\" target=\"_blank\" rel=\"nofollow\" title=\"Faites le savoir \u00e0 vos amis via Facebook \" href=\"https:\/\/www.facebook.com\/sharer.php?u=https%3A%2F%2Fsnudifo37.fr%2Findex.php%2Fwp-json%2Fwp%2Fv2%2Fposts%2F4214&#038;t=Pour%20mettre%20fin%20au%20chaos%2C%20l%E2%80%99urgence%2C%20c%E2%80%99est%20la%20cr%C3%A9ation%20de%20postes%20%C3%A0%20la%20hauteur%20des%20besoins%20et%20l%E2%80%99arr%C3%AAt%20des%20contre-r%C3%A9formes%20%21&#038;s=100&#038;p&#091;url&#093;=https%3A%2F%2Fsnudifo37.fr%2Findex.php%2Fwp-json%2Fwp%2Fv2%2Fposts%2F4214&#038;p&#091;images&#093;&#091;0&#093;=https%3A%2F%2Fsnudifo37.fr%2Fwp-content%2Fuploads%2F2021%2F03%2FCatastrophe.jpg&#038;p&#091;title&#093;=Pour%20mettre%20fin%20au%20chaos%2C%20l%E2%80%99urgence%2C%20c%E2%80%99est%20la%20cr%C3%A9ation%20de%20postes%20%C3%A0%20la%20hauteur%20des%20besoins%20et%20l%E2%80%99arr%C3%AAt%20des%20contre-r%C3%A9formes%20%21\" style=\"font-size: 0px;width:32px;height:32px;margin:0;margin-bottom:20px;margin-right:20px\"><img loading=\"lazy\" decoding=\"async\" alt=\"Facebook\" title=\"Faites le savoir \u00e0 vos amis via Facebook \" class=\"synved-share-image synved-social-image synved-social-image-share\" width=\"32\" height=\"32\" style=\"display: inline;width:32px;height:32px;margin: 0;padding: 0;border: none;box-shadow: none\" src=\"https:\/\/snudifo37.fr\/wp-content\/plugins\/social-media-feather\/synved-social\/image\/social\/regular\/64x64\/facebook.png\" \/><\/a><a class=\"synved-social-button synved-social-button-share synved-social-size-32 synved-social-resolution-single synved-social-provider-twitter nolightbox\" data-provider=\"twitter\" target=\"_blank\" rel=\"nofollow\" title=\"Informez-en vos amis via Twitter\" href=\"https:\/\/twitter.com\/intent\/tweet?url=https%3A%2F%2Fsnudifo37.fr%2Findex.php%2Fwp-json%2Fwp%2Fv2%2Fposts%2F4214&#038;text=Le%20Snudi-Fo%20vous%20informe%3A\" style=\"font-size: 0px;width:32px;height:32px;margin:0;margin-bottom:20px;margin-right:20px\"><img loading=\"lazy\" decoding=\"async\" alt=\"twitter\" title=\"Informez-en vos amis via Twitter\" class=\"synved-share-image synved-social-image synved-social-image-share\" width=\"32\" height=\"32\" style=\"display: inline;width:32px;height:32px;margin: 0;padding: 0;border: none;box-shadow: none\" src=\"https:\/\/snudifo37.fr\/wp-content\/plugins\/social-media-feather\/synved-social\/image\/social\/regular\/64x64\/twitter.png\" \/><\/a><a class=\"synved-social-button synved-social-button-share synved-social-size-32 synved-social-resolution-single synved-social-provider-mail nolightbox\" data-provider=\"mail\" rel=\"nofollow\" title=\"Les derni\u00e8res informations du Snudi-Fo 37\" href=\"mailto:?subject=Pour%20mettre%20fin%20au%20chaos%2C%20l%E2%80%99urgence%2C%20c%E2%80%99est%20la%20cr%C3%A9ation%20de%20postes%20%C3%A0%20la%20hauteur%20des%20besoins%20et%20l%E2%80%99arr%C3%AAt%20des%20contre-r%C3%A9formes%20%21&#038;body=Le%20Snudi-Fo%20vous%20informe%3A:%20https%3A%2F%2Fsnudifo37.fr%2Findex.php%2Fwp-json%2Fwp%2Fv2%2Fposts%2F4214\" style=\"font-size: 0px;width:32px;height:32px;margin:0;margin-bottom:20px\"><img loading=\"lazy\" decoding=\"async\" alt=\"mail\" title=\"Les derni\u00e8res informations du Snudi-Fo 37\" class=\"synved-share-image synved-social-image synved-social-image-share\" width=\"32\" height=\"32\" style=\"display: inline;width:32px;height:32px;margin: 0;padding: 0;border: none;box-shadow: none\" src=\"https:\/\/snudifo37.fr\/wp-content\/plugins\/social-media-feather\/synved-social\/image\/social\/regular\/64x64\/mail.png\" \/><\/a>","protected":false},"excerpt":{"rendered":"<p>Le ministre Blanquer a aggrav\u00e9 le chaos dans les services, les \u00e9coles et les \u00e9tablissements scolaires. Les effectifs surcharg\u00e9s, la d\u00e9gradation des conditions d\u2019enseignement, cela ne semble pas l\u2019alarmer. Il a rendu 75 millions suppl\u00e9mentaires \u00e0 Bercy cette ann\u00e9e, apr\u00e8s les 600 millions d\u2019euros des ann\u00e9es pr\u00e9c\u00e9dentes.<\/p>\n","protected":false},"author":1,"featured_media":3392,"comment_status":"closed","ping_status":"closed","sticky":false,"template":"","format":"standard","meta":{"footnotes":""},"categories":[7],"tags":[829,1179,34,72,263,580,31,954,123,254],"class_list":["post-4214","post","type-post","status-publish","format-standard","has-post-thumbnail","hentry","category-syndicat","tag-829","tag-1179","tag-blanquer","tag-chaos","tag-contre-reformes","tag-creation-de-postes","tag-fnec-fp-fo","tag-remplacement","tag-remplacants","tag-reformes"],"_links":{"self":[{"href":"https:\/\/snudifo37.fr\/index.php\/wp-json\/wp\/v2\/posts\/4214","targetHints":{"allow":["GET"]}}],"collection":[{"href":"https:\/\/snudifo37.fr\/index.php\/wp-json\/wp\/v2\/posts"}],"about":[{"href":"https:\/\/snudifo37.fr\/index.php\/wp-json\/wp\/v2\/types\/post"}],"author":[{"embeddable":true,"href":"https:\/\/snudifo37.fr\/index.php\/wp-json\/wp\/v2\/users\/1"}],"replies":[{"embeddable":true,"href":"https:\/\/snudifo37.fr\/index.php\/wp-json\/wp\/v2\/comments?post=4214"}],"version-history":[{"count":1,"href":"https:\/\/snudifo37.fr\/index.php\/wp-json\/wp\/v2\/posts\/4214\/revisions"}],"predecessor-version":[{"id":4216,"href":"https:\/\/snudifo37.fr\/index.php\/wp-json\/wp\/v2\/posts\/4214\/revisions\/4216"}],"wp:featuredmedia":[{"embeddable":true,"href":"https:\/\/snudifo37.fr\/index.php\/wp-json\/wp\/v2\/media\/3392"}],"wp:attachment":[{"href":"https:\/\/snudifo37.fr\/index.php\/wp-json\/wp\/v2\/media?parent=4214"}],"wp:term":[{"taxonomy":"category","embeddable":true,"href":"https:\/\/snudifo37.fr\/index.php\/wp-json\/wp\/v2\/categories?post=4214"},{"taxonomy":"post_tag","embeddable":true,"href":"https:\/\/snudifo37.fr\/index.php\/wp-json\/wp\/v2\/tags?post=4214"}],"curies":[{"name":"wp","href":"https:\/\/api.w.org\/{rel}","templated":true}]}}