{"id":4162,"date":"2021-12-06T21:05:11","date_gmt":"2021-12-06T20:05:11","guid":{"rendered":"https:\/\/snudifo37.fr\/?p=4162"},"modified":"2021-12-06T21:05:12","modified_gmt":"2021-12-06T20:05:12","slug":"loi-rilhac-15-collegues-adoptent-la-motion-intersyndicale-snuipp-fsu-snudi-fo-cgt-educ-et-sud-educ-lors-dune-ris","status":"publish","type":"post","link":"https:\/\/snudifo37.fr\/index.php\/2021\/12\/06\/loi-rilhac-15-collegues-adoptent-la-motion-intersyndicale-snuipp-fsu-snudi-fo-cgt-educ-et-sud-educ-lors-dune-ris\/","title":{"rendered":"Loi Rilhac : 15 coll\u00e8gues adoptent la motion intersyndicale SNUipp-FSU, SNUDI-FO, CGT Educ et Sud Educ lors d&rsquo;une RIS"},"content":{"rendered":"\n<h2 class=\"has-text-align-center wp-block-heading\">\u00a0<strong>Motion pour l\u2019abandon de la loi Rilhac<\/strong><\/h2>\n\n\n\n<p>Nous, 15 enseignant\u00b7es r\u00e9uni.es le 2 d\u00e9cembre en RIS \u00e0 Hommes, avons pris connaissance des derni\u00e8res \u00e9volutions de la loi Rilhac relative \u00e0 la direction d\u2019\u00e9cole.<\/p>\n\n\n\n<p>La mise en place de l\u2019autorit\u00e9 fonctionnelle et la participation du directeur ou de la directrice \u00e0 l\u2019encadrement de l\u2019\u00e9cole modifieront profond\u00e9ment les relations entre les enseignant\u00b7es au sein des \u00e9coles. Le directeur ou la directrice, somm\u00e9\u00b7e de mettre en place les r\u00e9formes au sein de son \u00e9quipe, sera soumis\u00b7e \u00e0 d\u2019\u00e9normes pressions, tout comme le sera l&rsquo;\u00e9quipe enseignante.<\/p>\n\n\n\n<p>Nous, enseignant\u00b7es de l\u2019\u00e9cole, affirmons que les personnels n\u2019ont pas besoin de hi\u00e9rarchie dans l\u2019\u00e9cole mais en ce qui concerne la direction d\u2019\u00e9cole, d\u2019une augmentation du temps de d\u00e9charge, du recrutement de personnel sous statut pour une aide administrative et d\u2019un r\u00e9el all\u00e8gement des t\u00e2ches administratives.<\/p>\n\n\n\n<p>Nous avons \u00e9galement pris connaissance des annonces d\u2019Emmanuel Macron \u00e0 Marseille qui veut exp\u00e9rimenter dans 50 \u00e9coles le recrutement des professeur\u00b7es par le directeur ou la directrice de l\u2019\u00e9cole. Nous ne sommes pas dupes : ce qui sera exp\u00e9riment\u00e9 \u00e0 Marseille sera g\u00e9n\u00e9ralis\u00e9 par la suite et \u00e0 ce titre, nous nous associons \u00e0 l\u2019appel des \u00e9coles marseillaises qui refusent cette exp\u00e9rimentation.<\/p>\n\n\n\n<p>Nous communiquons cette motion \u00e0 nos organisations syndicales et \u00e0 nos coll\u00e8gues d\u2019autres \u00e9coles, pour en discuter et les inviter \u00e0 prendre \u00e9galement position pour le retrait de ces projets, pour se r\u00e9unir ensemble et d\u00e9cider des initiatives pour obtenir la satisfaction de nos revendications.<\/p>\n\n\n\n<p><strong><em>NB :&nbsp;<\/em><\/strong><strong><em>Cette motion a \u00e9t\u00e9 adress\u00e9 aux syndicats d\u00e9partementaux du 1er degr\u00e9. Nous relan\u00e7ons de nouveau le SNUipp-FSU 37 pour une intersyndicale et engager une campagne commune comme cela se fait dans de nombreux d\u00e9partements notamment avec des RIS communes, p\u00e9titions communes, avis communs en instances etc.<\/em><\/strong><\/p>\n\n\n\n<p><strong><em><span class=\"has-inline-color has-vivid-red-color\">L&rsquo;urgence est \u00e0 la mobilisation unitaire pour bloquer les plans gouvernementaux de destruction de l&rsquo;\u00e9cole publique !<\/span><\/em><\/strong><\/p>\n<a class=\"synved-social-button synved-social-button-share synved-social-size-32 synved-social-resolution-single synved-social-provider-facebook nolightbox\" data-provider=\"facebook\" target=\"_blank\" rel=\"nofollow\" title=\"Faites le savoir \u00e0 vos amis via Facebook \" href=\"https:\/\/www.facebook.com\/sharer.php?u=https%3A%2F%2Fsnudifo37.fr%2Findex.php%2Fwp-json%2Fwp%2Fv2%2Fposts%2F4162&#038;t=Loi%20Rilhac%20%3A%2015%20coll%C3%A8gues%20adoptent%20la%20motion%20intersyndicale%20SNUipp-FSU%2C%20SNUDI-FO%2C%20CGT%20Educ%20et%20Sud%20Educ%20lors%20d%E2%80%99une%20RIS&#038;s=100&#038;p&#091;url&#093;=https%3A%2F%2Fsnudifo37.fr%2Findex.php%2Fwp-json%2Fwp%2Fv2%2Fposts%2F4162&#038;p&#091;images&#093;&#091;0&#093;=https%3A%2F%2Fsnudifo37.fr%2Fwp-content%2Fuploads%2F2021%2F04%2FMiniONESTLA.jpg&#038;p&#091;title&#093;=Loi%20Rilhac%20%3A%2015%20coll%C3%A8gues%20adoptent%20la%20motion%20intersyndicale%20SNUipp-FSU%2C%20SNUDI-FO%2C%20CGT%20Educ%20et%20Sud%20Educ%20lors%20d%E2%80%99une%20RIS\" style=\"font-size: 0px;width:32px;height:32px;margin:0;margin-bottom:20px;margin-right:20px\"><img loading=\"lazy\" decoding=\"async\" alt=\"Facebook\" title=\"Faites le savoir \u00e0 vos amis via Facebook \" class=\"synved-share-image synved-social-image synved-social-image-share\" width=\"32\" height=\"32\" style=\"display: inline;width:32px;height:32px;margin: 0;padding: 0;border: none;box-shadow: none\" src=\"https:\/\/snudifo37.fr\/wp-content\/plugins\/social-media-feather\/synved-social\/image\/social\/regular\/64x64\/facebook.png\" \/><\/a><a class=\"synved-social-button synved-social-button-share synved-social-size-32 synved-social-resolution-single synved-social-provider-twitter nolightbox\" data-provider=\"twitter\" target=\"_blank\" rel=\"nofollow\" title=\"Informez-en vos amis via Twitter\" href=\"https:\/\/twitter.com\/intent\/tweet?url=https%3A%2F%2Fsnudifo37.fr%2Findex.php%2Fwp-json%2Fwp%2Fv2%2Fposts%2F4162&#038;text=Le%20Snudi-Fo%20vous%20informe%3A\" style=\"font-size: 0px;width:32px;height:32px;margin:0;margin-bottom:20px;margin-right:20px\"><img loading=\"lazy\" decoding=\"async\" alt=\"twitter\" title=\"Informez-en vos amis via Twitter\" class=\"synved-share-image synved-social-image synved-social-image-share\" width=\"32\" height=\"32\" style=\"display: inline;width:32px;height:32px;margin: 0;padding: 0;border: none;box-shadow: none\" src=\"https:\/\/snudifo37.fr\/wp-content\/plugins\/social-media-feather\/synved-social\/image\/social\/regular\/64x64\/twitter.png\" \/><\/a><a class=\"synved-social-button synved-social-button-share synved-social-size-32 synved-social-resolution-single synved-social-provider-mail nolightbox\" data-provider=\"mail\" rel=\"nofollow\" title=\"Les derni\u00e8res informations du Snudi-Fo 37\" href=\"mailto:?subject=Loi%20Rilhac%20%3A%2015%20coll%C3%A8gues%20adoptent%20la%20motion%20intersyndicale%20SNUipp-FSU%2C%20SNUDI-FO%2C%20CGT%20Educ%20et%20Sud%20Educ%20lors%20d%E2%80%99une%20RIS&#038;body=Le%20Snudi-Fo%20vous%20informe%3A:%20https%3A%2F%2Fsnudifo37.fr%2Findex.php%2Fwp-json%2Fwp%2Fv2%2Fposts%2F4162\" style=\"font-size: 0px;width:32px;height:32px;margin:0;margin-bottom:20px\"><img loading=\"lazy\" decoding=\"async\" alt=\"mail\" title=\"Les derni\u00e8res informations du Snudi-Fo 37\" class=\"synved-share-image synved-social-image synved-social-image-share\" width=\"32\" height=\"32\" style=\"display: inline;width:32px;height:32px;margin: 0;padding: 0;border: none;box-shadow: none\" src=\"https:\/\/snudifo37.fr\/wp-content\/plugins\/social-media-feather\/synved-social\/image\/social\/regular\/64x64\/mail.png\" \/><\/a>","protected":false},"excerpt":{"rendered":"<p> Motion pour l\u2019abandon de la loi Rilhac<\/p>\n","protected":false},"author":1,"featured_media":3501,"comment_status":"closed","ping_status":"closed","sticky":false,"template":"","format":"standard","meta":{"footnotes":""},"categories":[7],"tags":[815,750,291,88],"class_list":["post-4162","post","type-post","status-publish","format-standard","has-post-thumbnail","hentry","category-syndicat","tag-abandon","tag-loi-rilhac","tag-motion","tag-ris"],"_links":{"self":[{"href":"https:\/\/snudifo37.fr\/index.php\/wp-json\/wp\/v2\/posts\/4162","targetHints":{"allow":["GET"]}}],"collection":[{"href":"https:\/\/snudifo37.fr\/index.php\/wp-json\/wp\/v2\/posts"}],"about":[{"href":"https:\/\/snudifo37.fr\/index.php\/wp-json\/wp\/v2\/types\/post"}],"author":[{"embeddable":true,"href":"https:\/\/snudifo37.fr\/index.php\/wp-json\/wp\/v2\/users\/1"}],"replies":[{"embeddable":true,"href":"https:\/\/snudifo37.fr\/index.php\/wp-json\/wp\/v2\/comments?post=4162"}],"version-history":[{"count":1,"href":"https:\/\/snudifo37.fr\/index.php\/wp-json\/wp\/v2\/posts\/4162\/revisions"}],"predecessor-version":[{"id":4163,"href":"https:\/\/snudifo37.fr\/index.php\/wp-json\/wp\/v2\/posts\/4162\/revisions\/4163"}],"wp:featuredmedia":[{"embeddable":true,"href":"https:\/\/snudifo37.fr\/index.php\/wp-json\/wp\/v2\/media\/3501"}],"wp:attachment":[{"href":"https:\/\/snudifo37.fr\/index.php\/wp-json\/wp\/v2\/media?parent=4162"}],"wp:term":[{"taxonomy":"category","embeddable":true,"href":"https:\/\/snudifo37.fr\/index.php\/wp-json\/wp\/v2\/categories?post=4162"},{"taxonomy":"post_tag","embeddable":true,"href":"https:\/\/snudifo37.fr\/index.php\/wp-json\/wp\/v2\/tags?post=4162"}],"curies":[{"name":"wp","href":"https:\/\/api.w.org\/{rel}","templated":true}]}}