{"id":4077,"date":"2021-10-26T15:45:38","date_gmt":"2021-10-26T13:45:38","guid":{"rendered":"https:\/\/snudifo37.fr\/?p=4077"},"modified":"2021-10-26T15:45:39","modified_gmt":"2021-10-26T13:45:39","slug":"territorialisation-remise-en-cause-du-calendrier-et-des-statuts-ca-suffit","status":"publish","type":"post","link":"https:\/\/snudifo37.fr\/index.php\/2021\/10\/26\/territorialisation-remise-en-cause-du-calendrier-et-des-statuts-ca-suffit\/","title":{"rendered":"Territorialisation, remise en cause du calendrier et des statuts\u2026 \u00c7a suffit !"},"content":{"rendered":"\n<div class=\"wp-block-image\"><figure class=\"aligncenter size-full\"><img loading=\"lazy\" decoding=\"async\" width=\"178\" height=\"190\" src=\"https:\/\/snudifo37.fr\/wp-content\/uploads\/2020\/03\/SNUDI_FO.jpg\" alt=\"\" class=\"wp-image-2034\"\/><\/figure><\/div>\n\n\n\n<p>Les processus de d\u00e9r\u00e9glementation, de territorialisation de l\u2019Education nationale men\u00e9s par le pr\u00e9sident, le ministre Blanquer et leurs repr\u00e9sentants se multiplient aujourd\u2019hui.<\/p>\n\n\n\n<p>Ainsi \u00e0 Marseille, le pr\u00e9sident Macron impose une exp\u00e9rimentation o\u00f9 dans 50 \u00e9coles autonomes, les directeurs pourraient non seulement recruter les autres enseignants mais aussi d\u00e9cider du fonctionnement et des rythmes scolaires de l\u2019\u00e9cole sous la pression des acteurs extrascolaires.<\/p>\n\n\n\n<p>Ainsi en Guadeloupe, la rectrice, repr\u00e9sentante du ministre, d\u00e9cide de r\u00e9duire les cong\u00e9s scolaires de 12 jours au pr\u00e9texte que les \u00e9coles n\u2019auraient ouvert leurs portes que le 13 septembre au lieu du 1er septembre en raison de la pand\u00e9mie. Les enseignants, eux, ont repris le travail le 6 septembre, soit trois jours ouvr\u00e9s apr\u00e8s la date pr\u00e9vue\u2026<\/p>\n\n\n\n<p>D\u00e9cid\u00e9ment, tout est bon pour M. Macron et M. Blanquer pour d\u00e9r\u00e9glementer le fonctionnement de l\u2019Ecole publique et remettre en cause les statuts et les droits des personnels !<\/p>\n\n\n\n<p>Le SNUDI-FO r\u00e9affirme son opposition constante \u00e0 la territorialisation de l\u2019Ecole publique quelles que soient les formes qu\u2019elle prenne et son exigence du maintien d\u2019un calendrier limit\u00e9 \u00e0 36 semaines de classe.<\/p>\n\n\n\n<p>Le SNUDI-FO rappelle que <em>\u00ab la FNEC FP-FO n\u2019a jamais approuv\u00e9 une modification du calendrier scolaire aboutissant \u00e0 une aggravation des conditions de travail des personnels notamment par la diminution des cong\u00e9s scolaires. Elle revendique au contraire le maintien d\u2019un calendrier national. \u00bb<\/em><\/p>\n\n\n\n<p>En effet, le SNUDI-FO ne peut accepter toute forme de d\u00e9r\u00e8glementation qui, sous pr\u00e9texte de crise sanitaire, rogne sur les droits des personnels.<\/p>\n\n\n\n<p>Le SNUDI-FO rappelle ainsi sa r\u00e9solution de Congr\u00e8s : <em>\u00ab le congr\u00e8s du SNUDI FO revendique le maintien du calendrier national et de l\u2019int\u00e9gralit\u00e9 des cong\u00e9s (\u2026) Le congr\u00e8s refuse toute modification de l\u2019organisation des cong\u00e9s scolaires, exige le maintien de l\u2019organisation de l\u2019ann\u00e9e scolaire en cinq p\u00e9riodes de classes et quatre p\u00e9riodes de cong\u00e9s ainsi que le retour \u00e0 des cong\u00e9s d\u2019\u00e9t\u00e9 de deux mois, sans rentr\u00e9e ou pr\u00e9rentr\u00e9e en ao\u00fbt. \u00bb<\/em><\/p>\n\n\n\n<p>Pour le SNUDI-FO, la rectrice et le ministre, plut\u00f4t que de r\u00e9duire les cong\u00e9s en Guadeloupe, plut\u00f4t que de disloquer l\u2019Ecole publique \u00e0 Marseille, feraient mieux de cr\u00e9er les postes n\u00e9cessaires et de recruter en urgence des personnels titulaires pour permettre aux \u00e9l\u00e8ves et aux enseignants de poursuivre cette ann\u00e9e scolaire dans de meilleures conditions.<\/p>\n\n\n\n<p>Avec la FNEC FP-FO, le SNUDI-FO revendique :<\/p>\n\n\n\n<ul class=\"wp-block-list\"><li>L\u2019abrogation de toutes les mesures de territorialisation mises en place par ce gouvernement et les pr\u00e9c\u00e9dents ;<\/li><li>L\u2019abandon de l\u2019exp\u00e9rimentation Macron \u00e0 Marseille ;<\/li><li>Le maintien de l\u2019int\u00e9gralit\u00e9 des cong\u00e9s pour tous les personnels en Guadeloupe ;<\/li><li>La cr\u00e9ation de postes et le recrutement imm\u00e9diat de personnels.<\/li><\/ul>\n\n\n\n<p>Le SNUDI-FO soutient, en Guadeloupe, \u00e0 Marseille et ailleurs, toutes les mobilisations visant \u00e0 organiser la r\u00e9sistance pour satisfaire ces revendications.<\/p>\n\n\n\n<p class=\"has-text-align-right\"><em>Montreuil, le 25 octobre 2021<\/em><\/p>\n\n\n\n<div class=\"wp-block-file\"><a href=\"https:\/\/snudifo37.fr\/wp-content\/uploads\/2021\/10\/211025-Communique-SNUDI-FO-Calendrier.pdf\">211025-Communique-SNUDI-FO-Calendrier<\/a><a href=\"https:\/\/snudifo37.fr\/wp-content\/uploads\/2021\/10\/211025-Communique-SNUDI-FO-Calendrier.pdf\" class=\"wp-block-file__button\" download>T\u00e9l\u00e9charger<\/a><\/div>\n<a class=\"synved-social-button synved-social-button-share synved-social-size-32 synved-social-resolution-single synved-social-provider-facebook nolightbox\" data-provider=\"facebook\" target=\"_blank\" rel=\"nofollow\" title=\"Faites le savoir \u00e0 vos amis via Facebook \" href=\"https:\/\/www.facebook.com\/sharer.php?u=https%3A%2F%2Fsnudifo37.fr%2Findex.php%2Fwp-json%2Fwp%2Fv2%2Fposts%2F4077&#038;t=Territorialisation%2C%20remise%20en%20cause%20du%20calendrier%20et%20des%20statuts%E2%80%A6%20%C3%87a%20suffit%20%21&#038;s=100&#038;p&#091;url&#093;=https%3A%2F%2Fsnudifo37.fr%2Findex.php%2Fwp-json%2Fwp%2Fv2%2Fposts%2F4077&#038;p&#091;images&#093;&#091;0&#093;=https%3A%2F%2Fsnudifo37.fr%2Fwp-content%2Fuploads%2F2020%2F02%2FEssorageResized.jpg&#038;p&#091;title&#093;=Territorialisation%2C%20remise%20en%20cause%20du%20calendrier%20et%20des%20statuts%E2%80%A6%20%C3%87a%20suffit%20%21\" style=\"font-size: 0px;width:32px;height:32px;margin:0;margin-bottom:20px;margin-right:20px\"><img loading=\"lazy\" decoding=\"async\" alt=\"Facebook\" title=\"Faites le savoir \u00e0 vos amis via Facebook \" class=\"synved-share-image synved-social-image synved-social-image-share\" width=\"32\" height=\"32\" style=\"display: inline;width:32px;height:32px;margin: 0;padding: 0;border: none;box-shadow: none\" src=\"https:\/\/snudifo37.fr\/wp-content\/plugins\/social-media-feather\/synved-social\/image\/social\/regular\/64x64\/facebook.png\" \/><\/a><a class=\"synved-social-button synved-social-button-share synved-social-size-32 synved-social-resolution-single synved-social-provider-twitter nolightbox\" data-provider=\"twitter\" target=\"_blank\" rel=\"nofollow\" title=\"Informez-en vos amis via Twitter\" href=\"https:\/\/twitter.com\/intent\/tweet?url=https%3A%2F%2Fsnudifo37.fr%2Findex.php%2Fwp-json%2Fwp%2Fv2%2Fposts%2F4077&#038;text=Le%20Snudi-Fo%20vous%20informe%3A\" style=\"font-size: 0px;width:32px;height:32px;margin:0;margin-bottom:20px;margin-right:20px\"><img loading=\"lazy\" decoding=\"async\" alt=\"twitter\" title=\"Informez-en vos amis via Twitter\" class=\"synved-share-image synved-social-image synved-social-image-share\" width=\"32\" height=\"32\" style=\"display: inline;width:32px;height:32px;margin: 0;padding: 0;border: none;box-shadow: none\" src=\"https:\/\/snudifo37.fr\/wp-content\/plugins\/social-media-feather\/synved-social\/image\/social\/regular\/64x64\/twitter.png\" \/><\/a><a class=\"synved-social-button synved-social-button-share synved-social-size-32 synved-social-resolution-single synved-social-provider-mail nolightbox\" data-provider=\"mail\" rel=\"nofollow\" title=\"Les derni\u00e8res informations du Snudi-Fo 37\" href=\"mailto:?subject=Territorialisation%2C%20remise%20en%20cause%20du%20calendrier%20et%20des%20statuts%E2%80%A6%20%C3%87a%20suffit%20%21&#038;body=Le%20Snudi-Fo%20vous%20informe%3A:%20https%3A%2F%2Fsnudifo37.fr%2Findex.php%2Fwp-json%2Fwp%2Fv2%2Fposts%2F4077\" style=\"font-size: 0px;width:32px;height:32px;margin:0;margin-bottom:20px\"><img loading=\"lazy\" decoding=\"async\" alt=\"mail\" title=\"Les derni\u00e8res informations du Snudi-Fo 37\" class=\"synved-share-image synved-social-image synved-social-image-share\" width=\"32\" height=\"32\" style=\"display: inline;width:32px;height:32px;margin: 0;padding: 0;border: none;box-shadow: none\" src=\"https:\/\/snudifo37.fr\/wp-content\/plugins\/social-media-feather\/synved-social\/image\/social\/regular\/64x64\/mail.png\" \/><\/a>","protected":false},"excerpt":{"rendered":"<p>Les processus de d\u00e9r\u00e9glementation, de territorialisation de l\u2019Education nationale men\u00e9s par le pr\u00e9sident, le ministre Blanquer et leurs repr\u00e9sentants se multiplient aujourd\u2019hui.<\/p>\n","protected":false},"author":1,"featured_media":1706,"comment_status":"closed","ping_status":"closed","sticky":false,"template":"","format":"standard","meta":{"footnotes":""},"categories":[7],"tags":[829,34,245,169,20,1136,113],"class_list":["post-4077","post","type-post","status-publish","format-standard","has-post-thumbnail","hentry","category-syndicat","tag-829","tag-blanquer","tag-calendrier","tag-macron","tag-snudi-fo","tag-statuts","tag-territorialisation"],"_links":{"self":[{"href":"https:\/\/snudifo37.fr\/index.php\/wp-json\/wp\/v2\/posts\/4077","targetHints":{"allow":["GET"]}}],"collection":[{"href":"https:\/\/snudifo37.fr\/index.php\/wp-json\/wp\/v2\/posts"}],"about":[{"href":"https:\/\/snudifo37.fr\/index.php\/wp-json\/wp\/v2\/types\/post"}],"author":[{"embeddable":true,"href":"https:\/\/snudifo37.fr\/index.php\/wp-json\/wp\/v2\/users\/1"}],"replies":[{"embeddable":true,"href":"https:\/\/snudifo37.fr\/index.php\/wp-json\/wp\/v2\/comments?post=4077"}],"version-history":[{"count":1,"href":"https:\/\/snudifo37.fr\/index.php\/wp-json\/wp\/v2\/posts\/4077\/revisions"}],"predecessor-version":[{"id":4079,"href":"https:\/\/snudifo37.fr\/index.php\/wp-json\/wp\/v2\/posts\/4077\/revisions\/4079"}],"wp:featuredmedia":[{"embeddable":true,"href":"https:\/\/snudifo37.fr\/index.php\/wp-json\/wp\/v2\/media\/1706"}],"wp:attachment":[{"href":"https:\/\/snudifo37.fr\/index.php\/wp-json\/wp\/v2\/media?parent=4077"}],"wp:term":[{"taxonomy":"category","embeddable":true,"href":"https:\/\/snudifo37.fr\/index.php\/wp-json\/wp\/v2\/categories?post=4077"},{"taxonomy":"post_tag","embeddable":true,"href":"https:\/\/snudifo37.fr\/index.php\/wp-json\/wp\/v2\/tags?post=4077"}],"curies":[{"name":"wp","href":"https:\/\/api.w.org\/{rel}","templated":true}]}}