{"id":4074,"date":"2021-10-21T15:28:00","date_gmt":"2021-10-21T13:28:00","guid":{"rendered":"https:\/\/snudifo37.fr\/?p=4074"},"modified":"2021-10-26T15:37:18","modified_gmt":"2021-10-26T13:37:18","slug":"alerte-sur-les-diplomes-nationaux-blanquer-attaque-le-bac-vidal-attaque-tous-les-autres-grades-universitaires","status":"publish","type":"post","link":"https:\/\/snudifo37.fr\/index.php\/2021\/10\/21\/alerte-sur-les-diplomes-nationaux-blanquer-attaque-le-bac-vidal-attaque-tous-les-autres-grades-universitaires\/","title":{"rendered":"Alerte sur les dipl\u00f4mes nationaux : Blanquer attaque le Bac, Vidal attaque tous les autres grades universitaires !"},"content":{"rendered":"\n<div class=\"wp-block-image\"><figure class=\"aligncenter size-large is-resized\"><img loading=\"lazy\" decoding=\"async\" src=\"https:\/\/snudifo37.fr\/wp-content\/uploads\/2021\/05\/logo.vectoriel-1024x1024-1-1024x1024.jpg\" alt=\"\" class=\"wp-image-3614\" width=\"250\" height=\"250\" srcset=\"https:\/\/snudifo37.fr\/wp-content\/uploads\/2021\/05\/logo.vectoriel-1024x1024-1.jpg 1024w, https:\/\/snudifo37.fr\/wp-content\/uploads\/2021\/05\/logo.vectoriel-1024x1024-1-300x300.jpg 300w, https:\/\/snudifo37.fr\/wp-content\/uploads\/2021\/05\/logo.vectoriel-1024x1024-1-150x150.jpg 150w, https:\/\/snudifo37.fr\/wp-content\/uploads\/2021\/05\/logo.vectoriel-1024x1024-1-768x768.jpg 768w, https:\/\/snudifo37.fr\/wp-content\/uploads\/2021\/05\/logo.vectoriel-1024x1024-1-125x125.jpg 125w\" sizes=\"auto, (max-width: 250px) 100vw, 250px\" \/><\/figure><\/div>\n\n\n\n<p>Rappel : La loi du 27 f\u00e9vrier 1880 est fondatrice de l\u2019Universit\u00e9 publique en France, et plus largement est consid\u00e9r\u00e9e par les juristes comme l\u2019une des \u00ab lois constitutionnelles \u00bb de la R\u00e9publique. Elle \u00e9tablit ce qu\u2019on appelle le monopole de la collation des grades, seul l\u2019\u00c9tat (r\u00e9publicain) pouvant d\u00e9livrer les dipl\u00f4mes nationaux et les grades universitaires, au sein des seules universit\u00e9s, qui ne peuvent \u00eatre que publiques et dont l\u2019acc\u00e8s \u00e9tait \u00e0 cette \u00e9poque gratuit. Citation :<\/p>\n\n\n\n<p><em><u>\u00ab Article premier<\/u><\/em><br><em>Les examens et \u00e9preuves pratiques qui d\u00e9terminent la collation des grades ne peuvent \u00eatre subis que devant les facult\u00e9s de l&rsquo;\u00c9tat. (&#8230;)<\/em><\/p>\n\n\n\n<p><em><u>Article 3<\/u><\/em> <br><em>Les inscriptions prises dans les facult\u00e9s de l&rsquo;\u00c9tat sont gratuites.<\/em><\/p>\n\n\n\n<p><em><u>Article 4<\/u><\/em> <br><em>Les \u00e9tablissements libres d&rsquo;enseignement sup\u00e9rieur ne pourront, en aucun cas, prendre le titre d&rsquo;universit\u00e9s.<\/em> <br><em>Les certificats d&rsquo;\u00e9tudes qu&rsquo;on y jugera \u00e0 propos de d\u00e9cerner aux \u00e9l\u00e8ves ne pourront porter les titres de baccalaur\u00e9at, de licence ou de doctorat.<\/em><\/p>\n\n\n\n<p><em><u>Article 5<\/u><\/em> <br><em>Les titres ou grades universitaires ne peuvent \u00eatre attribu\u00e9s qu&rsquo;aux personnes qui les ont obtenus apr\u00e8s les examens ou concours r\u00e9glementaires subis devant les professeurs ou jurys de l&rsquo;\u00c9tat \u00bb<\/em><\/p>\n\n\n\n<p>\u00ab \u00c0 bas bruit \u00bb, profitant de la pand\u00e9mie, la ministre Vidal tente de supprimer le monopole de la collation des grades. Elle a pris en effet l\u2019arr\u00eat\u00e9 suivant, concernant la licence et le master :<\/p>\n\n\n\n<p><em>\u00ab Les dipl\u00f4mes nationaux de licence et licence professionnelle, d\u2019une part, et le dipl\u00f4me national de master, d\u2019autre part, conf\u00e8rent de plein droit \u00e0 leurs titulaires respectivement le grade de licence et le grade de master. <u>Les grades universitaires peuvent \u00e9galement \u00eatre accord\u00e9s \u00e0 d\u2019autres<\/u> <u>dipl\u00f4mes d\u00e9livr\u00e9s au nom de l\u2019Etat ou \u00e0 des dipl\u00f4mes d\u2019\u00e9tablissements publics ou priv\u00e9s<\/u>, d\u00e8s lors qu\u2019ils contribuent aux objectifs du service public de l\u2019enseignement sup\u00e9rieur d\u00e9finis \u00e0 l\u2019article L. 123-2 du code de l\u2019\u00e9ducation. <u>Ces dipl\u00f4mes sont soumis<\/u> soit \u00e0 la r\u00e9glementation nationale qui les d\u00e9finit, soit,<u> lorsqu\u2019il s\u2019agit de dipl\u00f4mes d\u2019\u00e9tablissement, aux r\u00e8glements d\u2019\u00e9tudes fix\u00e9s par les<\/u> <u>instances comp\u00e9tentes<\/u> \u00bb.<\/em><\/p>\n\n\n\n<p>Premiers b\u00e9n\u00e9ficiaires : les \u00e9tablissements d\u2019enseignement sup\u00e9rieur catholiques (frauduleusement appel\u00e9s \u00ab universit\u00e9s catholiques \u00bb depuis l\u2019\u00e9poque de P\u00e9tain, en violation de l\u2019article 4 ci-dessus), les \u00ab Cathos \u00bb, qui auront maintenant le droit de d\u00e9livrer des licences et masters, voire le doctorat. Mais aussi : la plupart des \u00e9tablissements priv\u00e9s, qui n\u2019auront qu\u2019\u00e0 remplir un dossier. Mais encore : un nombre incalculable de \u00ab formations \u00bb priv\u00e9es, parfois \u00e9ph\u00e9m\u00e8res, tr\u00e8s souvent de tr\u00e8s mauvaise qualit\u00e9 et toujours tr\u00e8s ch\u00e8res (de 5000 \u00e0 12000 euros environ, pour l\u2019instant).<\/p>\n\n\n\n<p>C\u2019est un recul aussi pour l\u2019ensemble des salari\u00e9s du public comme du priv\u00e9, puisque les bases m\u00eames de l\u2019existence des statuts nationaux et des conventions collectives nationales sont vou\u00e9es \u00e0 dispara\u00eetre.<\/p>\n\n\n\n<p>Enfin, \u00ab\u00a0France Comp\u00e9tences\u00a0\u00bb sera charg\u00e9e d&rsquo;\u00e9tablir la liste commune de tous les masters (grades ou dipl\u00f4mes), publics et priv\u00e9s, qui sera enregistr\u00e9e dans le R\u00e9pertoire National des Certifications professionnelles (RNCP), dont la composition et la fonction ont \u00e9t\u00e9 modifi\u00e9es par la loi \u00ab pour la libert\u00e9 de choisir son avenir professionnel \u00bb.<\/p>\n\n\n\n<p>Dans le prolongement de ces dispositions, il est pr\u00e9vu que le grade de master d\u00e9livr\u00e9 par un jury universitaire (c\u2019est-\u00e0-dire formellement pr\u00e9sid\u00e9 par un enseignant-chercheur) remplacerait les cartes professionnelles d\u00e9livr\u00e9es par d\u2019autres minist\u00e8res, telles celles d\u00e9livr\u00e9es par le Minist\u00e8re de la Jeunesse et des Sports aux entraineurs de foot form\u00e9s par leur F\u00e9d\u00e9ration, aux moniteurs de natation, directeurs de salle de sport, etc. Ainsi, dans la discussion du \u00ab Comit\u00e9 de Suivi Licence, Master Doctorat \u00bb, un participant a pr\u00e9cis\u00e9, \u00e0 titre d\u2019exemple, qu\u2019il faudrait peut-\u00eatre exiger qu\u2019il y ait au moins un universitaire joueur de foot amateur dans le jury de d\u00e9livrance du dipl\u00f4me d\u2019entra\u00eeneur&#8230; Sans commentaire !<\/p>\n\n\n\n<p>Pour la FNEC FP-FO, les dipl\u00f4mes nationaux et les grades universitaires constituent des garanties pour les droits des lyc\u00e9ens et des \u00e9tudiants futurs salari\u00e9s : droit aux \u00e9tudes (acc\u00e8s aux cours permettant la pr\u00e9paration du dipl\u00f4me sup\u00e9rieur) ou \u00e0 la formation, droits \u00e0 une r\u00e9mun\u00e9ration et une carri\u00e8re garanties par le Statut (fonctionnaires) ou le contrat \u00e9tabli selon le Code du travail et les conventions collectives (salari\u00e9s du priv\u00e9).<\/p>\n\n\n\n<h3 class=\"wp-block-heading\">La FNEC FP-FO revendique :<\/h3>\n\n\n\n<ul class=\"wp-block-list\"><li>Le r\u00e9tablissement plein et entier du monopole de la collation des grades : baccalaur\u00e9at, licence, master, doctorat.<\/li><li>Le r\u00e9tablissement du baccalaur\u00e9at comme dipl\u00f4me national fond\u00e9 sur des \u00e9preuves nationales, anonymes, terminales, ponctuelles et disciplinaires, d\u00e8s 2022 !<\/li><li>L\u2019abandon de Parcoursup, qui d\u00e9nie aux bacheliers le droit d\u2019acc\u00e9der \u00e0 la licence de leur choix (comme c\u2019\u00e9tait le cas jusqu\u2019en 2017) et l\u2019abrogation de la loi ORE.<\/li><li>L\u2019abandon de la s\u00e9lection \u00e0 l\u2019entr\u00e9e en master et de toutes les s\u00e9lections non r\u00e9glementaires entre 1<sup>e<\/sup> et 2<sup>e<\/sup> ann\u00e9e master.<\/li><\/ul>\n\n\n\n<h3 class=\"wp-block-heading\">La FNEC FP-FO est aux c\u00f4t\u00e9s des personnels qui depuis des ann\u00e9es r\u00e9sistent \u00e0 la destruction du baccalaur\u00e9at national et \u00e0 la mise en place du contr\u00f4le continu. Elle soutient toutes les initiatives pour le retour aux \u00e9preuves terminales, nationales et anonymes d\u00e8s la session de 2022, pour le retrait des projets locaux d\u2019\u00e9valuation. A Nantes, \u00e0 Tours, des rassemblements sont appel\u00e9s par les syndicats sur ces revendications. FO appelle les personnels \u00e0 se r\u00e9unir pour prendre position et discuter des moyens d\u2019agir pour les revendications : R\u00e9tablissement du Bac national ! On ne veut pas d\u2019un dipl\u00f4me local sans valeur ! On ne veut pas du contr\u00f4le continu !<\/h3>\n\n\n\n<p><\/p>\n\n\n\n<p class=\"has-text-align-right\"><em>Montreuil, le 21 octobre 2021<\/em><\/p>\n\n\n\n<div class=\"wp-block-file\"><a href=\"https:\/\/snudifo37.fr\/wp-content\/uploads\/2021\/10\/21-10-21-Communique-FNEC-FP-FO-Alerte-sur-les-diplomes-nationaux.pdf\">21-10-21-Communique-FNEC-FP-FO-Alerte-sur-les-diplomes-nationaux<\/a><a href=\"https:\/\/snudifo37.fr\/wp-content\/uploads\/2021\/10\/21-10-21-Communique-FNEC-FP-FO-Alerte-sur-les-diplomes-nationaux.pdf\" class=\"wp-block-file__button\" download>T\u00e9l\u00e9charger<\/a><\/div>\n\n\n\n<p><\/p>\n<a class=\"synved-social-button synved-social-button-share synved-social-size-32 synved-social-resolution-single synved-social-provider-facebook nolightbox\" data-provider=\"facebook\" target=\"_blank\" rel=\"nofollow\" title=\"Faites le savoir \u00e0 vos amis via Facebook \" href=\"https:\/\/www.facebook.com\/sharer.php?u=https%3A%2F%2Fsnudifo37.fr%2Findex.php%2Fwp-json%2Fwp%2Fv2%2Fposts%2F4074&#038;t=Alerte%20sur%20les%20dipl%C3%B4mes%20nationaux%20%3A%20Blanquer%20attaque%20le%20Bac%2C%20Vidal%20attaque%20tous%20les%20autres%20grades%20universitaires%20%21&#038;s=100&#038;p&#091;url&#093;=https%3A%2F%2Fsnudifo37.fr%2Findex.php%2Fwp-json%2Fwp%2Fv2%2Fposts%2F4074&#038;p&#091;images&#093;&#091;0&#093;=https%3A%2F%2Fsnudifo37.fr%2Fwp-content%2Fuploads%2F2020%2F05%2FServicesPublics.jpg&#038;p&#091;title&#093;=Alerte%20sur%20les%20dipl%C3%B4mes%20nationaux%20%3A%20Blanquer%20attaque%20le%20Bac%2C%20Vidal%20attaque%20tous%20les%20autres%20grades%20universitaires%20%21\" style=\"font-size: 0px;width:32px;height:32px;margin:0;margin-bottom:20px;margin-right:20px\"><img loading=\"lazy\" decoding=\"async\" alt=\"Facebook\" title=\"Faites le savoir \u00e0 vos amis via Facebook \" class=\"synved-share-image synved-social-image synved-social-image-share\" width=\"32\" height=\"32\" style=\"display: inline;width:32px;height:32px;margin: 0;padding: 0;border: none;box-shadow: none\" src=\"https:\/\/snudifo37.fr\/wp-content\/plugins\/social-media-feather\/synved-social\/image\/social\/regular\/64x64\/facebook.png\" \/><\/a><a class=\"synved-social-button synved-social-button-share synved-social-size-32 synved-social-resolution-single synved-social-provider-twitter nolightbox\" data-provider=\"twitter\" target=\"_blank\" rel=\"nofollow\" title=\"Informez-en vos amis via Twitter\" href=\"https:\/\/twitter.com\/intent\/tweet?url=https%3A%2F%2Fsnudifo37.fr%2Findex.php%2Fwp-json%2Fwp%2Fv2%2Fposts%2F4074&#038;text=Le%20Snudi-Fo%20vous%20informe%3A\" style=\"font-size: 0px;width:32px;height:32px;margin:0;margin-bottom:20px;margin-right:20px\"><img loading=\"lazy\" decoding=\"async\" alt=\"twitter\" title=\"Informez-en vos amis via Twitter\" class=\"synved-share-image synved-social-image synved-social-image-share\" width=\"32\" height=\"32\" style=\"display: inline;width:32px;height:32px;margin: 0;padding: 0;border: none;box-shadow: none\" src=\"https:\/\/snudifo37.fr\/wp-content\/plugins\/social-media-feather\/synved-social\/image\/social\/regular\/64x64\/twitter.png\" \/><\/a><a class=\"synved-social-button synved-social-button-share synved-social-size-32 synved-social-resolution-single synved-social-provider-mail nolightbox\" data-provider=\"mail\" rel=\"nofollow\" title=\"Les derni\u00e8res informations du Snudi-Fo 37\" href=\"mailto:?subject=Alerte%20sur%20les%20dipl%C3%B4mes%20nationaux%20%3A%20Blanquer%20attaque%20le%20Bac%2C%20Vidal%20attaque%20tous%20les%20autres%20grades%20universitaires%20%21&#038;body=Le%20Snudi-Fo%20vous%20informe%3A:%20https%3A%2F%2Fsnudifo37.fr%2Findex.php%2Fwp-json%2Fwp%2Fv2%2Fposts%2F4074\" style=\"font-size: 0px;width:32px;height:32px;margin:0;margin-bottom:20px\"><img loading=\"lazy\" decoding=\"async\" alt=\"mail\" title=\"Les derni\u00e8res informations du Snudi-Fo 37\" class=\"synved-share-image synved-social-image synved-social-image-share\" width=\"32\" height=\"32\" style=\"display: inline;width:32px;height:32px;margin: 0;padding: 0;border: none;box-shadow: none\" src=\"https:\/\/snudifo37.fr\/wp-content\/plugins\/social-media-feather\/synved-social\/image\/social\/regular\/64x64\/mail.png\" \/><\/a>","protected":false},"excerpt":{"rendered":"<p>Rappel : La loi du 27 f\u00e9vrier 1880 est fondatrice de l\u2019Universit\u00e9 publique en France, et plus largement est consid\u00e9r\u00e9e par les juristes comme l\u2019une des \u00ab lois constitutionnelles \u00bb de la R\u00e9publique. Elle \u00e9tablit ce qu\u2019on appelle le monopole de la collation des grades, seul l\u2019\u00c9tat (r\u00e9publicain) pouvant d\u00e9livrer les dipl\u00f4mes nationaux et les grades universitaires, au sein des seules universit\u00e9s, qui ne peuvent \u00eatre que publiques et dont l\u2019acc\u00e8s \u00e9tait \u00e0 cette \u00e9poque gratuit.<\/p>\n","protected":false},"author":1,"featured_media":2289,"comment_status":"closed","ping_status":"closed","sticky":false,"template":"","format":"standard","meta":{"footnotes":""},"categories":[7],"tags":[829,588,34,1150,31,1149,679,1148],"class_list":["post-4074","post","type-post","status-publish","format-standard","has-post-thumbnail","hentry","category-syndicat","tag-829","tag-bac","tag-blanquer","tag-diplomes-nationaux","tag-fnec-fp-fo","tag-grades-universitaires","tag-universite","tag-vidal"],"_links":{"self":[{"href":"https:\/\/snudifo37.fr\/index.php\/wp-json\/wp\/v2\/posts\/4074","targetHints":{"allow":["GET"]}}],"collection":[{"href":"https:\/\/snudifo37.fr\/index.php\/wp-json\/wp\/v2\/posts"}],"about":[{"href":"https:\/\/snudifo37.fr\/index.php\/wp-json\/wp\/v2\/types\/post"}],"author":[{"embeddable":true,"href":"https:\/\/snudifo37.fr\/index.php\/wp-json\/wp\/v2\/users\/1"}],"replies":[{"embeddable":true,"href":"https:\/\/snudifo37.fr\/index.php\/wp-json\/wp\/v2\/comments?post=4074"}],"version-history":[{"count":2,"href":"https:\/\/snudifo37.fr\/index.php\/wp-json\/wp\/v2\/posts\/4074\/revisions"}],"predecessor-version":[{"id":4083,"href":"https:\/\/snudifo37.fr\/index.php\/wp-json\/wp\/v2\/posts\/4074\/revisions\/4083"}],"wp:featuredmedia":[{"embeddable":true,"href":"https:\/\/snudifo37.fr\/index.php\/wp-json\/wp\/v2\/media\/2289"}],"wp:attachment":[{"href":"https:\/\/snudifo37.fr\/index.php\/wp-json\/wp\/v2\/media?parent=4074"}],"wp:term":[{"taxonomy":"category","embeddable":true,"href":"https:\/\/snudifo37.fr\/index.php\/wp-json\/wp\/v2\/categories?post=4074"},{"taxonomy":"post_tag","embeddable":true,"href":"https:\/\/snudifo37.fr\/index.php\/wp-json\/wp\/v2\/tags?post=4074"}],"curies":[{"name":"wp","href":"https:\/\/api.w.org\/{rel}","templated":true}]}}