{"id":4000,"date":"2021-10-01T13:59:18","date_gmt":"2021-10-01T11:59:18","guid":{"rendered":"https:\/\/snudifo37.fr\/?p=4000"},"modified":"2021-10-01T14:25:48","modified_gmt":"2021-10-01T12:25:48","slug":"association-preau-une-attaque-frontale-contre-nos-statuts-un-pas-de-plus-vers-la-privatisation-un-comite-dentreprise-contre-laction-sociale-cest-non","status":"publish","type":"post","link":"https:\/\/snudifo37.fr\/index.php\/2021\/10\/01\/association-preau-une-attaque-frontale-contre-nos-statuts-un-pas-de-plus-vers-la-privatisation-un-comite-dentreprise-contre-laction-sociale-cest-non\/","title":{"rendered":"Association Pr\u00e9au : une attaque frontale contre nos statuts, un pas de plus vers la privatisation ! Un comit\u00e9 d\u2019entreprise contre l\u2019action sociale, c\u2019est NON !"},"content":{"rendered":"\n<div class=\"wp-block-image\"><figure class=\"aligncenter size-large is-resized\"><img loading=\"lazy\" decoding=\"async\" src=\"https:\/\/snudifo37.fr\/wp-content\/uploads\/2021\/05\/logo.vectoriel-1024x1024-1-1024x1024.jpg\" alt=\"\" class=\"wp-image-3614\" width=\"293\" height=\"293\" srcset=\"https:\/\/snudifo37.fr\/wp-content\/uploads\/2021\/05\/logo.vectoriel-1024x1024-1.jpg 1024w, https:\/\/snudifo37.fr\/wp-content\/uploads\/2021\/05\/logo.vectoriel-1024x1024-1-300x300.jpg 300w, https:\/\/snudifo37.fr\/wp-content\/uploads\/2021\/05\/logo.vectoriel-1024x1024-1-150x150.jpg 150w, https:\/\/snudifo37.fr\/wp-content\/uploads\/2021\/05\/logo.vectoriel-1024x1024-1-768x768.jpg 768w, https:\/\/snudifo37.fr\/wp-content\/uploads\/2021\/05\/logo.vectoriel-1024x1024-1-125x125.jpg 125w\" sizes=\"auto, (max-width: 293px) 100vw, 293px\" \/><\/figure><\/div>\n\n\n\n<p>Tout comme \u00e0 Marseille o\u00f9 le pr\u00e9sident et le ministre pr\u00e9voient la d\u00e9r\u00e8glementation, la privatisation de l\u2019Ecole, le ministre cherche \u00e0 privatiser et d\u00e9r\u00e9glementer l\u2019action sociale. A Marseille, les rythmes scolaires et l\u2019organisation g\u00e9n\u00e9rale pourraient \u00eatre adapt\u00e9s en lien avec les acteurs extrascolaires, dont des associations. Dans l\u2019action sociale, le ministre cr\u00e9e un comit\u00e9 d\u2019entreprise au statut d\u2019association, instaurant une logique d\u2019entreprise, contre nos droits statutaires.<\/p>\n\n\n\n<p>Lors de la commission nationale d\u2019action sociale (CNAS) du 24 septembre, la pr\u00e9sidente de l\u2019association Pr\u00e9au, d\u00e9sign\u00e9e par le ministre pour prendre en charge l\u2019atelier revalorisation du Grenelle, a pr\u00e9sent\u00e9 son association :<\/p>\n\n\n\n<ul class=\"wp-block-list\"><li>Pr\u00e9au a \u00e9t\u00e9 cr\u00e9\u00e9e \u00e0 l\u2019initiative des participants au Grenelle qui ont d\u00e9plor\u00e9 l\u2019absence de comit\u00e9 d\u2019entreprise. Pr\u00e9au veut proposer aux personnels tickets de cin\u00e9ma, billets de spectacle, partenariats sur les inscriptions dans les centres de vacances, bons d\u2019achat dans les enseignes pour l\u2019habillement, les librairies, les \u00e9diteurs comme Nathan, remises sur les achats d\u2019ordinateurs. Par qui ont \u00e9t\u00e9 \u00e9lus les participants aux ateliers du Grenelle ? La FNEC FP-FO a refus\u00e9 d\u2019y participer.<\/li><li>Association de loi 1901, des assembl\u00e9es g\u00e9n\u00e9rales seront r\u00e9unies, des repr\u00e9sentants \u00e9lus par les adh\u00e9rents dans toutes les r\u00e9gions acad\u00e9miques, les prestations seront d\u00e9cid\u00e9es et g\u00e9r\u00e9es par les membres de l\u2019association Pr\u00e9au. Des associations locales pourront y adh\u00e9rer. S\u2019agit-il d\u2019ONG, d\u2019associations en lien avec des entreprises priv\u00e9es, ou avec des organisations confessionnelles ?<\/li><li>Elle pourrait assurer l\u2019information des personnels et les rediriger vers les SRIAS (sections r\u00e9gionales inter administratives d\u2019action sociale qui offrent des prestations pour tous les agents de la fonction publique d\u2019Etat) et l\u2019action sociale minist\u00e9rielle (\u00e0 laquelle sont \u00e9ligibles les personnels de l\u2019\u00e9ducation nationale).<\/li><li>La pr\u00e9sidente de Pr\u00e9au demande que les associations travaillent avec les SRIAS et que la CNAS soit pr\u00e9sente dans les instances de Pr\u00e9au.<\/li><\/ul>\n\n\n\n<p>Un comit\u00e9 d\u2019entreprise, ce n\u2019est pas de l\u2019action sociale. Le ministre cr\u00e9e une association qui concurrence et s\u2019attaque frontalement aux prestations servies par les SRIAS (qui offrent notamment des r\u00e9ductions sur les s\u00e9jours vacances) et aux aides sociales d\u2019initiative acad\u00e9mique (d\u00e9finies localement et dont peuvent b\u00e9n\u00e9ficier les personnels de l\u2019\u00e9ducation nationale). Il d\u00e9tourne l\u2019argent de l\u2019action sociale, s\u2019attaque \u00e0 nos droits statutaires et cherche aussi \u00e0 \u00e9clater nos statuts en proposant que la CNAS si\u00e8ge dans les instances de Pr\u00e9au. Il propose des bons d\u2019achat. Les bons d\u2019achat, ce n\u2019est pas de l\u2019action sociale. C\u2019est de la charit\u00e9 ! Le ministre propose un transfert des missions statutaires des assistantes sociales vers des associations et menace leurs missions et leurs emplois.<\/p>\n\n\n\n<p>Nous rappelons que l\u2019action sociale est financ\u00e9e sur le budget de l\u2019Etat (donc avec l\u2019argent des agents) et qu\u2019avec la loi Le Pors, l\u2019action sociale est g\u00e9r\u00e9e par les organisations syndicales, dans des instances statutaires.<\/p>\n\n\n\n<p>Le ministre veut faire rentrer les associations dans l\u2019\u00e9cole tout comme il veut les faire entrer dans l\u2019action sociale.<\/p>\n\n\n\n<h2 class=\"has-text-align-center wp-block-heading\"><strong>Le ministre doit abandonner son projet d\u2019association Pr\u00e9au Non \u00e0 la privatisation de l\u2019action sociale<\/strong><\/h2>\n\n\n\n<p class=\"has-text-align-right\"><em>\u00e0 Montreuil, le 29 septembre 2021<\/em><\/p>\n\n\n\n<div class=\"wp-block-file\"><a href=\"https:\/\/snudifo37.fr\/wp-content\/uploads\/2021\/10\/21-09-29-Communique-FNEC-FP-FO-Association-Preau.pdf\">21-09-29-Communique-FNEC-FP-FO-Association-Preau<\/a><a href=\"https:\/\/snudifo37.fr\/wp-content\/uploads\/2021\/10\/21-09-29-Communique-FNEC-FP-FO-Association-Preau.pdf\" class=\"wp-block-file__button\" download>T\u00e9l\u00e9charger<\/a><\/div>\n<a class=\"synved-social-button synved-social-button-share synved-social-size-32 synved-social-resolution-single synved-social-provider-facebook nolightbox\" data-provider=\"facebook\" target=\"_blank\" rel=\"nofollow\" title=\"Faites le savoir \u00e0 vos amis via Facebook \" href=\"https:\/\/www.facebook.com\/sharer.php?u=https%3A%2F%2Fsnudifo37.fr%2Findex.php%2Fwp-json%2Fwp%2Fv2%2Fposts%2F4000&#038;t=Association%20Pr%C3%A9au%20%3A%20une%20attaque%20frontale%20contre%20nos%20statuts%2C%20un%20pas%20de%20plus%20vers%20la%20privatisation%20%21%20Un%20comit%C3%A9%20d%E2%80%99entreprise%20contre%20l%E2%80%99action%20sociale%2C%20c%E2%80%99est%20NON%20%21&#038;s=100&#038;p&#091;url&#093;=https%3A%2F%2Fsnudifo37.fr%2Findex.php%2Fwp-json%2Fwp%2Fv2%2Fposts%2F4000&#038;p&#091;images&#093;&#091;0&#093;=https%3A%2F%2Fsnudifo37.fr%2Fwp-content%2Fuploads%2F2020%2F05%2FStatut.jpg&#038;p&#091;title&#093;=Association%20Pr%C3%A9au%20%3A%20une%20attaque%20frontale%20contre%20nos%20statuts%2C%20un%20pas%20de%20plus%20vers%20la%20privatisation%20%21%20Un%20comit%C3%A9%20d%E2%80%99entreprise%20contre%20l%E2%80%99action%20sociale%2C%20c%E2%80%99est%20NON%20%21\" style=\"font-size: 0px;width:32px;height:32px;margin:0;margin-bottom:20px;margin-right:20px\"><img loading=\"lazy\" decoding=\"async\" alt=\"Facebook\" title=\"Faites le savoir \u00e0 vos amis via Facebook \" class=\"synved-share-image synved-social-image synved-social-image-share\" width=\"32\" height=\"32\" style=\"display: inline;width:32px;height:32px;margin: 0;padding: 0;border: none;box-shadow: none\" src=\"https:\/\/snudifo37.fr\/wp-content\/plugins\/social-media-feather\/synved-social\/image\/social\/regular\/64x64\/facebook.png\" \/><\/a><a class=\"synved-social-button synved-social-button-share synved-social-size-32 synved-social-resolution-single synved-social-provider-twitter nolightbox\" data-provider=\"twitter\" target=\"_blank\" rel=\"nofollow\" title=\"Informez-en vos amis via Twitter\" href=\"https:\/\/twitter.com\/intent\/tweet?url=https%3A%2F%2Fsnudifo37.fr%2Findex.php%2Fwp-json%2Fwp%2Fv2%2Fposts%2F4000&#038;text=Le%20Snudi-Fo%20vous%20informe%3A\" style=\"font-size: 0px;width:32px;height:32px;margin:0;margin-bottom:20px;margin-right:20px\"><img loading=\"lazy\" decoding=\"async\" alt=\"twitter\" title=\"Informez-en vos amis via Twitter\" class=\"synved-share-image synved-social-image synved-social-image-share\" width=\"32\" height=\"32\" style=\"display: inline;width:32px;height:32px;margin: 0;padding: 0;border: none;box-shadow: none\" src=\"https:\/\/snudifo37.fr\/wp-content\/plugins\/social-media-feather\/synved-social\/image\/social\/regular\/64x64\/twitter.png\" \/><\/a><a class=\"synved-social-button synved-social-button-share synved-social-size-32 synved-social-resolution-single synved-social-provider-mail nolightbox\" data-provider=\"mail\" rel=\"nofollow\" title=\"Les derni\u00e8res informations du Snudi-Fo 37\" href=\"mailto:?subject=Association%20Pr%C3%A9au%20%3A%20une%20attaque%20frontale%20contre%20nos%20statuts%2C%20un%20pas%20de%20plus%20vers%20la%20privatisation%20%21%20Un%20comit%C3%A9%20d%E2%80%99entreprise%20contre%20l%E2%80%99action%20sociale%2C%20c%E2%80%99est%20NON%20%21&#038;body=Le%20Snudi-Fo%20vous%20informe%3A:%20https%3A%2F%2Fsnudifo37.fr%2Findex.php%2Fwp-json%2Fwp%2Fv2%2Fposts%2F4000\" style=\"font-size: 0px;width:32px;height:32px;margin:0;margin-bottom:20px\"><img loading=\"lazy\" decoding=\"async\" alt=\"mail\" title=\"Les derni\u00e8res informations du Snudi-Fo 37\" class=\"synved-share-image synved-social-image synved-social-image-share\" width=\"32\" height=\"32\" style=\"display: inline;width:32px;height:32px;margin: 0;padding: 0;border: none;box-shadow: none\" src=\"https:\/\/snudifo37.fr\/wp-content\/plugins\/social-media-feather\/synved-social\/image\/social\/regular\/64x64\/mail.png\" \/><\/a>","protected":false},"excerpt":{"rendered":"<p>Tout comme \u00e0 Marseille o\u00f9 le pr\u00e9sident et le ministre pr\u00e9voient la d\u00e9r\u00e8glementation, la privatisation de l\u2019Ecole, le ministre cherche \u00e0 privatiser et d\u00e9r\u00e9glementer l\u2019action sociale. A Marseille, les rythmes scolaires et l\u2019organisation g\u00e9n\u00e9rale pourraient \u00eatre adapt\u00e9s en lien avec les acteurs extrascolaires, dont des associations. Dans l\u2019action sociale, le ministre cr\u00e9e un comit\u00e9 d\u2019entreprise au statut d\u2019association, instaurant une logique d\u2019entreprise, contre nos droits statutaires.<\/p>\n","protected":false},"author":1,"featured_media":2285,"comment_status":"closed","ping_status":"closed","sticky":false,"template":"","format":"standard","meta":{"footnotes":""},"categories":[7],"tags":[829,576,1138,34,31,673,1141],"class_list":["post-4000","post","type-post","status-publish","format-standard","has-post-thumbnail","hentry","category-syndicat","tag-829","tag-action-sociale","tag-association-preau","tag-blanquer","tag-fnec-fp-fo","tag-privatisation","tag-srias"],"_links":{"self":[{"href":"https:\/\/snudifo37.fr\/index.php\/wp-json\/wp\/v2\/posts\/4000","targetHints":{"allow":["GET"]}}],"collection":[{"href":"https:\/\/snudifo37.fr\/index.php\/wp-json\/wp\/v2\/posts"}],"about":[{"href":"https:\/\/snudifo37.fr\/index.php\/wp-json\/wp\/v2\/types\/post"}],"author":[{"embeddable":true,"href":"https:\/\/snudifo37.fr\/index.php\/wp-json\/wp\/v2\/users\/1"}],"replies":[{"embeddable":true,"href":"https:\/\/snudifo37.fr\/index.php\/wp-json\/wp\/v2\/comments?post=4000"}],"version-history":[{"count":2,"href":"https:\/\/snudifo37.fr\/index.php\/wp-json\/wp\/v2\/posts\/4000\/revisions"}],"predecessor-version":[{"id":4003,"href":"https:\/\/snudifo37.fr\/index.php\/wp-json\/wp\/v2\/posts\/4000\/revisions\/4003"}],"wp:featuredmedia":[{"embeddable":true,"href":"https:\/\/snudifo37.fr\/index.php\/wp-json\/wp\/v2\/media\/2285"}],"wp:attachment":[{"href":"https:\/\/snudifo37.fr\/index.php\/wp-json\/wp\/v2\/media?parent=4000"}],"wp:term":[{"taxonomy":"category","embeddable":true,"href":"https:\/\/snudifo37.fr\/index.php\/wp-json\/wp\/v2\/categories?post=4000"},{"taxonomy":"post_tag","embeddable":true,"href":"https:\/\/snudifo37.fr\/index.php\/wp-json\/wp\/v2\/tags?post=4000"}],"curies":[{"name":"wp","href":"https:\/\/api.w.org\/{rel}","templated":true}]}}