{"id":3861,"date":"2021-09-01T22:11:01","date_gmt":"2021-09-01T20:11:01","guid":{"rendered":"https:\/\/snudifo37.fr\/?p=3861"},"modified":"2021-09-01T22:11:02","modified_gmt":"2021-09-01T20:11:02","slug":"compte-rendu-du-ctsd-du-mardi-31-aout","status":"publish","type":"post","link":"https:\/\/snudifo37.fr\/index.php\/2021\/09\/01\/compte-rendu-du-ctsd-du-mardi-31-aout\/","title":{"rendered":"Compte-rendu du CTSD du mardi 31 ao\u00fbt"},"content":{"rendered":"\n<p>Ce mardi 31 ao\u00fbt s\u2019est tenu le CTSD de rentr\u00e9e. La d\u00e9l\u00e9gation FNEC FP-FO \u00e9tait compos\u00e9e de Florence Riquelme et Julien Giraudier pour le premier degr\u00e9, et Isabelle Lohr pour le second degr\u00e9.<\/p>\n\n\n\n<h2 class=\"has-text-align-center has-vivid-red-color has-text-color wp-block-heading\"><strong>Un CTSD sous le signe de l&rsquo;accompagnement PPCR des personnels !\u00a0<\/strong><\/h2>\n\n\n\n<p>Suite \u00e0 notre d\u00e9claration, que vous trouverez ci-dessous, nous avons fait part des craintes de certaines \u00e9coles d\u2019\u00eatre la cible d\u2019une fermeture potentielle en cette rentr\u00e9e, certains IEN le laissant entendre&#8230;&nbsp;<\/p>\n\n\n\n<p>Nous avons annonc\u00e9 que le SNUDI-FO n&rsquo;accepterait aucune fermeture&nbsp; en cette rentr\u00e9e !<\/p>\n\n\n\n<p>L&rsquo;IA DASEN&nbsp; a d\u00e9menti ce qu&rsquo;il qualifie de \u00ab rumeurs \u00bb et ne fermera aucune classe ce dont nous nous f\u00e9licitons.<\/p>\n\n\n\n<p>Le SNUDI FO a ensuite pr\u00e9sent\u00e9 et d\u00e9fendu les dossiers des \u00e9coles en sa possession, permettant d\u2019influencer les d\u00e9cisions de l\u2019IA-DASEN.<\/p>\n\n\n\n<p>Face au manque de moyens pour acc\u00e9der \u00e0 toutes les demandes d&rsquo;ouvertures, nous avons demand\u00e9 que les postes de conseillers p\u00e9dagogiques cr\u00e9\u00e9s en nombre soient transform\u00e9s en poste d\u2019enseignants devant \u00e9l\u00e8ves, ce que l\u2019IA DASEN a refus\u00e9.<\/p>\n\n\n\n<p>Au final, trois ouvertures ont \u00e9t\u00e9 confirm\u00e9es&nbsp;:<\/p>\n\n\n\n<p>&#8211;&nbsp;&nbsp;&nbsp;&nbsp;&nbsp;&nbsp;&nbsp;&nbsp;&nbsp; Maternelle Mignonne \u00e0 Jou\u00e9-l\u00e8s-Tours<\/p>\n\n\n\n<p>&#8211;&nbsp;&nbsp;&nbsp;&nbsp;&nbsp;&nbsp;&nbsp;&nbsp;&nbsp; Maternelle Paul Emile Victor \u00e0 Chambray les Tours.<\/p>\n\n\n\n<p>&#8211;&nbsp;&nbsp;&nbsp;&nbsp;&nbsp;&nbsp;&nbsp;&nbsp;&nbsp; Reugny (transformation du demi-poste suppl\u00e9mentaire en poste complet)<\/p>\n\n\n\n<p>Des ouvertures loin de correspondre aux besoins des \u00e9coles du d\u00e9partement : plus d\u2019une douzaine de dossiers ont \u00e9t\u00e9 pr\u00e9sent\u00e9s&#8230;<\/p>\n\n\n\n<p>C\u2019est pourquoi, lors du vote de la carte scolaire, les d\u00e9l\u00e9gu\u00e9s FO ont vot\u00e9 contre cette carte scolaire (3 voix), accompagn\u00e9s par le SNUIPP FSU (4 voix) et la CGT Educ\u2019action (1 voix).<\/p>\n\n\n\n<p>Seul le SE-UNSA s\u2019est abstenu.<\/p>\n\n\n\n<p>Nous nous f\u00e9licitons du fait que nos camarades du SNUipp-FSU se soient ressaisis apr\u00e8s leur vote <strong>pour<\/strong> la carte scolaire de rentr\u00e9e lors du pr\u00e9c\u00e9dent CTSD en juin.<\/p>\n\n\n\n<h2 class=\"has-text-align-center has-vivid-red-color has-text-color wp-block-heading\"><strong>Plan de formation&nbsp;: l\u2019\u00e9tau se resserre sur les professeurs des \u00e9coles&nbsp;!<\/strong><\/h2>\n\n\n\n<p>A notre demande, le plan de formation 2021-2022 a \u00e9t\u00e9 pr\u00e9sent\u00e9 au CTSD. La formation est en effet une pr\u00e9rogative de cette instance, doit y \u00eatre pr\u00e9sent\u00e9e et soumise au vote comme l\u2019exige la r\u00e9glementation.<\/p>\n\n\n\n<p>Cela a \u00e9t\u00e9 l\u2019occasion de confirmer ce qui nous a \u00e9t\u00e9 pr\u00e9sent\u00e9 lors du conseil de formation de juin dernier&nbsp;:<\/p>\n\n\n\n<ul class=\"wp-block-list\"><li><strong>Maintien et renforcement des constellations<\/strong>, malgr\u00e9 nos demandes et la mobilisation contre celles-ci l\u2019ann\u00e9e derni\u00e8re. L\u2019administration a d\u2019ailleurs confirm\u00e9 que ces Constellations s\u2019\u00e9tablissaient sur une temporalit\u00e9 de 6 ans ! Difficile de brider et briser plus encore la formation des professeurs des \u00e9coles\u2026<\/li><\/ul>\n\n\n\n<p>A noter que le Ministre en fait la priorit\u00e9 pour cette ann\u00e9e (nous y reviendrons)<\/p>\n\n\n\n<ul class=\"wp-block-list\"><li><strong>Des parcours de 9h <\/strong>pour les quelques personnels qui ne seraient pas encore concern\u00e9s par les constellations (et qui seront eux aussi concern\u00e9s d\u00e8s l\u2019ann\u00e9e prochaine), d\u00e9finis par l\u2019administration (un parcours sur le fran\u00e7ais et\/ou le ma\u00eetrise de la langue, et un autre parcours visant des apprentissages pluridisciplinaires).<\/li><li><strong>Des formations \u00ab\u00a0propos\u00e9es\u00a0\u00bb aux tuteurs de contractuels alternants<\/strong>, sp\u00e9cifiques pour ces personnels.<\/li><li>La mise en place des <strong>accompagnements d\u2019\u00e9coles et de \u00ab\u00a0r\u00e9seaux d\u2019\u00e9coles\u00a0\u00bb<\/strong>. Les 18h de formation des personnels des \u00e9coles concern\u00e9es seront d\u00e9volus \u00e0 ces accompagnements.<\/li><\/ul>\n\n\n\n<p>L\u2019administration enrobe ces orientations de beaux espoirs : celui de voir \u00e9merger des \u00ab projets int\u00e9ressants \u00bb ou des \u00ab \u00e9volution de pratiques professionnelles \u00bb. <strong>La v\u00e9rit\u00e9 est surtout de mettre en place un nouveau management dans l&rsquo;Education nationale \u00e9manant de PPCR et du Grenelle avec l&rsquo;\u00e9valuation des \u00e9coles d\u00e8s cette rentr\u00e9e et l&rsquo;\u00e9valuation par les pairs \u00e0 venir&#8230;<\/strong><\/p>\n\n\n\n<p>Quid de l\u2019intervention d\u2019une association n\u2019appartenant pas \u00e0 l\u2019Education Nationale et promouvant des m\u00e9thodes discutables visant \u00e0 accentuer la responsabilit\u00e9 directe des personnels face des situations syst\u00e9miques li\u00e9es \u00e0 la destruction du m\u00e9tier et du statut par les gouvernements sucessifs? L\u2019administration n\u2019a pas \u00e9voqu\u00e9 dans quel domaine elle interviendrait.<\/p>\n\n\n\n<h2 class=\"has-text-align-center has-vivid-red-color has-text-color wp-block-heading\"><strong>Vote sur le plan de formation continue : de quoi laisser la voie libre aux r\u00e9formes minist\u00e9rielles !<\/strong><\/h2>\n\n\n\n<p><strong>CONTRE : <\/strong>FO (3)&nbsp;<\/p>\n\n\n\n<p><strong>REFUS DE VOTER !!! : <\/strong>SNUipp FSU, SE UNSA, CGT<\/p>\n\n\n\n<p>Face aux menaces du Grenelle Blanquer s&rsquo;appuyant sur PPCR, <strong>le SNUDI-FO continuera d&rsquo;informer en toute ind\u00e9pendance et de mobiliser pour obtenir le retrait de ces mesures contre le statut.<\/strong><\/p>\n\n\n\n<p>Nous esp\u00e9rons que nos camarades reprendront rapidement leurs esprits et comprendront la menace que repr\u00e9sente notamment ce nouveau plan de formation.<\/p>\n\n\n\n<h1 class=\"has-text-align-center has-vivid-red-color has-text-color wp-block-heading\"><strong>D\u00e9claration de d\u00e9l\u00e9gu\u00e9s FNEC FP-FO au CTSD<\/strong>\u00a0<\/h1>\n\n\n\n<p>La FNEC FP-FO constate que les mobilisations contre le \u00ab pass sanitaire \u00bb ont regroup\u00e9 des centaines de milliers de manifestants.<\/p>\n\n\n\n<p>Elle soutient les mobilisations en cours qui se situent sur le terrain de la d\u00e9fense de nos libert\u00e9s individuelles et collectives, et de la pr\u00e9servation de nos acquis, \u00e0 commencer par le statut de fonctionnaire et le Code du Travail.<\/p>\n\n\n\n<p>La FNEC FP FO partage la position de la F\u00e9d\u00e9ration G\u00e9n\u00e9rale des Fonctionnaires-FO qui indique dans son communiqu\u00e9 du 28 juillet : \u00ab <em>La FGF-FO n\u2019accepte pas le pi\u00e8ge de la division entre vaccin\u00e9s et non vaccin\u00e9s. Pour la FGF-FO, la volont\u00e9 de sanctionner des agents, qui n\u2019auraient pas \u00e9t\u00e9 vaccin\u00e9s, est totalement inacceptable. (\u2026) Nous rejetons toutes sanctions envers les fonctionnaires, agents publics et salari\u00e9s et revendiquons l\u2019abrogation de ce projet de Loi. (\u2026) La FGF-FO exige qu\u2019aucune disposition de ce projet de loi ne vienne modifier les garanties du Statut g\u00e9n\u00e9ral des fonctionnaires. <\/em>\u00bb<\/p>\n\n\n\n<p>Contrairement \u00e0 ce qu&rsquo;annonce le Ministre Blanquer, il ne s&rsquo;agira pas d&rsquo;une rentr\u00e9e normale, notamment en raison du protocole et des mesures liberticides du gouvernement qui ne cessent de s&rsquo;accumuler, mesures qui se traduisent dans notre profession par l&rsquo;accentuation de l&rsquo;offensive du Ministre contre notre libert\u00e9 p\u00e9dagogique et de formation professionnelle avec une acc\u00e9l\u00e9ration des formations par constellations demand\u00e9e aux recteurs et IA-DASEN et la mise en place des \u00e9valuations d&rsquo;\u00e9coles, mesures d\u00e9coulant de l&rsquo;accompagnement PPCR !<\/p>\n\n\n\n<p>Le Ministre, \u00e0 l&rsquo;image du gouvernement, continue d&rsquo;avancer dans ses contre-r\u00e9formes destructrices du Grenelle contre l&rsquo;avis des personnels. Il d\u00e9cide de maintenir contre l&rsquo;avis unanime des organisations syndicales l&rsquo;imposition des HSA aux personnels \u00e0 temps partiel, dans le second degr\u00e9, d\u00e9r\u00e9glementation statutaire inadmissible qui tente de suppl\u00e9er de cette fa\u00e7on au manque consid\u00e9rable de postes en cette rentr\u00e9e 2021.<\/p>\n\n\n\n<p>Toutefois, la r\u00e9sistance exprim\u00e9e sur le terrain, bien souvent initi\u00e9e par la FNEC FP-FO, freine celles-ci.<\/p>\n\n\n\n<p>Ainsi, la fusion des corps d&rsquo;inspection est report\u00e9e \u00e0 janvier 2023.<\/p>\n\n\n\n<p>Ainsi, suite au communiqu\u00e9 commun \u00e0 notre initiative SNUDI-FO, SNUipp FSU, CGT Educ et Sud Educ contre le statut de directeur annonc\u00e9 d\u00e9but juillet pour sa mise en place d\u00e8s cette rentr\u00e9e, le Ministre annonce reporter son projet d&rsquo;un an&#8230;.<\/p>\n\n\n\n<p>L\u2019intersyndicale f\u00e9d\u00e9rale FNEC FP-FO&nbsp; \/ FSU \/ CGT et SUD a publi\u00e9 un communiqu\u00e9 \u00ab <em>Pour un plan d\u2019urgence dans l\u2019\u00e9ducation, pour les postes, les salaires, l\u2019am\u00e9lioration des conditions de travail, appel \u00e0 se mobiliser d\u00e8s la rentr\u00e9e, \u00e0 se mettre en gr\u00e8ve le 23 septembre et \u00e0 pr\u00e9parer la mobilisation interprofessionnelle \u00bb <\/em>qui indique notamment <em>\u00ab Nos organisations appellent les personnels \u00e0 se r\u00e9unir d\u00e8s les premiers jours de la rentr\u00e9e, y compris avec les parents d\u2019\u00e9l\u00e8ves, pour lister les revendications et organiser les mobilisations n\u00e9cessaires.<\/em><\/p>\n\n\n\n<p><em>Nos organisations soutiendront toutes ces actions qui doivent permettre de pr\u00e9parer une action nationale d\u2019ampleur. Elles appellent les personnels \u00e0 la gr\u00e8ve le 23 septembre. Elles appelleront \u00e0 poursuivre ces actions, en particulier dans le cadre d\u2019une mobilisation interprofessionnelle. <\/em>\u00bb pour pr\u00e9parer ces mobilisations d\u00e8s la rentr\u00e9e en r\u00e9unissant largement les personnels.<\/p>\n\n\n\n<p>Nous tenons \u00e9galement \u00e0 faire part de notre inqui\u00e9tude quant \u00e0 la sant\u00e9 psychologique des personnels d\u2019encadrements (chefs d\u2019\u00e9tablissement, IEN, cadre administratifs\u2026) et directeurs d\u2019\u00e9cole, en raison notamment du grand nombre de postes non pourvus \u00e0 la rentr\u00e9e et des injonctions permanentes li\u00e9es aux protocoles.<\/p>\n\n\n\n<p>Enfin nous soumettrons l\u2019avis suivant\u00a0<em>: \u00ab Le CTSD d\u00e9nonce le passage en force minist\u00e9riel concernant le d\u00e9cret relatif aux heures suppl\u00e9mentaires en cas de temps partiel contre l\u2019avis de toutes les f\u00e9d\u00e9rations syndicales au CTM. Le CTSD demande que soient cr\u00e9\u00e9s les moyens n\u00e9cessaires au fonctionnement du service et soutient l\u2019exigence de toutes les f\u00e9d\u00e9rations nationales au CTM que ce d\u00e9cret soit retir\u00e9. \u00bb<\/em><\/p>\n\n\n\n<p>Enfin, nous avons appris que des \u00e9coles avaient \u00e9t\u00e9 inform\u00e9es ce matin de possibles fermetures de classe, \u00e0 deux jours de la rentr\u00e9e. Depuis des ann\u00e9es, aucune classe n\u2019a \u00e9t\u00e9 ferm\u00e9e en ao\u00fbt ou en septembre, et en aucun cas nous ne<br>pourrions accepter que la situation survienne aujourd\u2019hui durant ce CTSD. Ce genre de d\u00e9cision est d\u2019une violence sans commune mesure envers les personnels, leur travail, leur bien-\u00eatre au travail et leur sant\u00e9, provoquant stress, inqui\u00e9tude et d\u00e9tresse dans les \u00e9quipes. Plus que jamais, et particuli\u00e8rement dans le contexte actuel, nous refuserons toute fermeture de classe, et voterons encore et toujours contre toute proposition de l\u2019administration allant dans ce sens.<\/p>\n\n\n\n<p><\/p>\n<a class=\"synved-social-button synved-social-button-share synved-social-size-32 synved-social-resolution-single synved-social-provider-facebook nolightbox\" data-provider=\"facebook\" target=\"_blank\" rel=\"nofollow\" title=\"Faites le savoir \u00e0 vos amis via Facebook \" href=\"https:\/\/www.facebook.com\/sharer.php?u=https%3A%2F%2Fsnudifo37.fr%2Findex.php%2Fwp-json%2Fwp%2Fv2%2Fposts%2F3861&#038;t=Compte-rendu%20du%20CTSD%20du%20mardi%2031%20ao%C3%BBt&#038;s=100&#038;p&#091;url&#093;=https%3A%2F%2Fsnudifo37.fr%2Findex.php%2Fwp-json%2Fwp%2Fv2%2Fposts%2F3861&#038;p&#091;images&#093;&#091;0&#093;=https%3A%2F%2Fsnudifo37.fr%2Fwp-content%2Fuploads%2F2019%2F05%2FCTSD.png&#038;p&#091;title&#093;=Compte-rendu%20du%20CTSD%20du%20mardi%2031%20ao%C3%BBt\" style=\"font-size: 0px;width:32px;height:32px;margin:0;margin-bottom:20px;margin-right:20px\"><img loading=\"lazy\" decoding=\"async\" alt=\"Facebook\" title=\"Faites le savoir \u00e0 vos amis via Facebook \" class=\"synved-share-image synved-social-image synved-social-image-share\" width=\"32\" height=\"32\" style=\"display: inline;width:32px;height:32px;margin: 0;padding: 0;border: none;box-shadow: none\" src=\"https:\/\/snudifo37.fr\/wp-content\/plugins\/social-media-feather\/synved-social\/image\/social\/regular\/64x64\/facebook.png\" \/><\/a><a class=\"synved-social-button synved-social-button-share synved-social-size-32 synved-social-resolution-single synved-social-provider-twitter nolightbox\" data-provider=\"twitter\" target=\"_blank\" rel=\"nofollow\" title=\"Informez-en vos amis via Twitter\" href=\"https:\/\/twitter.com\/intent\/tweet?url=https%3A%2F%2Fsnudifo37.fr%2Findex.php%2Fwp-json%2Fwp%2Fv2%2Fposts%2F3861&#038;text=Le%20Snudi-Fo%20vous%20informe%3A\" style=\"font-size: 0px;width:32px;height:32px;margin:0;margin-bottom:20px;margin-right:20px\"><img loading=\"lazy\" decoding=\"async\" alt=\"twitter\" title=\"Informez-en vos amis via Twitter\" class=\"synved-share-image synved-social-image synved-social-image-share\" width=\"32\" height=\"32\" style=\"display: inline;width:32px;height:32px;margin: 0;padding: 0;border: none;box-shadow: none\" src=\"https:\/\/snudifo37.fr\/wp-content\/plugins\/social-media-feather\/synved-social\/image\/social\/regular\/64x64\/twitter.png\" \/><\/a><a class=\"synved-social-button synved-social-button-share synved-social-size-32 synved-social-resolution-single synved-social-provider-mail nolightbox\" data-provider=\"mail\" rel=\"nofollow\" title=\"Les derni\u00e8res informations du Snudi-Fo 37\" href=\"mailto:?subject=Compte-rendu%20du%20CTSD%20du%20mardi%2031%20ao%C3%BBt&#038;body=Le%20Snudi-Fo%20vous%20informe%3A:%20https%3A%2F%2Fsnudifo37.fr%2Findex.php%2Fwp-json%2Fwp%2Fv2%2Fposts%2F3861\" style=\"font-size: 0px;width:32px;height:32px;margin:0;margin-bottom:20px\"><img loading=\"lazy\" decoding=\"async\" alt=\"mail\" title=\"Les derni\u00e8res informations du Snudi-Fo 37\" class=\"synved-share-image synved-social-image synved-social-image-share\" width=\"32\" height=\"32\" style=\"display: inline;width:32px;height:32px;margin: 0;padding: 0;border: none;box-shadow: none\" src=\"https:\/\/snudifo37.fr\/wp-content\/plugins\/social-media-feather\/synved-social\/image\/social\/regular\/64x64\/mail.png\" \/><\/a>","protected":false},"excerpt":{"rendered":"<p>Ce mardi 31 ao\u00fbt s\u2019est tenu le CTSD de rentr\u00e9e. La d\u00e9l\u00e9gation FNEC FP-FO \u00e9tait compos\u00e9e de Florence Riquelme et Julien Giraudier pour le premier degr\u00e9, et Isabelle Lohr pour le second degr\u00e9.<\/p>\n","protected":false},"author":1,"featured_media":289,"comment_status":"closed","ping_status":"closed","sticky":false,"template":"","format":"standard","meta":{"footnotes":""},"categories":[10,8],"tags":[829,85,726,82,159,1114,33],"class_list":["post-3861","post","type-post","status-publish","format-standard","has-post-thumbnail","hentry","category-csa","category-instances","tag-829","tag-carte-scolaire","tag-constellations","tag-ctsd","tag-formation","tag-instance","tag-ppcr"],"_links":{"self":[{"href":"https:\/\/snudifo37.fr\/index.php\/wp-json\/wp\/v2\/posts\/3861","targetHints":{"allow":["GET"]}}],"collection":[{"href":"https:\/\/snudifo37.fr\/index.php\/wp-json\/wp\/v2\/posts"}],"about":[{"href":"https:\/\/snudifo37.fr\/index.php\/wp-json\/wp\/v2\/types\/post"}],"author":[{"embeddable":true,"href":"https:\/\/snudifo37.fr\/index.php\/wp-json\/wp\/v2\/users\/1"}],"replies":[{"embeddable":true,"href":"https:\/\/snudifo37.fr\/index.php\/wp-json\/wp\/v2\/comments?post=3861"}],"version-history":[{"count":1,"href":"https:\/\/snudifo37.fr\/index.php\/wp-json\/wp\/v2\/posts\/3861\/revisions"}],"predecessor-version":[{"id":3862,"href":"https:\/\/snudifo37.fr\/index.php\/wp-json\/wp\/v2\/posts\/3861\/revisions\/3862"}],"wp:featuredmedia":[{"embeddable":true,"href":"https:\/\/snudifo37.fr\/index.php\/wp-json\/wp\/v2\/media\/289"}],"wp:attachment":[{"href":"https:\/\/snudifo37.fr\/index.php\/wp-json\/wp\/v2\/media?parent=3861"}],"wp:term":[{"taxonomy":"category","embeddable":true,"href":"https:\/\/snudifo37.fr\/index.php\/wp-json\/wp\/v2\/categories?post=3861"},{"taxonomy":"post_tag","embeddable":true,"href":"https:\/\/snudifo37.fr\/index.php\/wp-json\/wp\/v2\/tags?post=3861"}],"curies":[{"name":"wp","href":"https:\/\/api.w.org\/{rel}","templated":true}]}}