{"id":3856,"date":"2021-08-31T23:10:27","date_gmt":"2021-08-31T21:10:27","guid":{"rendered":"https:\/\/snudifo37.fr\/?p=3856"},"modified":"2021-08-31T23:10:28","modified_gmt":"2021-08-31T21:10:28","slug":"rentree-blanquer-reunissons-nous-dans-nos-ecoles-pour-lister-et-faire-valoir-nos-revendications","status":"publish","type":"post","link":"https:\/\/snudifo37.fr\/index.php\/2021\/08\/31\/rentree-blanquer-reunissons-nous-dans-nos-ecoles-pour-lister-et-faire-valoir-nos-revendications\/","title":{"rendered":"Rentr\u00e9e Blanquer : r\u00e9unissons-nous dans nos \u00e9coles pour lister et faire valoir nos revendications !"},"content":{"rendered":"\n<div class=\"wp-block-image\"><figure class=\"aligncenter size-full\"><img loading=\"lazy\" decoding=\"async\" width=\"190\" height=\"202\" src=\"https:\/\/snudifo37.fr\/wp-content\/uploads\/2020\/03\/cropped-unnamed.jpg\" alt=\"\" class=\"wp-image-2001\"\/><\/figure><\/div>\n\n\n\n<p>Cette rentr\u00e9e scolaire est marqu\u00e9e par le refus persistant du ministre de cr\u00e9er les postes n\u00e9cessaires pour all\u00e9ger les effectifs par classe et am\u00e9liorer le remplacement des enseignants absents. Pire, de nouvelles fermetures de classes sont pr\u00e9vues lors des CTSD de rentr\u00e9e. Les conditions de travail des personnels vont de nouveau se d\u00e9grader !<\/p>\n\n\n\n<p>Le ministre refuse de recruter en urgence en tant que fonctionnaires stagiaires la totalit\u00e9 des candidats aux concours inscrits sur les listes compl\u00e9mentaires, qui se sont mobilis\u00e9s durant l\u2019\u00e9t\u00e9 comme \u00e0 Rouen par exemple. Dans le meilleur des cas, le ministre ne leur propose que d\u2019\u00eatre \u2026 contractuels ! Quel m\u00e9pris !<\/p>\n\n\n\n<h3 class=\"has-text-align-center wp-block-heading\">Malgr\u00e9 les propos du ministre, le \u00ab pass sanitaire \u00bb s\u2019applique d\u00e9j\u00e0 \u00e0 certaines cat\u00e9gories de personnels\u2026<\/h3>\n\n\n\n<p>Le ministre oppose \u00e0 ces exigences de postes et de recrutement son \u00e9ni\u00e8me protocole dit \u00ab sanitaire \u00bb avec sa cohorte habituelle de mesures inapplicables, de fermetures de classes faute de personnels en nombre suffisant, fermetures qui ne peuvent que provoquer le retour de l\u2019enseignement \u00e0 distance rejet\u00e9 par les personnels. Ce nouveau protocole sanitaire fera encore peser sur les coll\u00e8gues la responsabilit\u00e9 de la gestion de la situation cr\u00e9\u00e9e par le ministre en les obligeant \u00e0 s\u2019adapter en permanence.<\/p>\n\n\n\n<p>Le ministre pr\u00e9tend que le \u00ab pass sanitaire \u00bb, v\u00e9ritable \u00ab pass licenciement \u00bb qui s\u2019assoit sur le statut de fonctionnaire et contre lequel des centaines de milliers continuent de manifester, ne s\u2019applique pas dans les \u00e9coles.<\/p>\n\n\n\n<p>Or, il contraint d\u00e9j\u00e0 certains personnels comme les psychologues de l\u2019Education Nationale, les coll\u00e8gues affect\u00e9s dans les \u00e9tablissements m\u00e9dico-sociaux et la totalit\u00e9 des enseignants de Polyn\u00e9sie Fran\u00e7aise \u00e0 la vaccination obligatoire avec menaces de suspension et de retrait de salaire ! Lors de r\u00e9unions de rentr\u00e9e, certains IEN exigent m\u00eame, en dehors de toute r\u00e8glementation, qu\u2019ici les PE stagiaires, l\u00e0 les directeurs d\u2019\u00e9cole\u2026 pr\u00e9sentent un \u00ab pass sanitaire \u00bb. Inacceptable !<\/p>\n\n\n\n<p>Le SNUDI-FO soutient tous les personnels confront\u00e9s \u00e0 l\u2019obligation vaccinale ou au \u00ab pass sanitaire \u00bb et exige qu\u2019aucune sanction ne soit prise \u00e0 leur encontre.<\/p>\n\n\n\n<h3 class=\"has-text-align-center wp-block-heading\">L\u2019offensive du ministre contre l\u2019Ecole et les personnels s\u2019acc\u00e9l\u00e8re<\/h3>\n\n\n\n<p>Profitant de la crise sanitaire, le ministre entend poursuivre son offensive contre l\u2019Ecole Publique, les statuts, les conditions de travail des personnels en tournant le dos aux revendications :<\/p>\n\n\n\n<ul class=\"wp-block-list\"><li>Avec son Grenelle, il n\u2019accorde que quelques miettes \u00e0 certains alors que la totalit\u00e9 des coll\u00e8gues sont confront\u00e9s au blocage du point d\u2019indice qui dure quasiment sans discontinuer depuis 2010 !<\/li><li>Il entend avancer dans son objectif de mise en place de directeurs sup\u00e9rieurs hi\u00e9rarchiques en annon\u00e7ant la cr\u00e9ation d\u2019un \u00ab emploi fonctionnel \u00bb pour certains directeurs d\u2019\u00e9cole qui seraient soumis \u00e0 une lettre de mission de l\u2019IA-DASEN !<\/li><li>Il g\u00e9n\u00e9ralise la mise en \u0153uvre des \u00ab constellations \u00bb, niant ainsi la libert\u00e9 pour les personnels de choisir leurs propres animations p\u00e9dagogiques, pour imposer l\u2019auto-formation et l\u2019auto-\u00e9valuation entre enseignants et pour remettre en cause leurs obligations de service !<\/li><li>Il invente des contractuels-\u00e9tudiants, r\u00e9mun\u00e9r\u00e9s en dessous du SMIC, charg\u00e9s dans le cadre de leur formation de prendre en charge des classes \u00e0 tiers temps, en imposant \u00e0 certains coll\u00e8gues, notamment les directeurs, d\u2019en \u00eatre les tuteurs !<\/li><li>Il continue \u00e0 ne pas r\u00e9pondre aux revendications des AESH : toujours pas de statut de la fonction publique, toujours pas de vrai salaire. Pire, une mise en place co\u00fbte que co\u00fbte des PIAL qui organisent la mutualisation- diminution de l\u2019accompagnement apport\u00e9 aux \u00e9l\u00e8ves en situation de handicap en qui imposent aux AESH une affectation sur plusieurs \u00e9coles ou \u00e9tablissements !<\/li><\/ul>\n\n\n\n<h3 class=\"has-text-align-center wp-block-heading\"><strong>Se r\u00e9unir d\u00e8s maintenant pour d\u00e9fendre chaque revendication<\/strong><\/h3>\n\n\n\n<p>Pour le SNUDI-FO, en cette rentr\u00e9e scolaire, l\u2019heure est \u00e0 la r\u00e9sistance !<\/p>\n\n\n\n<p>C\u2019est ce qu\u2019exprime le communiqu\u00e9 commun des f\u00e9d\u00e9rations de l\u2019Education Nationale FNEC FP-FO, FSU, CGT Educ\u2019action, SUD Education : <em>\u00ab Elles appellent les personnels \u00e0 se r\u00e9unir d\u00e8s les premiers jours de la rentr\u00e9e, y compris avec les parents d\u2019\u00e9l\u00e8ves, pour lister les revendications et organiser les mobilisations n\u00e9cessaires. Nos organisations soutiendront toutes ces actions qui doivent permettre de pr\u00e9parer une action nationale d\u2019ampleur. Elles appellent les personnels \u00e0 la gr\u00e8ve le 23 septembre. Elles appelleront \u00e0 poursuivre ces actions, en particulier dans le cadre d\u2019une mobilisation interprofessionnelle. \u00bb<\/em><\/p>\n\n\n\n<p>C\u2019est ce qu\u2019exprime l\u2019appel lanc\u00e9 aux AESH par la convention nationale du 30 juin <em>\u00ab \u00e0 se constituer en comit\u00e9s d\u00e9partementaux, avec les organisations syndicales, \u00e0 d\u00e9signer leurs d\u00e9l\u00e9gu\u00e9s en vue de l\u2019organisation d\u2019une nouvelle convention nationale le mercredi 15 septembre et \u00e0 pr\u00e9parer dans les meilleurs d\u00e9lais la mont\u00e9e au minist\u00e8re. \u00bb<\/em><\/p>\n\n\n\n<p>Le SNUDI-FO, d\u00e8s cette rentr\u00e9e, sera au c\u00f4t\u00e9 des personnels pour pr\u00e9parer la mobilisation pour gagner sur toutes nos revendications :<\/p>\n\n\n\n<ul class=\"wp-block-list\"><li>Abrogation de la loi \u00ab <em>de gestion de la crise sanitaire <\/em>\u00bb instaurant le pass sanitaire ! Aucune sanction, aucune pression vis-\u00e0-vis des personnels !<\/li><li>Cr\u00e9ation imm\u00e9diate des postes n\u00e9cessaires et recrutement de tous les candidats aux concours inscrits sur les listes compl\u00e9mentaires !<\/li><li>Augmentation de 20% de la valeur du point d\u2019indice et augmentation indiciaire imm\u00e9diate de 183\u20ac nets mensuels pour tous !<\/li><li>Abandon de la loi Rilhac et du projet de cr\u00e9ation d\u2019un emploi fonctionnel de directeur et satisfaction de toutes les revendications sur la direction, en termes de d\u00e9charges, d\u2019indemnit\u00e9s, d\u2019aide administrative et d\u2019all\u00e8gement des t\u00e2ches !<\/li><li>Abandon du dispositif des constellations, mises en place dans la logique de l\u2019accompagnement PPCR, et retour au libre choix pour les personnels de choisir leurs formations !<\/li><li>Un vrai statut et un vrai salaire pour les AESH ! Abandon des PIAL !<\/li><\/ul>\n\n\n\n<p>Le SNUDI-FO invite tous les coll\u00e8gues \u00e0 se r\u00e9unir d\u00e8s maintenant pour discuter de leurs revendications et des moyens de les faire aboutir. La FNEC FP-FO a d\u00e9pos\u00e9 un pr\u00e9avis de gr\u00e8ve couvrant la p\u00e9riode de la rentr\u00e9e scolaire.<\/p>\n\n\n\n<p class=\"has-text-align-right\"><em>Montreuil, le 31 ao\u00fbt 2021<\/em><\/p>\n\n\n\n<div class=\"wp-block-file\"><a href=\"https:\/\/snudifo37.fr\/wp-content\/uploads\/2021\/08\/210831-Communique-SNUDI-FO-Rentree-scolaire.pdf\">210831-Communique-SNUDI-FO-Rentree-scolaire<\/a><a href=\"https:\/\/snudifo37.fr\/wp-content\/uploads\/2021\/08\/210831-Communique-SNUDI-FO-Rentree-scolaire.pdf\" class=\"wp-block-file__button\" download>T\u00e9l\u00e9charger<\/a><\/div>\n<a class=\"synved-social-button synved-social-button-share synved-social-size-32 synved-social-resolution-single synved-social-provider-facebook nolightbox\" data-provider=\"facebook\" target=\"_blank\" rel=\"nofollow\" title=\"Faites le savoir \u00e0 vos amis via Facebook \" href=\"https:\/\/www.facebook.com\/sharer.php?u=https%3A%2F%2Fsnudifo37.fr%2Findex.php%2Fwp-json%2Fwp%2Fv2%2Fposts%2F3856&#038;t=Rentr%C3%A9e%20Blanquer%20%3A%20r%C3%A9unissons-nous%20dans%20nos%20%C3%A9coles%20pour%20lister%20et%20faire%20valoir%20nos%20revendications%20%21&#038;s=100&#038;p&#091;url&#093;=https%3A%2F%2Fsnudifo37.fr%2Findex.php%2Fwp-json%2Fwp%2Fv2%2Fposts%2F3856&#038;p&#091;images&#093;&#091;0&#093;=https%3A%2F%2Fsnudifo37.fr%2Fwp-content%2Fuploads%2F2020%2F03%2Fcropped-unnamed.jpg&#038;p&#091;title&#093;=Rentr%C3%A9e%20Blanquer%20%3A%20r%C3%A9unissons-nous%20dans%20nos%20%C3%A9coles%20pour%20lister%20et%20faire%20valoir%20nos%20revendications%20%21\" style=\"font-size: 0px;width:32px;height:32px;margin:0;margin-bottom:20px;margin-right:20px\"><img loading=\"lazy\" decoding=\"async\" alt=\"Facebook\" title=\"Faites le savoir \u00e0 vos amis via Facebook \" class=\"synved-share-image synved-social-image synved-social-image-share\" width=\"32\" height=\"32\" style=\"display: inline;width:32px;height:32px;margin: 0;padding: 0;border: none;box-shadow: none\" src=\"https:\/\/snudifo37.fr\/wp-content\/plugins\/social-media-feather\/synved-social\/image\/social\/regular\/64x64\/facebook.png\" \/><\/a><a class=\"synved-social-button synved-social-button-share synved-social-size-32 synved-social-resolution-single synved-social-provider-twitter nolightbox\" data-provider=\"twitter\" target=\"_blank\" rel=\"nofollow\" title=\"Informez-en vos amis via Twitter\" href=\"https:\/\/twitter.com\/intent\/tweet?url=https%3A%2F%2Fsnudifo37.fr%2Findex.php%2Fwp-json%2Fwp%2Fv2%2Fposts%2F3856&#038;text=Le%20Snudi-Fo%20vous%20informe%3A\" style=\"font-size: 0px;width:32px;height:32px;margin:0;margin-bottom:20px;margin-right:20px\"><img loading=\"lazy\" decoding=\"async\" alt=\"twitter\" title=\"Informez-en vos amis via Twitter\" class=\"synved-share-image synved-social-image synved-social-image-share\" width=\"32\" height=\"32\" style=\"display: inline;width:32px;height:32px;margin: 0;padding: 0;border: none;box-shadow: none\" src=\"https:\/\/snudifo37.fr\/wp-content\/plugins\/social-media-feather\/synved-social\/image\/social\/regular\/64x64\/twitter.png\" \/><\/a><a class=\"synved-social-button synved-social-button-share synved-social-size-32 synved-social-resolution-single synved-social-provider-mail nolightbox\" data-provider=\"mail\" rel=\"nofollow\" title=\"Les derni\u00e8res informations du Snudi-Fo 37\" href=\"mailto:?subject=Rentr%C3%A9e%20Blanquer%20%3A%20r%C3%A9unissons-nous%20dans%20nos%20%C3%A9coles%20pour%20lister%20et%20faire%20valoir%20nos%20revendications%20%21&#038;body=Le%20Snudi-Fo%20vous%20informe%3A:%20https%3A%2F%2Fsnudifo37.fr%2Findex.php%2Fwp-json%2Fwp%2Fv2%2Fposts%2F3856\" style=\"font-size: 0px;width:32px;height:32px;margin:0;margin-bottom:20px\"><img loading=\"lazy\" decoding=\"async\" alt=\"mail\" title=\"Les derni\u00e8res informations du Snudi-Fo 37\" class=\"synved-share-image synved-social-image synved-social-image-share\" width=\"32\" height=\"32\" style=\"display: inline;width:32px;height:32px;margin: 0;padding: 0;border: none;box-shadow: none\" src=\"https:\/\/snudifo37.fr\/wp-content\/plugins\/social-media-feather\/synved-social\/image\/social\/regular\/64x64\/mail.png\" \/><\/a>","protected":false},"excerpt":{"rendered":"<p>Cette rentr\u00e9e scolaire est marqu\u00e9e par le refus persistant du ministre de cr\u00e9er les postes n\u00e9cessaires pour all\u00e9ger les effectifs par classe et am\u00e9liorer le remplacement des enseignants absents. Pire, de nouvelles fermetures de classes sont pr\u00e9vues lors des CTSD de rentr\u00e9e. Les conditions de travail des personnels vont de nouveau se d\u00e9grader !<\/p>\n","protected":false},"author":1,"featured_media":0,"comment_status":"closed","ping_status":"closed","sticky":false,"template":"","format":"standard","meta":{"footnotes":""},"categories":[7],"tags":[829,34,143,221,1112,1100,142,1113],"class_list":["post-3856","post","type-post","status-publish","format-standard","hentry","category-syndicat","tag-829","tag-blanquer","tag-ecole","tag-ministre","tag-offensive","tag-pass-sanitaire","tag-rentree","tag-resistance"],"_links":{"self":[{"href":"https:\/\/snudifo37.fr\/index.php\/wp-json\/wp\/v2\/posts\/3856","targetHints":{"allow":["GET"]}}],"collection":[{"href":"https:\/\/snudifo37.fr\/index.php\/wp-json\/wp\/v2\/posts"}],"about":[{"href":"https:\/\/snudifo37.fr\/index.php\/wp-json\/wp\/v2\/types\/post"}],"author":[{"embeddable":true,"href":"https:\/\/snudifo37.fr\/index.php\/wp-json\/wp\/v2\/users\/1"}],"replies":[{"embeddable":true,"href":"https:\/\/snudifo37.fr\/index.php\/wp-json\/wp\/v2\/comments?post=3856"}],"version-history":[{"count":1,"href":"https:\/\/snudifo37.fr\/index.php\/wp-json\/wp\/v2\/posts\/3856\/revisions"}],"predecessor-version":[{"id":3858,"href":"https:\/\/snudifo37.fr\/index.php\/wp-json\/wp\/v2\/posts\/3856\/revisions\/3858"}],"wp:attachment":[{"href":"https:\/\/snudifo37.fr\/index.php\/wp-json\/wp\/v2\/media?parent=3856"}],"wp:term":[{"taxonomy":"category","embeddable":true,"href":"https:\/\/snudifo37.fr\/index.php\/wp-json\/wp\/v2\/categories?post=3856"},{"taxonomy":"post_tag","embeddable":true,"href":"https:\/\/snudifo37.fr\/index.php\/wp-json\/wp\/v2\/tags?post=3856"}],"curies":[{"name":"wp","href":"https:\/\/api.w.org\/{rel}","templated":true}]}}