{"id":3840,"date":"2021-08-30T15:37:33","date_gmt":"2021-08-30T13:37:33","guid":{"rendered":"https:\/\/snudifo37.fr\/?p=3840"},"modified":"2021-08-30T15:38:17","modified_gmt":"2021-08-30T13:38:17","slug":"aesh-poursuivre-la-mobilisation-et-organiser-la-montee-au-ministere-pour-arracher-les-revendications","status":"publish","type":"post","link":"https:\/\/snudifo37.fr\/index.php\/2021\/08\/30\/aesh-poursuivre-la-mobilisation-et-organiser-la-montee-au-ministere-pour-arracher-les-revendications\/","title":{"rendered":"AESH : poursuivre la mobilisation et organiser la mont\u00e9e au minist\u00e8re pour arracher les revendications !"},"content":{"rendered":"\n<div class=\"wp-block-image\"><figure class=\"aligncenter size-large is-resized\"><img loading=\"lazy\" decoding=\"async\" src=\"https:\/\/snudifo37.fr\/wp-content\/uploads\/2021\/05\/logo.vectoriel-1024x1024-1-1024x1024.jpg\" alt=\"\" class=\"wp-image-3614\" width=\"296\" height=\"296\" srcset=\"https:\/\/snudifo37.fr\/wp-content\/uploads\/2021\/05\/logo.vectoriel-1024x1024-1.jpg 1024w, https:\/\/snudifo37.fr\/wp-content\/uploads\/2021\/05\/logo.vectoriel-1024x1024-1-300x300.jpg 300w, https:\/\/snudifo37.fr\/wp-content\/uploads\/2021\/05\/logo.vectoriel-1024x1024-1-150x150.jpg 150w, https:\/\/snudifo37.fr\/wp-content\/uploads\/2021\/05\/logo.vectoriel-1024x1024-1-768x768.jpg 768w, https:\/\/snudifo37.fr\/wp-content\/uploads\/2021\/05\/logo.vectoriel-1024x1024-1-125x125.jpg 125w\" sizes=\"auto, (max-width: 296px) 100vw, 296px\" \/><\/figure><\/div>\n\n\n\n<h2 class=\"has-text-align-center wp-block-heading\">Hausse des salaires des AESH au 1<sup>er<\/sup> septembre : le compte n\u2019y est pas<\/h2>\n\n\n\n<p>Un nouveau cadre de recrutement de r\u00e9mun\u00e9ration des AESH sera instaur\u00e9 au 1<sup>er<\/sup> septembre 2021. Le d\u00e9cret et arr\u00eat\u00e9 ont \u00e9t\u00e9 publi\u00e9s au journal officiel du 24 ao\u00fbt. Ces textes pr\u00e9voient un avancement automatique des AESH tous les 3 ans, une nouvelle grille qui se traduit par une augmentation indiciaire pour chaque niveau, le reclassement de tous les AESH en fonction de leur anciennet\u00e9.<\/p>\n\n\n\n<p>C\u2019est \u00e0 mettre au compte de la mobilisation des AESH, avec leurs organisations syndicales, qui n\u2019a cess\u00e9 de s\u2019amplifier.<\/p>\n\n\n\n<p>Pour autant, pour la FNEC FP-FO, le compte n\u2019y est pas. Le ministre d\u00e9cide de maintenir les AESH sous le seuil de pauvret\u00e9, fix\u00e9 par l\u2019INSEE \u00e0 1080 \u20ac par mois. Apr\u00e8s une carri\u00e8re compl\u00e8te, un AESH employ\u00e9 sur une quotit\u00e9 horaire de 62% ne gagnerait pas plus de 1015,73 \u20ac par mois.<\/p>\n\n\n\n<p>Les contrats de droit priv\u00e9 (CUI, PEC) ne sont pas comptabilis\u00e9s dans l\u2019anciennet\u00e9.<\/p>\n\n\n\n<p>Lors du Comit\u00e9 technique minist\u00e9riel du 21 juillet la FNEC FP-FO a r\u00e9affirm\u00e9 les revendications des personnels : la reconnaissance de l\u2019int\u00e9gralit\u00e9 de l\u2019anciennet\u00e9 de service ; un vrai statut, avec l\u2019int\u00e9gration dans un corps de la fonction publique ; un vrai salaire, avec l\u2019acc\u00e8s, pour tous les AESH qui le souhaitent, \u00e0 un temps complet sur la base de 24h, pay\u00e9 100% ; l\u2019ouverture imm\u00e9diate de n\u00e9gociation salariale et l\u2019augmentation indiciaire de 183\u20ac pour tous les personnels, comme l\u2019ont obtenu les personnels hospitaliers.<\/p>\n\n\n\n<h2 class=\"has-text-align-center wp-block-heading\">Poursuivre la mobilisation : r\u00e9ussir la convention nationale pour organiser la mont\u00e9e au Minist\u00e8re<\/h2>\n\n\n\n<p>La FNEC FP-FO se f\u00e9licite du succ\u00e8s de la convention nationale des AESH du 30 juin et soutient l\u2019appel \u00e0 la convention du 15 septembre qui vise \u00e0 organiser la mont\u00e9e des personnels au minist\u00e8re. Elle appelle ses syndicats \u00e0 pr\u00e9parer cette \u00e9ch\u00e9ance par l\u2019organisation de r\u00e9unions, si possible dans un cadre intersyndical, avec d\u00e9signation de d\u00e9l\u00e9gu\u00e9s mandat\u00e9s pour participer \u00e0 cette convention.<\/p>\n\n\n\n<p>La FNEP FP-FO invite les personnels \u00e0 se r\u00e9unir dans le cadre de l\u2019appel de la convention nationale AESH du 30 juin et qui d\u00e9clare : \u00ab <em>nous estimons n\u00e9cessaire d\u2019amplifier la mobilisation en pr\u00e9parant activement, avec les organisations syndicales, une mont\u00e9e au minist\u00e8re des AESH de tout le pays et de tous ceux, parents, enseignants, qui se sentent concern\u00e9s par nos revendications, notamment l\u2019abandon des PIAL. Aussi, nous appelons les AESH \u00e0 se constituer en comit\u00e9 d\u00e9partementaux, avec les organisations syndicales, de d\u00e9signer leurs d\u00e9l\u00e9gu\u00e9s en vue de l\u2019organisation d\u2019une nouvelle convention nationale le mercredi 15 septembre et de pr\u00e9parer dans les meilleurs d\u00e9lais la mont\u00e9e au Minist\u00e8re<\/em>. \u00bb<\/p>\n\n\n\n<p><\/p>\n\n\n\n<p class=\"has-text-align-right\"><em>Montreuil, le 26 ao\u00fbt 2021<\/em><\/p>\n\n\n\n<div class=\"wp-block-file\"><a href=\"https:\/\/snudifo37.fr\/wp-content\/uploads\/2021\/08\/Communique-FNEC-Salaire-AESH.pdf\">Communique-FNEC-Salaire-AESH<\/a><a href=\"https:\/\/snudifo37.fr\/wp-content\/uploads\/2021\/08\/Communique-FNEC-Salaire-AESH.pdf\" class=\"wp-block-file__button\" download>T\u00e9l\u00e9charger<\/a><\/div>\n<a class=\"synved-social-button synved-social-button-share synved-social-size-32 synved-social-resolution-single synved-social-provider-facebook nolightbox\" data-provider=\"facebook\" target=\"_blank\" rel=\"nofollow\" title=\"Faites le savoir \u00e0 vos amis via Facebook \" href=\"https:\/\/www.facebook.com\/sharer.php?u=https%3A%2F%2Fsnudifo37.fr%2Findex.php%2Fwp-json%2Fwp%2Fv2%2Fposts%2F3840&#038;t=AESH%20%3A%20poursuivre%20la%20mobilisation%20et%20organiser%20la%20mont%C3%A9e%20au%20minist%C3%A8re%20pour%20arracher%20les%20revendications%20%21&#038;s=100&#038;p&#091;url&#093;=https%3A%2F%2Fsnudifo37.fr%2Findex.php%2Fwp-json%2Fwp%2Fv2%2Fposts%2F3840&#038;p&#091;images&#093;&#091;0&#093;=https%3A%2F%2Fsnudifo37.fr%2Fwp-content%2Fuploads%2F2021%2F06%2FSalairesMini.jpg&#038;p&#091;title&#093;=AESH%20%3A%20poursuivre%20la%20mobilisation%20et%20organiser%20la%20mont%C3%A9e%20au%20minist%C3%A8re%20pour%20arracher%20les%20revendications%20%21\" style=\"font-size: 0px;width:32px;height:32px;margin:0;margin-bottom:20px;margin-right:20px\"><img loading=\"lazy\" decoding=\"async\" alt=\"Facebook\" title=\"Faites le savoir \u00e0 vos amis via Facebook \" class=\"synved-share-image synved-social-image synved-social-image-share\" width=\"32\" height=\"32\" style=\"display: inline;width:32px;height:32px;margin: 0;padding: 0;border: none;box-shadow: none\" src=\"https:\/\/snudifo37.fr\/wp-content\/plugins\/social-media-feather\/synved-social\/image\/social\/regular\/64x64\/facebook.png\" \/><\/a><a class=\"synved-social-button synved-social-button-share synved-social-size-32 synved-social-resolution-single synved-social-provider-twitter nolightbox\" data-provider=\"twitter\" target=\"_blank\" rel=\"nofollow\" title=\"Informez-en vos amis via Twitter\" href=\"https:\/\/twitter.com\/intent\/tweet?url=https%3A%2F%2Fsnudifo37.fr%2Findex.php%2Fwp-json%2Fwp%2Fv2%2Fposts%2F3840&#038;text=Le%20Snudi-Fo%20vous%20informe%3A\" style=\"font-size: 0px;width:32px;height:32px;margin:0;margin-bottom:20px;margin-right:20px\"><img loading=\"lazy\" decoding=\"async\" alt=\"twitter\" title=\"Informez-en vos amis via Twitter\" class=\"synved-share-image synved-social-image synved-social-image-share\" width=\"32\" height=\"32\" style=\"display: inline;width:32px;height:32px;margin: 0;padding: 0;border: none;box-shadow: none\" src=\"https:\/\/snudifo37.fr\/wp-content\/plugins\/social-media-feather\/synved-social\/image\/social\/regular\/64x64\/twitter.png\" \/><\/a><a class=\"synved-social-button synved-social-button-share synved-social-size-32 synved-social-resolution-single synved-social-provider-mail nolightbox\" data-provider=\"mail\" rel=\"nofollow\" title=\"Les derni\u00e8res informations du Snudi-Fo 37\" href=\"mailto:?subject=AESH%20%3A%20poursuivre%20la%20mobilisation%20et%20organiser%20la%20mont%C3%A9e%20au%20minist%C3%A8re%20pour%20arracher%20les%20revendications%20%21&#038;body=Le%20Snudi-Fo%20vous%20informe%3A:%20https%3A%2F%2Fsnudifo37.fr%2Findex.php%2Fwp-json%2Fwp%2Fv2%2Fposts%2F3840\" style=\"font-size: 0px;width:32px;height:32px;margin:0;margin-bottom:20px\"><img loading=\"lazy\" decoding=\"async\" alt=\"mail\" title=\"Les derni\u00e8res informations du Snudi-Fo 37\" class=\"synved-share-image synved-social-image synved-social-image-share\" width=\"32\" height=\"32\" style=\"display: inline;width:32px;height:32px;margin: 0;padding: 0;border: none;box-shadow: none\" src=\"https:\/\/snudifo37.fr\/wp-content\/plugins\/social-media-feather\/synved-social\/image\/social\/regular\/64x64\/mail.png\" \/><\/a>","protected":false},"excerpt":{"rendered":"<p>Un nouveau cadre de recrutement de r\u00e9mun\u00e9ration des AESH sera instaur\u00e9 au 1er septembre 2021. Le d\u00e9cret et arr\u00eat\u00e9 ont \u00e9t\u00e9 publi\u00e9s au journal officiel du 24 ao\u00fbt. Ces textes pr\u00e9voient un avancement automatique des AESH tous les 3 ans, une nouvelle grille qui se traduit par une augmentation indiciaire pour chaque niveau, le reclassement de tous les AESH en fonction de leur anciennet\u00e9.<\/p>\n","protected":false},"author":1,"featured_media":3746,"comment_status":"closed","ping_status":"closed","sticky":false,"template":"","format":"standard","meta":{"footnotes":""},"categories":[7],"tags":[829,174,34,54,107,405,178],"class_list":["post-3840","post","type-post","status-publish","format-standard","has-post-thumbnail","hentry","category-syndicat","tag-829","tag-aesh","tag-blanquer","tag-ministere","tag-mobilisation","tag-salaire","tag-statut"],"_links":{"self":[{"href":"https:\/\/snudifo37.fr\/index.php\/wp-json\/wp\/v2\/posts\/3840","targetHints":{"allow":["GET"]}}],"collection":[{"href":"https:\/\/snudifo37.fr\/index.php\/wp-json\/wp\/v2\/posts"}],"about":[{"href":"https:\/\/snudifo37.fr\/index.php\/wp-json\/wp\/v2\/types\/post"}],"author":[{"embeddable":true,"href":"https:\/\/snudifo37.fr\/index.php\/wp-json\/wp\/v2\/users\/1"}],"replies":[{"embeddable":true,"href":"https:\/\/snudifo37.fr\/index.php\/wp-json\/wp\/v2\/comments?post=3840"}],"version-history":[{"count":3,"href":"https:\/\/snudifo37.fr\/index.php\/wp-json\/wp\/v2\/posts\/3840\/revisions"}],"predecessor-version":[{"id":3845,"href":"https:\/\/snudifo37.fr\/index.php\/wp-json\/wp\/v2\/posts\/3840\/revisions\/3845"}],"wp:featuredmedia":[{"embeddable":true,"href":"https:\/\/snudifo37.fr\/index.php\/wp-json\/wp\/v2\/media\/3746"}],"wp:attachment":[{"href":"https:\/\/snudifo37.fr\/index.php\/wp-json\/wp\/v2\/media?parent=3840"}],"wp:term":[{"taxonomy":"category","embeddable":true,"href":"https:\/\/snudifo37.fr\/index.php\/wp-json\/wp\/v2\/categories?post=3840"},{"taxonomy":"post_tag","embeddable":true,"href":"https:\/\/snudifo37.fr\/index.php\/wp-json\/wp\/v2\/tags?post=3840"}],"curies":[{"name":"wp","href":"https:\/\/api.w.org\/{rel}","templated":true}]}}