{"id":3831,"date":"2021-08-21T21:12:37","date_gmt":"2021-08-21T19:12:37","guid":{"rendered":"https:\/\/snudifo37.fr\/?p=3831"},"modified":"2021-08-21T21:12:38","modified_gmt":"2021-08-21T19:12:38","slug":"appel-a-se-mobiliser-des-la-rentree-a-se-mettre-en-greve-le-23-septembre-et-a-preparer-la-mobilisation-interprofessionnelle","status":"publish","type":"post","link":"https:\/\/snudifo37.fr\/index.php\/2021\/08\/21\/appel-a-se-mobiliser-des-la-rentree-a-se-mettre-en-greve-le-23-septembre-et-a-preparer-la-mobilisation-interprofessionnelle\/","title":{"rendered":"Appel \u00e0 se mobiliser d\u00e8s la rentr\u00e9e, \u00e0 se mettre en gr\u00e8ve le 23 septembre et \u00e0 pr\u00e9parer la mobilisation interprofessionnelle"},"content":{"rendered":"\n<div class=\"wp-block-image\"><figure class=\"aligncenter size-large is-resized\"><img loading=\"lazy\" decoding=\"async\" src=\"https:\/\/snudifo37.fr\/wp-content\/uploads\/2021\/05\/InterSynDick-1024x268.jpg\" alt=\"\" class=\"wp-image-3626\" width=\"841\" height=\"219\"\/><\/figure><\/div>\n\n\n\n<p>L\u2019Ecole a \u00e9t\u00e9 soumise \u00e0 rude \u00e9preuve et les personnels ont termin\u00e9 l\u2019ann\u00e9e dans un \u00e9tat de fatigue rarement atteint.<\/p>\n\n\n\n<p>La rentr\u00e9e 2021 est de nouveau marqu\u00e9e par le manque d\u2019anticipation et la confusion de la politique suivie face \u00e0 la poursuite de la crise sanitaire. Par ailleurs, alors que cette rentr\u00e9e aurait n\u00e9cessit\u00e9 la mise en place d\u2019un plan d\u2019urgence et la cr\u00e9ation massive de postes pour l\u2019\u00e9ducation dans un contexte qui a rendu plus compliqu\u00e9e la progression des apprentissages, le minist\u00e8re poursuit une politique qui va \u00e0 rebours des besoins du service public :<\/p>\n\n\n\n<ul class=\"wp-block-list\"><li>refus de cr\u00e9er un collectif budg\u00e9taire pour la cr\u00e9ation de postes d\u2019enseignant.es, de CPE, AED, AESH, de PsyEN, de RASED, de personnels administratifs, techniques, sant\u00e9 et sociaux dans les \u00e9coles, les \u00e9tablissements et les services pour r\u00e9pondre aux besoins et annuler les suppressions de postes notamment dans le 2d degr\u00e9 o\u00f9 le d\u00e9ploiement d\u2019heures suppl\u00e9mentaires est une r\u00e9ponse inadapt\u00e9e<\/li><\/ul>\n\n\n\n<ul class=\"wp-block-list\"><li>publication de la circulaire de rentr\u00e9e sans qu\u2019aucune concertation pr\u00e9alable n\u2019ait \u00e9t\u00e9 organis\u00e9e. De plus, son contenu rel\u00e8ve davantage de la promotion de la politique minist\u00e9rielle.<\/li><\/ul>\n\n\n\n<p>Encore une fois, le ministre est dans le d\u00e9ni de r\u00e9alit\u00e9 en refusant de prendre les mesures n\u00e9cessaires. Cette absence d\u2019anticipation et de prise de d\u00e9cisions est irresponsable au regard des enjeux de gestion et de sortie de crise.<\/p>\n\n\n\n<p>Les annonces du Grenelle ont confirm\u00e9 qu\u2019il n\u2019y aurait pas de loi de programmation pluriannuelle. Un renoncement de plus qui ne r\u00e9pond pas aux attentes salariales des personnels et en exclut la majorit\u00e9. Au-del\u00e0 de la deuxi\u00e8me tranche de la prime d\u2019attractivit\u00e9, tr\u00e8s insuffisante pour rattraper les retards, il est bien difficile de voir de quelconques perspectives de revalorisation pour les ann\u00e9es \u00e0 venir. Il est urgent d\u2019augmenter les salaires de tous les personnels.<\/p>\n\n\n\n<p>Nos organisations d\u00e9noncent l\u2019ensemble de ces mesures qui tournent le dos \u00e0 la priorit\u00e9 \u00e0 l\u2019\u00e9ducation et cherchent \u00e0 transformer en profondeur les m\u00e9tiers dans le sens de contraintes suppl\u00e9mentaires sur les personnels : projet de cr\u00e9ation d\u2019un emploi fonctionnel de directeur d\u2019\u00e9cole et de hi\u00e9rarchies interm\u00e9diaires, pilotage par l\u2019\u00e9valuation. Nous ne pouvons accepter de tels reculs.<\/p>\n\n\n\n<p>Nos organisations refusent la g\u00e9n\u00e9ralisation du contr\u00f4le continu et demandent le r\u00e9tablissement du baccalaur\u00e9at national pour la session 2022, avec des \u00e9preuves nationales, terminales et anonymes.<\/p>\n\n\n\n<p>Nos organisations appellent la profession \u00e0 se mobiliser d\u00e8s la pr\u00e9rentr\u00e9e afin d\u2019exiger un plan d\u2019urgence pour le service public d\u2019Education. Notre Ecole ne peut fonctionner sans moyens suppl\u00e9mentaires et sans personnels revaloris\u00e9s et reconnus dans leurs expertises professionnelles. Elles appellent les personnels \u00e0 se r\u00e9unir d\u00e8s les premiers jours de la rentr\u00e9e, y compris avec les parents d\u2019\u00e9l\u00e8ves, pour lister les revendications et organiser les mobilisations n\u00e9cessaires. Nos organisations soutiendront toutes ces actions qui doivent permettre de pr\u00e9parer une action nationale d\u2019ampleur. Elles appellent les personnels \u00e0 la gr\u00e8ve le 23 septembre. Elles appelleront \u00e0 poursuivre ces actions, en particulier dans le cadre d\u2019une mobilisation interprofessionnelle.<\/p>\n\n\n\n<p class=\"has-text-align-right\">Le 20 ao\u00fbt 2021<\/p>\n\n\n\n<div class=\"wp-block-file\"><a href=\"https:\/\/snudifo37.fr\/wp-content\/uploads\/2021\/08\/appel-action-23-septembre.pdf\">appel-action-23-septembre<\/a><a href=\"https:\/\/snudifo37.fr\/wp-content\/uploads\/2021\/08\/appel-action-23-septembre.pdf\" class=\"wp-block-file__button\" download>T\u00e9l\u00e9charger<\/a><\/div>\n<a class=\"synved-social-button synved-social-button-share synved-social-size-32 synved-social-resolution-single synved-social-provider-facebook nolightbox\" data-provider=\"facebook\" target=\"_blank\" rel=\"nofollow\" title=\"Faites le savoir \u00e0 vos amis via Facebook \" href=\"https:\/\/www.facebook.com\/sharer.php?u=https%3A%2F%2Fsnudifo37.fr%2Findex.php%2Fwp-json%2Fwp%2Fv2%2Fposts%2F3831&#038;t=Appel%20%C3%A0%20se%20mobiliser%20d%C3%A8s%20la%20rentr%C3%A9e%2C%20%C3%A0%20se%20mettre%20en%20gr%C3%A8ve%20le%2023%20septembre%20et%20%C3%A0%20pr%C3%A9parer%20la%20mobilisation%20interprofessionnelle&#038;s=100&#038;p&#091;url&#093;=https%3A%2F%2Fsnudifo37.fr%2Findex.php%2Fwp-json%2Fwp%2Fv2%2Fposts%2F3831&#038;p&#091;images&#093;&#091;0&#093;=https%3A%2F%2Fsnudifo37.fr%2Fwp-content%2Fuploads%2F2020%2F11%2FMinManif.jpg&#038;p&#091;title&#093;=Appel%20%C3%A0%20se%20mobiliser%20d%C3%A8s%20la%20rentr%C3%A9e%2C%20%C3%A0%20se%20mettre%20en%20gr%C3%A8ve%20le%2023%20septembre%20et%20%C3%A0%20pr%C3%A9parer%20la%20mobilisation%20interprofessionnelle\" style=\"font-size: 0px;width:32px;height:32px;margin:0;margin-bottom:20px;margin-right:20px\"><img loading=\"lazy\" decoding=\"async\" alt=\"Facebook\" title=\"Faites le savoir \u00e0 vos amis via Facebook \" class=\"synved-share-image synved-social-image synved-social-image-share\" width=\"32\" height=\"32\" style=\"display: inline;width:32px;height:32px;margin: 0;padding: 0;border: none;box-shadow: none\" src=\"https:\/\/snudifo37.fr\/wp-content\/plugins\/social-media-feather\/synved-social\/image\/social\/regular\/64x64\/facebook.png\" \/><\/a><a class=\"synved-social-button synved-social-button-share synved-social-size-32 synved-social-resolution-single synved-social-provider-twitter nolightbox\" data-provider=\"twitter\" target=\"_blank\" rel=\"nofollow\" title=\"Informez-en vos amis via Twitter\" href=\"https:\/\/twitter.com\/intent\/tweet?url=https%3A%2F%2Fsnudifo37.fr%2Findex.php%2Fwp-json%2Fwp%2Fv2%2Fposts%2F3831&#038;text=Le%20Snudi-Fo%20vous%20informe%3A\" style=\"font-size: 0px;width:32px;height:32px;margin:0;margin-bottom:20px;margin-right:20px\"><img loading=\"lazy\" decoding=\"async\" alt=\"twitter\" title=\"Informez-en vos amis via Twitter\" class=\"synved-share-image synved-social-image synved-social-image-share\" width=\"32\" height=\"32\" style=\"display: inline;width:32px;height:32px;margin: 0;padding: 0;border: none;box-shadow: none\" src=\"https:\/\/snudifo37.fr\/wp-content\/plugins\/social-media-feather\/synved-social\/image\/social\/regular\/64x64\/twitter.png\" \/><\/a><a class=\"synved-social-button synved-social-button-share synved-social-size-32 synved-social-resolution-single synved-social-provider-mail nolightbox\" data-provider=\"mail\" rel=\"nofollow\" title=\"Les derni\u00e8res informations du Snudi-Fo 37\" href=\"mailto:?subject=Appel%20%C3%A0%20se%20mobiliser%20d%C3%A8s%20la%20rentr%C3%A9e%2C%20%C3%A0%20se%20mettre%20en%20gr%C3%A8ve%20le%2023%20septembre%20et%20%C3%A0%20pr%C3%A9parer%20la%20mobilisation%20interprofessionnelle&#038;body=Le%20Snudi-Fo%20vous%20informe%3A:%20https%3A%2F%2Fsnudifo37.fr%2Findex.php%2Fwp-json%2Fwp%2Fv2%2Fposts%2F3831\" style=\"font-size: 0px;width:32px;height:32px;margin:0;margin-bottom:20px\"><img loading=\"lazy\" decoding=\"async\" alt=\"mail\" title=\"Les derni\u00e8res informations du Snudi-Fo 37\" class=\"synved-share-image synved-social-image synved-social-image-share\" width=\"32\" height=\"32\" style=\"display: inline;width:32px;height:32px;margin: 0;padding: 0;border: none;box-shadow: none\" src=\"https:\/\/snudifo37.fr\/wp-content\/plugins\/social-media-feather\/synved-social\/image\/social\/regular\/64x64\/mail.png\" \/><\/a>","protected":false},"excerpt":{"rendered":"<p>Pour un plan d\u2019urgence dans l\u2019\u00e9ducation, pour les postes, les salaires, l\u2019am\u00e9lioration des conditions de travail.<\/p>\n","protected":false},"author":1,"featured_media":2900,"comment_status":"closed","ping_status":"closed","sticky":false,"template":"","format":"standard","meta":{"footnotes":""},"categories":[7],"tags":[829,1108,155,225,282,1109,216,99],"class_list":["post-3831","post","type-post","status-publish","format-standard","has-post-thumbnail","hentry","category-syndicat","tag-829","tag-23-septembre","tag-conditions-de-travail","tag-greve","tag-manifestation","tag-plan-urgence-education","tag-postes","tag-salaires"],"_links":{"self":[{"href":"https:\/\/snudifo37.fr\/index.php\/wp-json\/wp\/v2\/posts\/3831","targetHints":{"allow":["GET"]}}],"collection":[{"href":"https:\/\/snudifo37.fr\/index.php\/wp-json\/wp\/v2\/posts"}],"about":[{"href":"https:\/\/snudifo37.fr\/index.php\/wp-json\/wp\/v2\/types\/post"}],"author":[{"embeddable":true,"href":"https:\/\/snudifo37.fr\/index.php\/wp-json\/wp\/v2\/users\/1"}],"replies":[{"embeddable":true,"href":"https:\/\/snudifo37.fr\/index.php\/wp-json\/wp\/v2\/comments?post=3831"}],"version-history":[{"count":1,"href":"https:\/\/snudifo37.fr\/index.php\/wp-json\/wp\/v2\/posts\/3831\/revisions"}],"predecessor-version":[{"id":3833,"href":"https:\/\/snudifo37.fr\/index.php\/wp-json\/wp\/v2\/posts\/3831\/revisions\/3833"}],"wp:featuredmedia":[{"embeddable":true,"href":"https:\/\/snudifo37.fr\/index.php\/wp-json\/wp\/v2\/media\/2900"}],"wp:attachment":[{"href":"https:\/\/snudifo37.fr\/index.php\/wp-json\/wp\/v2\/media?parent=3831"}],"wp:term":[{"taxonomy":"category","embeddable":true,"href":"https:\/\/snudifo37.fr\/index.php\/wp-json\/wp\/v2\/categories?post=3831"},{"taxonomy":"post_tag","embeddable":true,"href":"https:\/\/snudifo37.fr\/index.php\/wp-json\/wp\/v2\/tags?post=3831"}],"curies":[{"name":"wp","href":"https:\/\/api.w.org\/{rel}","templated":true}]}}