{"id":3768,"date":"2021-08-24T15:30:00","date_gmt":"2021-08-24T13:30:00","guid":{"rendered":"https:\/\/snudifo37.fr\/?p=3768"},"modified":"2021-08-24T15:41:10","modified_gmt":"2021-08-24T13:41:10","slug":"la-deuxieme-journee-de-pre-rentree-nexiste-pas","status":"publish","type":"post","link":"https:\/\/snudifo37.fr\/index.php\/2021\/08\/24\/la-deuxieme-journee-de-pre-rentree-nexiste-pas\/","title":{"rendered":"La \u00ab deuxi\u00e8me journ\u00e9e de pr\u00e9-rentr\u00e9e \u00bb n\u2019existe pas !"},"content":{"rendered":"\n<p>Dans plusieurs d\u00e9partements, les pressions se multiplient pour imposer aux personnels une \u00ab <em>deuxi\u00e8me journ\u00e9e de pr\u00e9-rentr\u00e9e<\/em> \u00bb.<\/p>\n\n\n\n<p>Le SNUDI-FO rappelle qu\u2019aucun texte r\u00e8glementaire ne pr\u00e9voit l\u2019organisation d\u2019une \u00ab <em>deuxi\u00e8me journ\u00e9e de pr\u00e9rentr\u00e9e<\/em> \u00bb.<\/p>\n\n\n\n<p>Ainsi, le calendrier scolaire 2021-2022, d\u00e9termin\u00e9 par l\u2019arr\u00eat\u00e9 du 15 d\u00e9cembre 2020 fixe la pr\u00e9-rentr\u00e9e des enseignants au mercredi 1<sup>er<\/sup> septembre 2021 et n\u2019envisage aucune d\u00e9rogation ni interpr\u00e9tation de la part d\u2019un IEN, d\u2019un chef d\u2019\u00e9tablissement, d\u2019un IA-DASEN ou de tout autre repr\u00e9sentant de l\u2019administration.<\/p>\n\n\n\n<p>La pr\u00e9rentr\u00e9e des enseignants est donc bien fix\u00e9e au mercredi 1<sup>er<\/sup> septembre 2021, le mardi 31 ao\u00fbt 2021 \u00e9tant le dernier jour des cong\u00e9s d\u2019\u00e9t\u00e9 pour les enseignants. Rien ne permet donc \u00e0 un IA-DASEN ou \u00e0 un IEN de contraindre les personnels \u00e0 se r\u00e9unir avant le 1<sup>er<\/sup> septembre 2021.<\/p>\n\n\n\n<p>Sur quoi alors s\u2019appuient certains IA-DASEN ou IEN pour \u00e9voquer une \u00ab deuxi\u00e8me journ\u00e9e de pr\u00e9rentr\u00e9e \u00bb ?<\/p>\n\n\n\n<p>Sur le renvoi de bas de page de l\u2019annexe de l\u2019arr\u00eat\u00e9 du 15 d\u00e9cembre 2020 fixant le calendrier scolaire 2021-2022 qui pr\u00e9cise : <em>\u00abPour les enseignants, deux demi-journ\u00e9es (ou un horaire \u00e9quivalent), prises en dehors des heures de cours, <strong>pourront <\/strong>\u00eatre d\u00e9gag\u00e9es, durant l\u2019ann\u00e9e scolaire, afin de permettre des temps de r\u00e9flexion et de formation sur des sujets propos\u00e9s par les autorit\u00e9s acad\u00e9miques.\u00bb<\/em><\/p>\n\n\n\n<p>Or, <em>\u00ab <strong>pourront \u00bb <\/strong><\/em>ne signifie pas <strong><em>\u00ab devront <\/em><\/strong><em>\u00bb. <\/em>Ces deux-demi journ\u00e9es ne sont pas une obligation, mais une simple pr\u00e9conisation.<\/p>\n\n\n\n<p>Par ailleurs, \u00ab <em>les temps de r\u00e9flexion et de formation <\/em>\u00bb \u00e9voqu\u00e9s par le renvoi de bas de page de l\u2019annexe de l\u2019arr\u00eat\u00e9 du 15 d\u00e9cembre 2020 s\u2019inscrivent n\u00e9cessairement dans les obligations de service des professeurs des \u00e9coles d\u00e9finies par le d\u00e9cret n\u00b0 2017-444 du 29 mars 2017.<\/p>\n\n\n\n<p>Ce d\u00e9cret d\u00e9finit notamment dans le cadre des 108 heures :<\/p>\n\n\n\n<ul class=\"wp-block-list\"><li>48 heures consacr\u00e9es entre autres aux travaux en \u00e9quipes p\u00e9dagogiques, heures de concertations<\/li><li>18h consacr\u00e9es \u00e0 des actions de formation continue<\/li><\/ul>\n\n\n\n<p>Il n\u2019existe donc ni deuxi\u00e8me journ\u00e9e de pr\u00e9rentr\u00e9e, ni deux demi-journ\u00e9es suppl\u00e9mentaires \u00e0 effectuer en plus des 108 heures annualis\u00e9es, mais deux demi-journ\u00e9es qui, pour les enseignants qui le souhaitent, pourront \u00eatre effectu\u00e9es dans le cadre des 108 heures annualis\u00e9es.<\/p>\n\n\n\n<p>Pour tout probl\u00e8me, toute pression, saisissez le SNUDI-FO ! Le travail gratuit, \u00e7a suffit !<\/p>\n\n\n\n<p class=\"has-text-align-right\"><em>Montreuil, le 1er juillet 2021<\/em><\/p>\n\n\n\n<div class=\"wp-block-file\"><a href=\"https:\/\/snudifo37.fr\/wp-content\/uploads\/2021\/07\/210701-Communique-SNUDI-FO-Prerentree.pdf\">210701-Communique-SNUDI-FO-Prerentree<\/a><a href=\"https:\/\/snudifo37.fr\/wp-content\/uploads\/2021\/07\/210701-Communique-SNUDI-FO-Prerentree.pdf\" class=\"wp-block-file__button\" download>T\u00e9l\u00e9charger<\/a><\/div>\n<a class=\"synved-social-button synved-social-button-share synved-social-size-32 synved-social-resolution-single synved-social-provider-facebook nolightbox\" data-provider=\"facebook\" target=\"_blank\" rel=\"nofollow\" title=\"Faites le savoir \u00e0 vos amis via Facebook \" href=\"https:\/\/www.facebook.com\/sharer.php?u=https%3A%2F%2Fsnudifo37.fr%2Findex.php%2Fwp-json%2Fwp%2Fv2%2Fposts%2F3768&#038;t=La%20%C2%AB%20deuxi%C3%A8me%20journ%C3%A9e%20de%20pr%C3%A9-rentr%C3%A9e%20%C2%BB%20n%E2%80%99existe%20pas%20%21&#038;s=100&#038;p&#091;url&#093;=https%3A%2F%2Fsnudifo37.fr%2Findex.php%2Fwp-json%2Fwp%2Fv2%2Fposts%2F3768&#038;p&#091;images&#093;&#091;0&#093;=&#038;p&#091;title&#093;=La%20%C2%AB%20deuxi%C3%A8me%20journ%C3%A9e%20de%20pr%C3%A9-rentr%C3%A9e%20%C2%BB%20n%E2%80%99existe%20pas%20%21\" style=\"font-size: 0px;width:32px;height:32px;margin:0;margin-bottom:20px;margin-right:20px\"><img loading=\"lazy\" decoding=\"async\" alt=\"Facebook\" title=\"Faites le savoir \u00e0 vos amis via Facebook \" class=\"synved-share-image synved-social-image synved-social-image-share\" width=\"32\" height=\"32\" style=\"display: inline;width:32px;height:32px;margin: 0;padding: 0;border: none;box-shadow: none\" src=\"https:\/\/snudifo37.fr\/wp-content\/plugins\/social-media-feather\/synved-social\/image\/social\/regular\/64x64\/facebook.png\" \/><\/a><a class=\"synved-social-button synved-social-button-share synved-social-size-32 synved-social-resolution-single synved-social-provider-twitter nolightbox\" data-provider=\"twitter\" target=\"_blank\" rel=\"nofollow\" title=\"Informez-en vos amis via Twitter\" href=\"https:\/\/twitter.com\/intent\/tweet?url=https%3A%2F%2Fsnudifo37.fr%2Findex.php%2Fwp-json%2Fwp%2Fv2%2Fposts%2F3768&#038;text=Le%20Snudi-Fo%20vous%20informe%3A\" style=\"font-size: 0px;width:32px;height:32px;margin:0;margin-bottom:20px;margin-right:20px\"><img loading=\"lazy\" decoding=\"async\" alt=\"twitter\" title=\"Informez-en vos amis via Twitter\" class=\"synved-share-image synved-social-image synved-social-image-share\" width=\"32\" height=\"32\" style=\"display: inline;width:32px;height:32px;margin: 0;padding: 0;border: none;box-shadow: none\" src=\"https:\/\/snudifo37.fr\/wp-content\/plugins\/social-media-feather\/synved-social\/image\/social\/regular\/64x64\/twitter.png\" \/><\/a><a class=\"synved-social-button synved-social-button-share synved-social-size-32 synved-social-resolution-single synved-social-provider-mail nolightbox\" data-provider=\"mail\" rel=\"nofollow\" title=\"Les derni\u00e8res informations du Snudi-Fo 37\" href=\"mailto:?subject=La%20%C2%AB%20deuxi%C3%A8me%20journ%C3%A9e%20de%20pr%C3%A9-rentr%C3%A9e%20%C2%BB%20n%E2%80%99existe%20pas%20%21&#038;body=Le%20Snudi-Fo%20vous%20informe%3A:%20https%3A%2F%2Fsnudifo37.fr%2Findex.php%2Fwp-json%2Fwp%2Fv2%2Fposts%2F3768\" style=\"font-size: 0px;width:32px;height:32px;margin:0;margin-bottom:20px\"><img loading=\"lazy\" decoding=\"async\" alt=\"mail\" title=\"Les derni\u00e8res informations du Snudi-Fo 37\" class=\"synved-share-image synved-social-image synved-social-image-share\" width=\"32\" height=\"32\" style=\"display: inline;width:32px;height:32px;margin: 0;padding: 0;border: none;box-shadow: none\" src=\"https:\/\/snudifo37.fr\/wp-content\/plugins\/social-media-feather\/synved-social\/image\/social\/regular\/64x64\/mail.png\" \/><\/a>","protected":false},"excerpt":{"rendered":"<p>Dans plusieurs d\u00e9partements, les pressions se multiplient pour imposer aux personnels une \u00ab deuxi\u00e8me journ\u00e9e de pr\u00e9-rentr\u00e9e \u00bb.<br \/>\nLe SNUDI-FO rappelle qu\u2019aucun texte r\u00e8glementaire ne pr\u00e9voit l\u2019organisation d\u2019une \u00ab deuxi\u00e8me journ\u00e9e de pr\u00e9rentr\u00e9e \u00bb.<\/p>\n","protected":false},"author":1,"featured_media":0,"comment_status":"closed","ping_status":"closed","sticky":false,"template":"","format":"standard","meta":{"footnotes":""},"categories":[7],"tags":[1091,145,876,1090,1089],"class_list":["post-3768","post","type-post","status-publish","format-standard","hentry","category-syndicat","tag-calendrier-scolaire","tag-pre-rentree","tag-rentree-2021","tag-reglementation-2","tag-textes"],"_links":{"self":[{"href":"https:\/\/snudifo37.fr\/index.php\/wp-json\/wp\/v2\/posts\/3768","targetHints":{"allow":["GET"]}}],"collection":[{"href":"https:\/\/snudifo37.fr\/index.php\/wp-json\/wp\/v2\/posts"}],"about":[{"href":"https:\/\/snudifo37.fr\/index.php\/wp-json\/wp\/v2\/types\/post"}],"author":[{"embeddable":true,"href":"https:\/\/snudifo37.fr\/index.php\/wp-json\/wp\/v2\/users\/1"}],"replies":[{"embeddable":true,"href":"https:\/\/snudifo37.fr\/index.php\/wp-json\/wp\/v2\/comments?post=3768"}],"version-history":[{"count":1,"href":"https:\/\/snudifo37.fr\/index.php\/wp-json\/wp\/v2\/posts\/3768\/revisions"}],"predecessor-version":[{"id":3770,"href":"https:\/\/snudifo37.fr\/index.php\/wp-json\/wp\/v2\/posts\/3768\/revisions\/3770"}],"wp:attachment":[{"href":"https:\/\/snudifo37.fr\/index.php\/wp-json\/wp\/v2\/media?parent=3768"}],"wp:term":[{"taxonomy":"category","embeddable":true,"href":"https:\/\/snudifo37.fr\/index.php\/wp-json\/wp\/v2\/categories?post=3768"},{"taxonomy":"post_tag","embeddable":true,"href":"https:\/\/snudifo37.fr\/index.php\/wp-json\/wp\/v2\/tags?post=3768"}],"curies":[{"name":"wp","href":"https:\/\/api.w.org\/{rel}","templated":true}]}}