{"id":3759,"date":"2021-06-29T22:25:02","date_gmt":"2021-06-29T20:25:02","guid":{"rendered":"https:\/\/snudifo37.fr\/?p=3759"},"modified":"2021-06-29T22:25:03","modified_gmt":"2021-06-29T20:25:03","slug":"les-eleves-ont-besoin-de-personnels-qualifies-pas-de-cours-en-ligne","status":"publish","type":"post","link":"https:\/\/snudifo37.fr\/index.php\/2021\/06\/29\/les-eleves-ont-besoin-de-personnels-qualifies-pas-de-cours-en-ligne\/","title":{"rendered":"Les \u00e9l\u00e8ves ont besoin de personnels qualifi\u00e9s, pas de cours en ligne"},"content":{"rendered":"\n<div class=\"wp-block-image\"><figure class=\"aligncenter size-large\"><img loading=\"lazy\" decoding=\"async\" width=\"1024\" height=\"165\" src=\"https:\/\/snudifo37.fr\/wp-content\/uploads\/2021\/06\/InterSyndiFCPE-1024x165.jpg\" alt=\"\" class=\"wp-image-3761\" srcset=\"https:\/\/snudifo37.fr\/wp-content\/uploads\/2021\/06\/InterSyndiFCPE-1024x165.jpg 1024w, https:\/\/snudifo37.fr\/wp-content\/uploads\/2021\/06\/InterSyndiFCPE-300x48.jpg 300w, https:\/\/snudifo37.fr\/wp-content\/uploads\/2021\/06\/InterSyndiFCPE-768x124.jpg 768w, https:\/\/snudifo37.fr\/wp-content\/uploads\/2021\/06\/InterSyndiFCPE.jpg 1223w\" sizes=\"auto, (max-width: 1024px) 100vw, 1024px\" \/><\/figure><\/div>\n\n\n\n<h3 class=\"has-text-align-center wp-block-heading\">Le ministre Jean-Michel Blanquer a d\u00e9lib\u00e9r\u00e9ment d\u00e9sorganis\u00e9 l\u2019\u00c9cole<\/h3>\n\n\n\n<p>Depuis le d\u00e9but de la crise sanitaire, l\u2019obligation scolaire a \u00e9t\u00e9 bafou\u00e9e. Cours \u00e0 distance, suppressions de milliers d\u2019heures de cours, enseignants non remplac\u00e9s, fermetures de classes, renvoi des \u00e9l\u00e8ves chez eux, animateurs sollicit\u00e9s pour remplacer les enseignants\u2026 Or le r\u00f4le de l\u2019\u00c9tat est de garantir \u00ab l\u2019\u00e9gal acc\u00e8s de l\u2019enfant et de l\u2019adulte \u00e0 l\u2019instruction, \u00e0 la formation professionnelle et \u00e0 la culture. \u00bb<\/p>\n\n\n\n<p>Le ministre envisage d\u2019utiliser cette situation pour faire basculer l\u2019\u00e9cole dans autre chose que l\u2019\u00e9cole.<\/p>\n\n\n\n<h3 class=\"has-text-align-center wp-block-heading\">P\u00e9renniser l\u2019enseignement distanciel<\/h3>\n\n\n\n<p>Dans le cadre du \u00ab Grenelle de l\u2019\u00c9ducation \u00bb, Jean-Michel Blanquer prend 12 engagements qui, en r\u00e9alit\u00e9, vont dans le sens d\u2019un d\u00e9mant\u00e8lement sans pr\u00e9c\u00e9dent de l\u2019\u00e9cole publique et la\u00efque.<\/p>\n\n\n\n<p>En particulier, l\u2019engagement n\u00b011 promet une \u00ab continuit\u00e9 p\u00e9dagogique efficace \u00bb. S\u2019agit-il d\u2019annuler les fermetures de postes ? De cr\u00e9er massivement des postes d\u2019enseignants ? Force est de constater que l\u2019objectif du ministre est tout autre. Il compte am\u00e9liorer le remplacement par \u00ab l\u2019optimisation des organisations actuelles de remplacement en s\u2019appuyant sur les ENT \u00bb, \u00ab le recours \u00e0 des dispositifs de type \u201ccours en ligne\u201d ou au travail en autonomie anticip\u00e9 et encadr\u00e9 sous la surveillance d\u2019un assistant d\u2019\u00e9ducation \u00bb, \u00ab pour les chefs d\u2019\u00e9tablissement, la possibilit\u00e9 de recourir \u00e0 des heures suppl\u00e9mentaires ponctuelles pour les assistants d\u2019\u00e9ducation. \u00bb<\/p>\n\n\n\n<p>Au m\u00eame moment, \u00ab une application num\u00e9rique d\u00e9di\u00e9e au remplacement des professeurs absents est exp\u00e9riment\u00e9e dans la Somme, pour une g\u00e9n\u00e9ralisation au premier trimestre 2022. \u00bb C\u2019est un pas de plus vers la \u00ab d\u00e9mat\u00e9rialisation de l\u2019\u00c9tat \u00bb, en lieu et place de personnels qualifi\u00e9s.<\/p>\n\n\n\n<p>Toutes ces mesures acc\u00e9l\u00e8rent la commercialisation du service public d\u2019\u00c9ducation nationale.<\/p>\n\n\n\n<h3 class=\"has-text-align-center wp-block-heading\">Pour un recrutement massif de personnels titulaires<\/h3>\n\n\n\n<p>Le ministre a annonc\u00e9 1 800 suppressions de postes dans le second degr\u00e9 pour septembre 2021, alors que la moyenne d\u2019\u00e9l\u00e8ve par classe explose. Dans le 1er degr\u00e9, les moyens sont nettement insuffisants pour assurer les remplacements et les probl\u00e8mes surgiront \u00e0 nouveau d\u00e8s la rentr\u00e9e.<\/p>\n\n\n\n<p>Nous exigeons que le ministre annule les suppressions de postes et les fermetures de classes, qu\u2019il mette imm\u00e9diatement en place les conditions d\u2019un retour \u00e0 l\u2019\u00e9cole de tous les \u00e9l\u00e8ves, \u00e0 100% en pr\u00e9sentiel avec la cr\u00e9ation massive de postes \u00e0 la hauteur des besoins.<\/p>\n\n\n\n<p>Nous appelons les parents d\u2019\u00e9l\u00e8ves et les personnels \u00e0 continuer de s\u2019organiser ensemble pour porter les revendications en direction des autorit\u00e9s, et \u00e0 mettre en discussion la question d\u2019aller au minist\u00e8re pour dire<\/p>\n\n\n\n<p>\u00ab <em>STOP ! On n\u2019accepte pas ! Rendez-nous les postes pour les \u00e9l\u00e8ves et laissez les enseignants enseigner ! <\/em>\u00bb Nous voulons des cr\u00e9ations de postes, pas des robots !<\/p>\n\n\n\n<p class=\"has-text-align-right\"><em>Le 25 juin 2021<\/em><\/p>\n\n\n\n<div class=\"wp-block-file\"><a href=\"https:\/\/snudifo37.fr\/wp-content\/uploads\/2021\/06\/Communique-IO-des-personnels-qualifies-pas-des-cours-en-ligne.pdf\">Communique-IO-des-personnels-qualifies-pas-des-cours-en-ligne<\/a><a href=\"https:\/\/snudifo37.fr\/wp-content\/uploads\/2021\/06\/Communique-IO-des-personnels-qualifies-pas-des-cours-en-ligne.pdf\" class=\"wp-block-file__button\" download>T\u00e9l\u00e9charger<\/a><\/div>\n<a class=\"synved-social-button synved-social-button-share synved-social-size-32 synved-social-resolution-single synved-social-provider-facebook nolightbox\" data-provider=\"facebook\" target=\"_blank\" rel=\"nofollow\" title=\"Faites le savoir \u00e0 vos amis via Facebook \" href=\"https:\/\/www.facebook.com\/sharer.php?u=https%3A%2F%2Fsnudifo37.fr%2Findex.php%2Fwp-json%2Fwp%2Fv2%2Fposts%2F3759&#038;t=Les%20%C3%A9l%C3%A8ves%20ont%20besoin%20de%20personnels%20qualifi%C3%A9s%2C%20pas%20de%20cours%20en%20ligne&#038;s=100&#038;p&#091;url&#093;=https%3A%2F%2Fsnudifo37.fr%2Findex.php%2Fwp-json%2Fwp%2Fv2%2Fposts%2F3759&#038;p&#091;images&#093;&#091;0&#093;=https%3A%2F%2Fsnudifo37.fr%2Fwp-content%2Fuploads%2F2020%2F02%2FCommuniqu%C3%A9Site.png&#038;p&#091;title&#093;=Les%20%C3%A9l%C3%A8ves%20ont%20besoin%20de%20personnels%20qualifi%C3%A9s%2C%20pas%20de%20cours%20en%20ligne\" style=\"font-size: 0px;width:32px;height:32px;margin:0;margin-bottom:20px;margin-right:20px\"><img loading=\"lazy\" decoding=\"async\" alt=\"Facebook\" title=\"Faites le savoir \u00e0 vos amis via Facebook \" class=\"synved-share-image synved-social-image synved-social-image-share\" width=\"32\" height=\"32\" style=\"display: inline;width:32px;height:32px;margin: 0;padding: 0;border: none;box-shadow: none\" src=\"https:\/\/snudifo37.fr\/wp-content\/plugins\/social-media-feather\/synved-social\/image\/social\/regular\/64x64\/facebook.png\" \/><\/a><a class=\"synved-social-button synved-social-button-share synved-social-size-32 synved-social-resolution-single synved-social-provider-twitter nolightbox\" data-provider=\"twitter\" target=\"_blank\" rel=\"nofollow\" title=\"Informez-en vos amis via Twitter\" href=\"https:\/\/twitter.com\/intent\/tweet?url=https%3A%2F%2Fsnudifo37.fr%2Findex.php%2Fwp-json%2Fwp%2Fv2%2Fposts%2F3759&#038;text=Le%20Snudi-Fo%20vous%20informe%3A\" style=\"font-size: 0px;width:32px;height:32px;margin:0;margin-bottom:20px;margin-right:20px\"><img loading=\"lazy\" decoding=\"async\" alt=\"twitter\" title=\"Informez-en vos amis via Twitter\" class=\"synved-share-image synved-social-image synved-social-image-share\" width=\"32\" height=\"32\" style=\"display: inline;width:32px;height:32px;margin: 0;padding: 0;border: none;box-shadow: none\" src=\"https:\/\/snudifo37.fr\/wp-content\/plugins\/social-media-feather\/synved-social\/image\/social\/regular\/64x64\/twitter.png\" \/><\/a><a class=\"synved-social-button synved-social-button-share synved-social-size-32 synved-social-resolution-single synved-social-provider-mail nolightbox\" data-provider=\"mail\" rel=\"nofollow\" title=\"Les derni\u00e8res informations du Snudi-Fo 37\" href=\"mailto:?subject=Les%20%C3%A9l%C3%A8ves%20ont%20besoin%20de%20personnels%20qualifi%C3%A9s%2C%20pas%20de%20cours%20en%20ligne&#038;body=Le%20Snudi-Fo%20vous%20informe%3A:%20https%3A%2F%2Fsnudifo37.fr%2Findex.php%2Fwp-json%2Fwp%2Fv2%2Fposts%2F3759\" style=\"font-size: 0px;width:32px;height:32px;margin:0;margin-bottom:20px\"><img loading=\"lazy\" decoding=\"async\" alt=\"mail\" title=\"Les derni\u00e8res informations du Snudi-Fo 37\" class=\"synved-share-image synved-social-image synved-social-image-share\" width=\"32\" height=\"32\" style=\"display: inline;width:32px;height:32px;margin: 0;padding: 0;border: none;box-shadow: none\" src=\"https:\/\/snudifo37.fr\/wp-content\/plugins\/social-media-feather\/synved-social\/image\/social\/regular\/64x64\/mail.png\" \/><\/a>","protected":false},"excerpt":{"rendered":"<p>Depuis le d\u00e9but de la crise sanitaire, l\u2019obligation scolaire a \u00e9t\u00e9 bafou\u00e9e. Cours \u00e0 distance, suppressions de milliers d\u2019heures de cours, enseignants non remplac\u00e9s, fermetures de classes, renvoi des \u00e9l\u00e8ves chez eux, animateurs sollicit\u00e9s pour remplacer les enseignants\u2026 Or le r\u00f4le de l\u2019\u00c9tat est de garantir \u00ab l\u2019\u00e9gal acc\u00e8s de l\u2019enfant et de l\u2019adulte \u00e0 l\u2019instruction, \u00e0 la formation professionnelle et \u00e0 la culture. \u00bb<\/p>\n","protected":false},"author":1,"featured_media":1775,"comment_status":"closed","ping_status":"closed","sticky":false,"template":"","format":"standard","meta":{"footnotes":""},"categories":[7],"tags":[34,63,1085,812,803,221,387,455,962,62,934],"class_list":["post-3759","post","type-post","status-publish","format-standard","has-post-thumbnail","hentry","category-syndicat","tag-blanquer","tag-cgteduc","tag-desorganisation","tag-distanciel","tag-fcpe","tag-ministre","tag-personnel","tag-recrutement","tag-snalc","tag-sud-education","tag-titulaire"],"_links":{"self":[{"href":"https:\/\/snudifo37.fr\/index.php\/wp-json\/wp\/v2\/posts\/3759","targetHints":{"allow":["GET"]}}],"collection":[{"href":"https:\/\/snudifo37.fr\/index.php\/wp-json\/wp\/v2\/posts"}],"about":[{"href":"https:\/\/snudifo37.fr\/index.php\/wp-json\/wp\/v2\/types\/post"}],"author":[{"embeddable":true,"href":"https:\/\/snudifo37.fr\/index.php\/wp-json\/wp\/v2\/users\/1"}],"replies":[{"embeddable":true,"href":"https:\/\/snudifo37.fr\/index.php\/wp-json\/wp\/v2\/comments?post=3759"}],"version-history":[{"count":1,"href":"https:\/\/snudifo37.fr\/index.php\/wp-json\/wp\/v2\/posts\/3759\/revisions"}],"predecessor-version":[{"id":3762,"href":"https:\/\/snudifo37.fr\/index.php\/wp-json\/wp\/v2\/posts\/3759\/revisions\/3762"}],"wp:featuredmedia":[{"embeddable":true,"href":"https:\/\/snudifo37.fr\/index.php\/wp-json\/wp\/v2\/media\/1775"}],"wp:attachment":[{"href":"https:\/\/snudifo37.fr\/index.php\/wp-json\/wp\/v2\/media?parent=3759"}],"wp:term":[{"taxonomy":"category","embeddable":true,"href":"https:\/\/snudifo37.fr\/index.php\/wp-json\/wp\/v2\/categories?post=3759"},{"taxonomy":"post_tag","embeddable":true,"href":"https:\/\/snudifo37.fr\/index.php\/wp-json\/wp\/v2\/tags?post=3759"}],"curies":[{"name":"wp","href":"https:\/\/api.w.org\/{rel}","templated":true}]}}