{"id":3726,"date":"2021-06-21T15:00:32","date_gmt":"2021-06-21T13:00:32","guid":{"rendered":"https:\/\/snudifo37.fr\/?p=3726"},"modified":"2021-06-21T15:00:33","modified_gmt":"2021-06-21T13:00:33","slug":"communique-de-presse-du-snudi-fo-concernant-la-carte-scolaire","status":"publish","type":"post","link":"https:\/\/snudifo37.fr\/index.php\/2021\/06\/21\/communique-de-presse-du-snudi-fo-concernant-la-carte-scolaire\/","title":{"rendered":"Communiqu\u00e9 de presse du SNUDI FO concernant la carte scolaire"},"content":{"rendered":"\n<h2 class=\"has-text-align-center wp-block-heading\"><strong>Non aux fermetures de classes\u00a0! Oui aux ouvertures n\u00e9cessaires\u00a0!<\/strong><br><strong>Non aux postes vou\u00e9s \u00e0 l\u2019application des contre-r\u00e9formes minist\u00e9rielles\u00a0! <\/strong><br><strong>Oui aux cr\u00e9ations massives de postes de rempla\u00e7ants\u00a0!<\/strong><\/h2>\n\n\n\n<p>Ce mardi 22 juin, l\u2019Inspecteur d\u2019Acad\u00e9mie r\u00e9unit un comit\u00e9 technique sp\u00e9cial d\u00e9partemental pour ajuster ses mesures de carte scolaire pour la rentr\u00e9e 2021.<\/p>\n\n\n\n<p>Alors que sur consignes minist\u00e9rielles et ce malgr\u00e9 les mobilisations des mois de f\u00e9vrier et mars, de nombreuses classes rurales ont \u00e9t\u00e9 ferm\u00e9es pour la rentr\u00e9e 2021, l\u2019Inspecteur d\u2019Acad\u00e9mie a annonc\u00e9 lors d\u2019un groupe de travail le 10 juin envisager la possibilit\u00e9 de fermer de nouveau des classes.<\/p>\n\n\n\n<p>L\u2019\u00e9cole maternelle Paul Fort de Tours serait vis\u00e9e par une fermeture \u00e9ventuelle. Le SNUDI-FO se mobilise aux c\u00f4t\u00e9s des enseignants et des parents d\u2019\u00e9l\u00e8ves de cette \u00e9cole pour le maintien de toutes les classes.<\/p>\n\n\n\n<p>Alors que la situation a \u00e9t\u00e9 extr\u00eamement difficile dans les \u00e9coles et que la commune de Tours n\u2019a pas de sectorisation, nous ne pouvons accepter la d\u00e9stabilisation d\u2019une \u00e9cole et d\u2019un quartier \u00e0 quelques jours des cong\u00e9s scolaires.<\/p>\n\n\n\n<p>D\u2019autres \u00e9coles sont en attente d\u2019ouvertures de classes en raison d\u2019effectifs trop \u00e9lev\u00e9s\u00a0: \u00e9cole maternelle Stalingrad de St-Pierre-des-Corps,<\/p>\n\n\n\n<p>Par ailleurs, le SNUDI-FO s\u2019oppose au choix politique minist\u00e9riel de cr\u00e9ation massive de postes destin\u00e9s \u00e0 l\u2019application d\u2019un nouveau management au sein de l\u2019Education Nationale. Alors que des dizaines de classes sont rest\u00e9es sans ma\u00eetresse ni ma\u00eetre chaque jour en Indre-et-Loire durant des mois, le SNUDI-FO exige une cr\u00e9ation massive de postes professeurs des \u00e9coles rempla\u00e7ants pour que cette situation ne se reproduise pas. Quoi de plus intol\u00e9rable que de devoir renvoyer des \u00e9l\u00e8ves chez eux, faute de rempla\u00e7ants&nbsp;?<\/p>\n\n\n\n<p class=\"has-text-align-center has-large-font-size\"><strong><span class=\"has-inline-color has-vivid-red-color\">Le SNUDI-FO appelle \u00e0 un rassemblement de d\u00e9l\u00e9gations demain mardi\u00a0 22 juin \u00e0 8h30 devant le coll\u00e8ge Rabelais o\u00f9 se tiendra le comit\u00e9 technique.<\/span><\/strong><\/p>\n<a class=\"synved-social-button synved-social-button-share synved-social-size-32 synved-social-resolution-single synved-social-provider-facebook nolightbox\" data-provider=\"facebook\" target=\"_blank\" rel=\"nofollow\" title=\"Faites le savoir \u00e0 vos amis via Facebook \" href=\"https:\/\/www.facebook.com\/sharer.php?u=https%3A%2F%2Fsnudifo37.fr%2Findex.php%2Fwp-json%2Fwp%2Fv2%2Fposts%2F3726&#038;t=Communiqu%C3%A9%20de%20presse%20du%20SNUDI%20FO%20concernant%20la%20carte%20scolaire&#038;s=100&#038;p&#091;url&#093;=https%3A%2F%2Fsnudifo37.fr%2Findex.php%2Fwp-json%2Fwp%2Fv2%2Fposts%2F3726&#038;p&#091;images&#093;&#091;0&#093;=https%3A%2F%2Fsnudifo37.fr%2Fwp-content%2Fuploads%2F2020%2F02%2FCommuniqu%C3%A9Site.png&#038;p&#091;title&#093;=Communiqu%C3%A9%20de%20presse%20du%20SNUDI%20FO%20concernant%20la%20carte%20scolaire\" style=\"font-size: 0px;width:32px;height:32px;margin:0;margin-bottom:20px;margin-right:20px\"><img loading=\"lazy\" decoding=\"async\" alt=\"Facebook\" title=\"Faites le savoir \u00e0 vos amis via Facebook \" class=\"synved-share-image synved-social-image synved-social-image-share\" width=\"32\" height=\"32\" style=\"display: inline;width:32px;height:32px;margin: 0;padding: 0;border: none;box-shadow: none\" src=\"https:\/\/snudifo37.fr\/wp-content\/plugins\/social-media-feather\/synved-social\/image\/social\/regular\/64x64\/facebook.png\" \/><\/a><a class=\"synved-social-button synved-social-button-share synved-social-size-32 synved-social-resolution-single synved-social-provider-twitter nolightbox\" data-provider=\"twitter\" target=\"_blank\" rel=\"nofollow\" title=\"Informez-en vos amis via Twitter\" href=\"https:\/\/twitter.com\/intent\/tweet?url=https%3A%2F%2Fsnudifo37.fr%2Findex.php%2Fwp-json%2Fwp%2Fv2%2Fposts%2F3726&#038;text=Le%20Snudi-Fo%20vous%20informe%3A\" style=\"font-size: 0px;width:32px;height:32px;margin:0;margin-bottom:20px;margin-right:20px\"><img loading=\"lazy\" decoding=\"async\" alt=\"twitter\" title=\"Informez-en vos amis via Twitter\" class=\"synved-share-image synved-social-image synved-social-image-share\" width=\"32\" height=\"32\" style=\"display: inline;width:32px;height:32px;margin: 0;padding: 0;border: none;box-shadow: none\" src=\"https:\/\/snudifo37.fr\/wp-content\/plugins\/social-media-feather\/synved-social\/image\/social\/regular\/64x64\/twitter.png\" \/><\/a><a class=\"synved-social-button synved-social-button-share synved-social-size-32 synved-social-resolution-single synved-social-provider-mail nolightbox\" data-provider=\"mail\" rel=\"nofollow\" title=\"Les derni\u00e8res informations du Snudi-Fo 37\" href=\"mailto:?subject=Communiqu%C3%A9%20de%20presse%20du%20SNUDI%20FO%20concernant%20la%20carte%20scolaire&#038;body=Le%20Snudi-Fo%20vous%20informe%3A:%20https%3A%2F%2Fsnudifo37.fr%2Findex.php%2Fwp-json%2Fwp%2Fv2%2Fposts%2F3726\" style=\"font-size: 0px;width:32px;height:32px;margin:0;margin-bottom:20px\"><img loading=\"lazy\" decoding=\"async\" alt=\"mail\" title=\"Les derni\u00e8res informations du Snudi-Fo 37\" class=\"synved-share-image synved-social-image synved-social-image-share\" width=\"32\" height=\"32\" style=\"display: inline;width:32px;height:32px;margin: 0;padding: 0;border: none;box-shadow: none\" src=\"https:\/\/snudifo37.fr\/wp-content\/plugins\/social-media-feather\/synved-social\/image\/social\/regular\/64x64\/mail.png\" \/><\/a>","protected":false},"excerpt":{"rendered":"<p>Non aux fermetures de classes ! Oui aux ouvertures n\u00e9cessaires !<\/p>\n<p>Non aux postes vou\u00e9s \u00e0 l\u2019application des contre-r\u00e9formes minist\u00e9rielles ! Oui aux cr\u00e9ations massives de postes de rempla\u00e7ants !<\/p>\n","protected":false},"author":1,"featured_media":1775,"comment_status":"closed","ping_status":"closed","sticky":false,"template":"","format":"standard","meta":{"footnotes":""},"categories":[7],"tags":[829,85,612,82,1072,107,1073,46],"class_list":["post-3726","post","type-post","status-publish","format-standard","has-post-thumbnail","hentry","category-syndicat","tag-829","tag-carte-scolaire","tag-communique-de-presse","tag-ctsd","tag-fermeture-de-classe","tag-mobilisation","tag-ouverture-de-classe","tag-rassemblement"],"_links":{"self":[{"href":"https:\/\/snudifo37.fr\/index.php\/wp-json\/wp\/v2\/posts\/3726","targetHints":{"allow":["GET"]}}],"collection":[{"href":"https:\/\/snudifo37.fr\/index.php\/wp-json\/wp\/v2\/posts"}],"about":[{"href":"https:\/\/snudifo37.fr\/index.php\/wp-json\/wp\/v2\/types\/post"}],"author":[{"embeddable":true,"href":"https:\/\/snudifo37.fr\/index.php\/wp-json\/wp\/v2\/users\/1"}],"replies":[{"embeddable":true,"href":"https:\/\/snudifo37.fr\/index.php\/wp-json\/wp\/v2\/comments?post=3726"}],"version-history":[{"count":1,"href":"https:\/\/snudifo37.fr\/index.php\/wp-json\/wp\/v2\/posts\/3726\/revisions"}],"predecessor-version":[{"id":3727,"href":"https:\/\/snudifo37.fr\/index.php\/wp-json\/wp\/v2\/posts\/3726\/revisions\/3727"}],"wp:featuredmedia":[{"embeddable":true,"href":"https:\/\/snudifo37.fr\/index.php\/wp-json\/wp\/v2\/media\/1775"}],"wp:attachment":[{"href":"https:\/\/snudifo37.fr\/index.php\/wp-json\/wp\/v2\/media?parent=3726"}],"wp:term":[{"taxonomy":"category","embeddable":true,"href":"https:\/\/snudifo37.fr\/index.php\/wp-json\/wp\/v2\/categories?post=3726"},{"taxonomy":"post_tag","embeddable":true,"href":"https:\/\/snudifo37.fr\/index.php\/wp-json\/wp\/v2\/tags?post=3726"}],"curies":[{"name":"wp","href":"https:\/\/api.w.org\/{rel}","templated":true}]}}