{"id":3718,"date":"2022-02-01T08:50:00","date_gmt":"2022-02-01T07:50:00","guid":{"rendered":"https:\/\/snudifo37.fr\/?p=3718"},"modified":"2024-09-01T12:40:08","modified_gmt":"2024-09-01T10:40:08","slug":"stages-syndicaux-du-snudi-fo-ouverts-a-tous-sur-temps-de-classe-inscrivez-vous-rapidement-des-maintenant","status":"publish","type":"post","link":"https:\/\/snudifo37.fr\/index.php\/2022\/02\/01\/stages-syndicaux-du-snudi-fo-ouverts-a-tous-sur-temps-de-classe-inscrivez-vous-rapidement-des-maintenant\/","title":{"rendered":"AG du 27 septembre 2024"},"content":{"rendered":"\n<h2 class=\"wp-block-heading\"><\/h2>\n\n\n<a class=\"synved-social-button synved-social-button-share synved-social-size-32 synved-social-resolution-single synved-social-provider-facebook nolightbox\" data-provider=\"facebook\" target=\"_blank\" rel=\"nofollow\" title=\"Faites le savoir \u00e0 vos amis via Facebook \" href=\"https:\/\/www.facebook.com\/sharer.php?u=https%3A%2F%2Fsnudifo37.fr%2Findex.php%2Fwp-json%2Fwp%2Fv2%2Fposts%2F3718&#038;t=AG%20du%2027%20septembre%202024&#038;s=100&#038;p&#091;url&#093;=https%3A%2F%2Fsnudifo37.fr%2Findex.php%2Fwp-json%2Fwp%2Fv2%2Fposts%2F3718&#038;p&#091;images&#093;&#091;0&#093;=https%3A%2F%2Fsnudifo37.fr%2Fwp-content%2Fuploads%2F2021%2F06%2FChamboulePetit.jpg&#038;p&#091;title&#093;=AG%20du%2027%20septembre%202024\" style=\"font-size: 0px;width:32px;height:32px;margin:0;margin-bottom:20px;margin-right:20px\"><img loading=\"lazy\" decoding=\"async\" alt=\"Facebook\" title=\"Faites le savoir \u00e0 vos amis via Facebook \" class=\"synved-share-image synved-social-image synved-social-image-share\" width=\"32\" height=\"32\" style=\"display: inline;width:32px;height:32px;margin: 0;padding: 0;border: none;box-shadow: none\" src=\"https:\/\/snudifo37.fr\/wp-content\/plugins\/social-media-feather\/synved-social\/image\/social\/regular\/64x64\/facebook.png\" \/><\/a><a class=\"synved-social-button synved-social-button-share synved-social-size-32 synved-social-resolution-single synved-social-provider-twitter nolightbox\" data-provider=\"twitter\" target=\"_blank\" rel=\"nofollow\" title=\"Informez-en vos amis via Twitter\" href=\"https:\/\/twitter.com\/intent\/tweet?url=https%3A%2F%2Fsnudifo37.fr%2Findex.php%2Fwp-json%2Fwp%2Fv2%2Fposts%2F3718&#038;text=Le%20Snudi-Fo%20vous%20informe%3A\" style=\"font-size: 0px;width:32px;height:32px;margin:0;margin-bottom:20px;margin-right:20px\"><img loading=\"lazy\" decoding=\"async\" alt=\"twitter\" title=\"Informez-en vos amis via Twitter\" class=\"synved-share-image synved-social-image synved-social-image-share\" width=\"32\" height=\"32\" style=\"display: inline;width:32px;height:32px;margin: 0;padding: 0;border: none;box-shadow: none\" src=\"https:\/\/snudifo37.fr\/wp-content\/plugins\/social-media-feather\/synved-social\/image\/social\/regular\/64x64\/twitter.png\" \/><\/a><a class=\"synved-social-button synved-social-button-share synved-social-size-32 synved-social-resolution-single synved-social-provider-mail nolightbox\" data-provider=\"mail\" rel=\"nofollow\" title=\"Les derni\u00e8res informations du Snudi-Fo 37\" href=\"mailto:?subject=AG%20du%2027%20septembre%202024&#038;body=Le%20Snudi-Fo%20vous%20informe%3A:%20https%3A%2F%2Fsnudifo37.fr%2Findex.php%2Fwp-json%2Fwp%2Fv2%2Fposts%2F3718\" style=\"font-size: 0px;width:32px;height:32px;margin:0;margin-bottom:20px\"><img loading=\"lazy\" decoding=\"async\" alt=\"mail\" title=\"Les derni\u00e8res informations du Snudi-Fo 37\" class=\"synved-share-image synved-social-image synved-social-image-share\" width=\"32\" height=\"32\" style=\"display: inline;width:32px;height:32px;margin: 0;padding: 0;border: none;box-shadow: none\" src=\"https:\/\/snudifo37.fr\/wp-content\/plugins\/social-media-feather\/synved-social\/image\/social\/regular\/64x64\/mail.png\" \/><\/a>","protected":false},"excerpt":{"rendered":"<p>Plus que jamais le premier des droits \u00e0 d\u00e9fendre est le droit syndical.<br \/>\nC&rsquo;est pourquoi le SNUDI-FO organise des stages syndicaux pour l&rsquo;ann\u00e9e scolaire \u00e0 venir !<br \/>\nPour pr\u00e9cision, chaque coll\u00e8gue a droit \u00e0 12 jours de stage par an sur temps de classe r\u00e9mun\u00e9r\u00e9s ; alors, inscrivez-vous d\u00e8s maintenant.<\/p>\n","protected":false},"author":1,"featured_media":3722,"comment_status":"closed","ping_status":"closed","sticky":false,"template":"","format":"standard","meta":{"footnotes":""},"categories":[337,7],"tags":[198,690,243,641,482,801,1070,822,50,51,33,20,360],"class_list":["post-3718","post","type-post","status-publish","format-standard","has-post-thumbnail","hentry","category-reunion-dinformation-syndicale","category-syndicat","tag-ash","tag-carriere","tag-directeurs","tag-directions","tag-droits","tag-inclusion","tag-ineat-exeat","tag-inscription","tag-mobilite","tag-mouvement","tag-ppcr","tag-snudi-fo","tag-stage"],"_links":{"self":[{"href":"https:\/\/snudifo37.fr\/index.php\/wp-json\/wp\/v2\/posts\/3718","targetHints":{"allow":["GET"]}}],"collection":[{"href":"https:\/\/snudifo37.fr\/index.php\/wp-json\/wp\/v2\/posts"}],"about":[{"href":"https:\/\/snudifo37.fr\/index.php\/wp-json\/wp\/v2\/types\/post"}],"author":[{"embeddable":true,"href":"https:\/\/snudifo37.fr\/index.php\/wp-json\/wp\/v2\/users\/1"}],"replies":[{"embeddable":true,"href":"https:\/\/snudifo37.fr\/index.php\/wp-json\/wp\/v2\/comments?post=3718"}],"version-history":[{"count":46,"href":"https:\/\/snudifo37.fr\/index.php\/wp-json\/wp\/v2\/posts\/3718\/revisions"}],"predecessor-version":[{"id":8253,"href":"https:\/\/snudifo37.fr\/index.php\/wp-json\/wp\/v2\/posts\/3718\/revisions\/8253"}],"wp:featuredmedia":[{"embeddable":true,"href":"https:\/\/snudifo37.fr\/index.php\/wp-json\/wp\/v2\/media\/3722"}],"wp:attachment":[{"href":"https:\/\/snudifo37.fr\/index.php\/wp-json\/wp\/v2\/media?parent=3718"}],"wp:term":[{"taxonomy":"category","embeddable":true,"href":"https:\/\/snudifo37.fr\/index.php\/wp-json\/wp\/v2\/categories?post=3718"},{"taxonomy":"post_tag","embeddable":true,"href":"https:\/\/snudifo37.fr\/index.php\/wp-json\/wp\/v2\/tags?post=3718"}],"curies":[{"name":"wp","href":"https:\/\/api.w.org\/{rel}","templated":true}]}}